{"id":91984,"date":"2025-07-03T12:31:47","date_gmt":"2025-07-03T15:31:47","guid":{"rendered":"https:\/\/noticiasbahia360.com.br\/?p=91984"},"modified":"2025-07-03T12:31:47","modified_gmt":"2025-07-03T15:31:47","slug":"cha-de-hortela-para-coceira-na-cabeca-alivio-em-apenas-2-dias","status":"publish","type":"post","link":"https:\/\/noticiasbahia360.com.br\/?p=91984","title":{"rendered":"Ch\u00e1 de hortel\u00e3 para coceira na cabe\u00e7a: al\u00edvio em apenas 2 dias"},"content":{"rendered":"<div>\n<div>\n<figure><img decoding=\"async\" src=\"http:\/\/noticiasbahia360.com.br\/wp-content\/uploads\/2025\/07\/Cha-de-hortela-para-coceira-na-cabeca-alivio-em-apenas-2-dias-2.webp\" alt=\"Ch\u00e1 de hortel\u00e3 para coceira na cabe\u00e7a al\u00edvio em apenas 2 dias\"><figcaption>Ch\u00e1 de hortel\u00e3 para coceira na cabe\u00e7a al\u00edvio em apenas 2 dias<\/figcaption><\/figure>\n<\/div>\n<p>Duas noites mal dormidas, cabe\u00e7a co\u00e7ando sem parar e nenhum shampoo dava conta. Essa foi minha realidade at\u00e9 apostar numa solu\u00e7\u00e3o simples que minha av\u00f3 sempre defendia: o ch\u00e1 de hortel\u00e3. O que parecia s\u00f3 mais uma receita natural sem comprova\u00e7\u00e3o virou um al\u00edvio real \u2014 em dois dias, o inc\u00f4modo praticamente sumiu. O segredo? A\u00e7\u00e3o anti-inflamat\u00f3ria, refrescante e calmante, tudo direto da planta.<\/p>\n<h2 class=\"wp-block-heading\" id=\"h-como-o-cha-de-hortela-alivia-a-coceira-na-cabeca\">Como o ch\u00e1 de hortel\u00e3 alivia a coceira na cabe\u00e7a<\/h2>\n<p>A coceira no couro cabeludo pode ter v\u00e1rias causas: excesso de oleosidade, alergias, caspa, estresse ou at\u00e9 o ac\u00famulo de res\u00edduos de produtos. Nesses casos, o ch\u00e1 de hortel\u00e3 atua como um t\u00f4nico natural, oferecendo al\u00edvio quase imediato. O mentol, principal composto da hortel\u00e3, tem a\u00e7\u00e3o analg\u00e9sica e vasodilatadora, ajudando a reduzir a irrita\u00e7\u00e3o da pele e a melhorar a circula\u00e7\u00e3o na regi\u00e3o.<\/p>\n<p>Al\u00e9m disso, a planta tem propriedades antif\u00fangicas e antibacterianas que ajudam a combater poss\u00edveis micro-organismos respons\u00e1veis pela coceira. A sensa\u00e7\u00e3o de frescor tamb\u00e9m reduz aquela vontade de co\u00e7ar \u2014 o que impede ainda mais les\u00f5es na pele.<\/p>\n<h2 class=\"wp-block-heading\" id=\"h-como-preparar-o-cha-de-hortela-para-uso-capilar\">Como preparar o ch\u00e1 de hortel\u00e3 para uso capilar<\/h2>\n<p>Para uso no couro cabeludo, a prepara\u00e7\u00e3o \u00e9 diferente daquela feita para beber. O ideal \u00e9 que a infus\u00e3o seja mais concentrada. Veja o passo a passo:<\/p>\n<ol class=\"wp-block-list\">\n<li>Ferva 500 ml de \u00e1gua filtrada.<\/li>\n<li>Desligue o fogo e adicione um punhado generoso de folhas frescas de hortel\u00e3 (ou 2 colheres de sopa da vers\u00e3o seca).<\/li>\n<li>Tampe e deixe em infus\u00e3o por 15 minutos.<\/li>\n<li>Coe e espere esfriar completamente antes de aplicar.<\/li>\n<\/ol>\n<p>Voc\u00ea pode armazenar o ch\u00e1 na geladeira por at\u00e9 tr\u00eas dias. Use sempre frio, pois isso intensifica o efeito calmante.<\/p>\n<h2 class=\"wp-block-heading\" id=\"h-formas-de-aplicar-o-cha-de-hortela-no-couro-cabeludo\">Formas de aplicar o ch\u00e1 de hortel\u00e3 no couro cabeludo<\/h2>\n<p>H\u00e1 duas formas principais de uso: como \u00faltimo enx\u00e1gue ou como t\u00f4nico di\u00e1rio.<\/p>\n<p><strong>\u00daltimo enx\u00e1gue:<\/strong><br \/>Ap\u00f3s lavar os cabelos com shampoo e condicionador, despeje o ch\u00e1 de hortel\u00e3 diretamente no couro cabeludo, massageando com os dedos. N\u00e3o precisa enxaguar com \u00e1gua depois.<\/p>\n<p><strong>T\u00f4nico di\u00e1rio:<\/strong><br \/>Coloque o ch\u00e1 num borrifador e aplique diretamente na raiz dos cabelos, uma ou duas vezes ao dia. Massageie com movimentos circulares por alguns minutos.<\/p>\n<h2 class=\"wp-block-heading\" id=\"h-em-quanto-tempo-o-alivio-aparece\">Em quanto tempo o al\u00edvio aparece?<\/h2>\n<p>A maioria das pessoas relata melhora j\u00e1 no primeiro dia, especialmente na sensa\u00e7\u00e3o de frescor e al\u00edvio da coceira. No meu caso, foi no segundo dia que percebi uma redu\u00e7\u00e3o consider\u00e1vel no inc\u00f4modo. Com cinco dias de uso, a coceira tinha sumido por completo.<\/p>\n<p>Vale lembrar que, se o problema persistir por mais de uma semana mesmo com o uso do ch\u00e1, \u00e9 importante procurar um dermatologista para investigar causas mais s\u00e9rias.<\/p>\n<h2 class=\"wp-block-heading\" id=\"h-posso-usar-hortela-industrializado\">Posso usar hortel\u00e3 industrializado?<\/h2>\n<p>Apesar da praticidade, o hortel\u00e3 desidratado vendido em saquinhos de ch\u00e1 n\u00e3o tem a mesma pot\u00eancia que a folha fresca. Se poss\u00edvel, opte sempre pela vers\u00e3o natural, seja comprando em feiras ou cultivando em casa. A hortel\u00e3 cresce bem em vasos e exige pouca manuten\u00e7\u00e3o.<\/p>\n<p>Outra dica: evite usar ess\u00eancias ou \u00f3leos de hortel\u00e3 industrializados diretamente no couro cabeludo, pois podem causar irrita\u00e7\u00e3o se n\u00e3o forem dilu\u00eddos corretamente.<\/p>\n<h2 class=\"wp-block-heading\" id=\"h-outros-beneficios-do-cha-de-hortela-para-o-cabelo\">Outros benef\u00edcios do ch\u00e1 de hortel\u00e3 para o cabelo<\/h2>\n<p>Al\u00e9m de combater a coceira, o ch\u00e1 de hortel\u00e3 ajuda a controlar a oleosidade, reduz a caspa leve e melhora a circula\u00e7\u00e3o sangu\u00ednea na raiz dos fios, o que pode contribuir para o crescimento capilar. Muitos relatos indicam que, com o uso regular, o couro cabeludo fica mais equilibrado e saud\u00e1vel.<\/p>\n<p>Isso acontece porque o mentol ativa os fol\u00edculos pilosos, estimula os vasos sangu\u00edneos e ajuda a regular a produ\u00e7\u00e3o de sebo. Tudo isso cria um ambiente mais prop\u00edcio ao nascimento de fios fortes.<\/p>\n<h2 class=\"wp-block-heading\" id=\"h-quem-deve-evitar-esse-tipo-de-tratamento\">Quem deve evitar esse tipo de tratamento<\/h2>\n<p>Embora natural, o ch\u00e1 de hortel\u00e3 pode n\u00e3o ser indicado para todos. Pessoas com hist\u00f3rico de alergia \u00e0 planta ou pele muito sens\u00edvel devem fazer um teste antes de usar: aplique um pouco do ch\u00e1 atr\u00e1s da orelha e aguarde 24 horas. Se n\u00e3o houver rea\u00e7\u00e3o, est\u00e1 liberado.<\/p>\n<p>Gr\u00e1vidas, lactantes e crian\u00e7as pequenas tamb\u00e9m devem consultar um m\u00e9dico antes de aplicar qualquer subst\u00e2ncia no couro cabeludo.<\/p>\n<figure class=\"wp-block-image size-large\"><img fetchpriority=\"high\" data-dominant-color=\"ac8d6e\" data-has-transparency=\"false\" style=\"--dominant-color: #ac8d6e;\" fetchpriority=\"high\" decoding=\"async\" width=\"1152\" height=\"768\" sizes=\"(max-width: 1152px) 100vw, 1152px\" src=\"http:\/\/noticiasbahia360.com.br\/wp-content\/uploads\/2025\/07\/Cha-de-hortela-para-coceira-na-cabeca-alivio-em-apenas-2-dias-1-1152x768-1.webp\" alt=\"Ch\u00e1 de hortel\u00e3 para coceira na cabe\u00e7a al\u00edvio em apenas 2 dias\" class=\"wp-image-571166 not-transparent\" srcset=\"https:\/\/uploads.acordacidade.com.br\/2025\/07\/Cha-de-hortela-para-coceira-na-cabeca-alivio-em-apenas-2-dias-1-548x365.webp 548w, http:\/\/noticiasbahia360.com.br\/wp-content\/uploads\/2025\/07\/Cha-de-hortela-para-coceira-na-cabeca-alivio-em-apenas-2-dias-1-1152x768-1.webp 1152w, https:\/\/uploads.acordacidade.com.br\/2025\/07\/Cha-de-hortela-para-coceira-na-cabeca-alivio-em-apenas-2-dias-1-830x553.webp 830w, https:\/\/uploads.acordacidade.com.br\/2025\/07\/Cha-de-hortela-para-coceira-na-cabeca-alivio-em-apenas-2-dias-1-150x100.webp 150w, https:\/\/uploads.acordacidade.com.br\/2025\/07\/Cha-de-hortela-para-coceira-na-cabeca-alivio-em-apenas-2-dias-1.webp 1536w\"><figcaption class=\"wp-element-caption\">Ch\u00e1 de hortel\u00e3 para coceira na cabe\u00e7a al\u00edvio em apenas 2 dias<\/figcaption><\/figure>\n<h2 class=\"wp-block-heading\" id=\"h-da-para-combinar-com-outros-tratamentos\">D\u00e1 para combinar com outros tratamentos?<\/h2>\n<p>Sim, e isso \u00e9 um dos maiores pontos positivos do ch\u00e1 de hortel\u00e3. Ele pode ser usado junto com shampoos anticaspa, m\u00e1scaras hidratantes e at\u00e9 \u00f3leos vegetais, como o de alecrim e jojoba. O ideal \u00e9 que o ch\u00e1 entre como um complemento leve e di\u00e1rio, e n\u00e3o substitua tratamentos m\u00e9dicos prescritos.<\/p>\n<p>Se estiver usando um shampoo dermatol\u00f3gico, por exemplo, use o ch\u00e1 como \u00faltimo enx\u00e1gue. J\u00e1 se estiver apenas hidratando, aplique o ch\u00e1 entre lavagens, como um t\u00f4nico natural.<\/p>\n<h2 class=\"wp-block-heading\" id=\"h-o-poder-das-solucoes-simples\">O poder das solu\u00e7\u00f5es simples<\/h2>\n<p>Na era dos cosm\u00e9ticos car\u00edssimos e das promessas milagrosas, o ch\u00e1 de hortel\u00e3 surge como um lembrete poderoso: \u00e0s vezes, a resposta est\u00e1 no b\u00e1sico. Um punhado de folhas, \u00e1gua fervente e alguns minutos de cuidado s\u00e3o suficientes para devolver o conforto ao couro cabeludo e a leveza aos seus dias.<\/p>\n<\/div>\n","protected":false},"excerpt":{"rendered":"<div>\n<div>\n<figure><img decoding=\"async\" src=\"https:\/\/uploads.acordacidade.com.br\/2025\/07\/Cha-de-hortela-para-coceira-na-cabeca-alivio-em-apenas-2-dias-2.webp\" alt=\"Ch\u00e1 de hortel\u00e3 para coceira na cabe\u00e7a al\u00edvio em apenas 2 dias\"><figcaption>Ch\u00e1 de hortel\u00e3 para coceira na cabe\u00e7a al\u00edvio em apenas 2 dias<\/figcaption><\/figure>\n<\/div>\n<p>Descubra como o ch\u00e1 de hortel\u00e3 alivia coceira na cabe\u00e7a de forma natural em apenas dois dias e devolve o bem-estar.<\/p><\/div>\n","protected":false},"author":1,"featured_media":91985,"comment_status":"closed","ping_status":"closed","sticky":false,"template":"","format":"gallery","meta":{"footnotes":""},"categories":[8,9,6,57,56,10],"tags":[],"class_list":["post-91984","post","type-post","status-publish","format-gallery","has-post-thumbnail","hentry","category-bahia","category-brasil","category-feira-de-santana","category-mundo","category-policia","category-politica","post_format-post-format-gallery"],"featured_image_urls":{"full":["https:\/\/noticiasbahia360.com.br\/wp-content\/uploads\/2025\/07\/Cha-de-hortela-para-coceira-na-cabeca-alivio-em-apenas-2-dias-2.webp",1536,1024,false],"thumbnail":["https:\/\/noticiasbahia360.com.br\/wp-content\/uploads\/2025\/07\/Cha-de-hortela-para-coceira-na-cabeca-alivio-em-apenas-2-dias-2-150x150.webp",150,150,true],"medium":["https:\/\/noticiasbahia360.com.br\/wp-content\/uploads\/2025\/07\/Cha-de-hortela-para-coceira-na-cabeca-alivio-em-apenas-2-dias-2-300x200.webp",300,200,true],"medium_large":["https:\/\/noticiasbahia360.com.br\/wp-content\/uploads\/2025\/07\/Cha-de-hortela-para-coceira-na-cabeca-alivio-em-apenas-2-dias-2-768x512.webp",640,427,true],"large":["https:\/\/noticiasbahia360.com.br\/wp-content\/uploads\/2025\/07\/Cha-de-hortela-para-coceira-na-cabeca-alivio-em-apenas-2-dias-2-1024x683.webp",640,427,true],"1536x1536":["https:\/\/noticiasbahia360.com.br\/wp-content\/uploads\/2025\/07\/Cha-de-hortela-para-coceira-na-cabeca-alivio-em-apenas-2-dias-2.webp",1536,1024,false],"2048x2048":["https:\/\/noticiasbahia360.com.br\/wp-content\/uploads\/2025\/07\/Cha-de-hortela-para-coceira-na-cabeca-alivio-em-apenas-2-dias-2.webp",1536,1024,false],"chromenews-featured":["https:\/\/noticiasbahia360.com.br\/wp-content\/uploads\/2025\/07\/Cha-de-hortela-para-coceira-na-cabeca-alivio-em-apenas-2-dias-2-1024x683.webp",1024,683,true],"chromenews-large":["https:\/\/noticiasbahia360.com.br\/wp-content\/uploads\/2025\/07\/Cha-de-hortela-para-coceira-na-cabeca-alivio-em-apenas-2-dias-2-825x575.webp",825,575,true],"chromenews-medium":["https:\/\/noticiasbahia360.com.br\/wp-content\/uploads\/2025\/07\/Cha-de-hortela-para-coceira-na-cabeca-alivio-em-apenas-2-dias-2-590x410.webp",590,410,true]},"author_info":{"display_name":"noticiasbahia360.com.br","author_link":"https:\/\/noticiasbahia360.com.br\/?author=1"},"category_info":"<a href=\"https:\/\/noticiasbahia360.com.br\/?cat=8\" rel=\"category\">Bahia<\/a> <a href=\"https:\/\/noticiasbahia360.com.br\/?cat=9\" rel=\"category\">Brasil<\/a> <a href=\"https:\/\/noticiasbahia360.com.br\/?cat=6\" rel=\"category\">Feira de Santana<\/a> <a href=\"https:\/\/noticiasbahia360.com.br\/?cat=57\" rel=\"category\">Mundo<\/a> <a href=\"https:\/\/noticiasbahia360.com.br\/?cat=56\" rel=\"category\">Pol\u00edcia<\/a> <a href=\"https:\/\/noticiasbahia360.com.br\/?cat=10\" rel=\"category\">Pol\u00edtica<\/a>","tag_info":"Pol\u00edtica","comment_count":"0","_links":{"self":[{"href":"https:\/\/noticiasbahia360.com.br\/index.php?rest_route=\/wp\/v2\/posts\/91984","targetHints":{"allow":["GET"]}}],"collection":[{"href":"https:\/\/noticiasbahia360.com.br\/index.php?rest_route=\/wp\/v2\/posts"}],"about":[{"href":"https:\/\/noticiasbahia360.com.br\/index.php?rest_route=\/wp\/v2\/types\/post"}],"author":[{"embeddable":true,"href":"https:\/\/noticiasbahia360.com.br\/index.php?rest_route=\/wp\/v2\/users\/1"}],"replies":[{"embeddable":true,"href":"https:\/\/noticiasbahia360.com.br\/index.php?rest_route=%2Fwp%2Fv2%2Fcomments&post=91984"}],"version-history":[{"count":0,"href":"https:\/\/noticiasbahia360.com.br\/index.php?rest_route=\/wp\/v2\/posts\/91984\/revisions"}],"wp:featuredmedia":[{"embeddable":true,"href":"https:\/\/noticiasbahia360.com.br\/index.php?rest_route=\/wp\/v2\/media\/91985"}],"wp:attachment":[{"href":"https:\/\/noticiasbahia360.com.br\/index.php?rest_route=%2Fwp%2Fv2%2Fmedia&parent=91984"}],"wp:term":[{"taxonomy":"category","embeddable":true,"href":"https:\/\/noticiasbahia360.com.br\/index.php?rest_route=%2Fwp%2Fv2%2Fcategories&post=91984"},{"taxonomy":"post_tag","embeddable":true,"href":"https:\/\/noticiasbahia360.com.br\/index.php?rest_route=%2Fwp%2Fv2%2Ftags&post=91984"}],"curies":[{"name":"wp","href":"https:\/\/api.w.org\/{rel}","templated":true}]}}