{"id":91992,"date":"2025-07-03T14:35:17","date_gmt":"2025-07-03T17:35:17","guid":{"rendered":"https:\/\/noticiasbahia360.com.br\/?p=91992"},"modified":"2025-07-03T14:35:17","modified_gmt":"2025-07-03T17:35:17","slug":"descarte-irregular-de-lixo-e-canal-de-esgoto-geram-transtornos-no-bairro-olhos-dagua","status":"publish","type":"post","link":"https:\/\/noticiasbahia360.com.br\/?p=91992","title":{"rendered":"Descarte irregular de lixo e canal de esgoto geram transtornos no bairro Olhos D\u2019\u00c1gua"},"content":{"rendered":"<div>\n<div>\n<figure><img decoding=\"async\" src=\"http:\/\/noticiasbahia360.com.br\/wp-content\/uploads\/2025\/07\/lixocanal_araujopinho_foto_paulojose_acordacidade_1.jpg\" alt=\"Descarte de lixo pr\u00f3ximo ao canal da Rua Ara\u00fajo Pinho\"><figcaption>Foto: Paulo Jos\u00e9<\/figcaption><\/figure>\n<\/div>\n<p>Moradores do <a href=\"https:\/\/www.acordacidade.com.br\/tag\/bairro-olhos-dagua\/\">bairro Olhos D\u2019\u00c1gua<\/a> solicitaram a presen\u00e7a do Acorda Cidade para falarem sobre um problema que afeta negativamente a comunidade. O descarte irregular de lixo em pontos da Rua Dr. Ara\u00fajo Pinho e das ruas adjacentes. No local a polui\u00e7\u00e3o visual e o odor ruim chamam aten\u00e7\u00e3o para o problema.<\/p>\n<p>A diarista Jaci Teixeira dos Santos reside no bairro, na Rua Felipe Camar\u00e3o, via pr\u00f3xima \u00e0 Dr. Ara\u00fajo Pinho h\u00e1 12 anos. Ela explica que o lugar est\u00e1 sempre sujo, e at\u00e9 cad\u00e1veres de animais s\u00e3o descartados em locais inapropriados.<\/p>\n<p>\u201cO povo joga lixo, joga animal morto, \u00e9 o descaso, a rede de esgoto sempre volta e meia est\u00e1 estourando. Faz descarte de lixo em qualquer lugar aqui mesmo. Tem dia que tem bicho morto, tem animal, tem cavalo solto por aqui, aqui anda meio mundo de cachorro, o povo passa correndo, atropelando os animais e tudo\u201d.<\/p>\n<figure class=\"wp-block-image size-full\"><img fetchpriority=\"high\" data-dominant-color=\"706f69\" data-has-transparency=\"false\" style=\"--dominant-color: #706f69;\" fetchpriority=\"high\" decoding=\"async\" width=\"1200\" height=\"554\" sizes=\"(max-width: 1200px) 100vw, 1200px\" src=\"http:\/\/noticiasbahia360.com.br\/wp-content\/uploads\/2025\/07\/lixocanal_araujopinho_foto_paulojose_acordacidade_2.jpg\" alt=\"Descarte de lixo pr\u00f3ximo ao canal da Rua Ara\u00fajo Pinho\" class=\"wp-image-571058 not-transparent\" srcset=\"https:\/\/uploads.acordacidade.com.br\/2025\/07\/lixocanal_araujopinho_foto_paulojose_acordacidade_2-648x299.jpg 648w, https:\/\/uploads.acordacidade.com.br\/2025\/07\/lixocanal_araujopinho_foto_paulojose_acordacidade_2-984x454.jpg 984w, https:\/\/uploads.acordacidade.com.br\/2025\/07\/lixocanal_araujopinho_foto_paulojose_acordacidade_2-150x69.jpg 150w, http:\/\/noticiasbahia360.com.br\/wp-content\/uploads\/2025\/07\/lixocanal_araujopinho_foto_paulojose_acordacidade_2.jpg 1200w\"><figcaption class=\"wp-element-caption\">Foto: Paulo Jos\u00e9<\/figcaption><\/figure>\n<p>Para a moradora falta conscientiza\u00e7\u00e3o da popula\u00e7\u00e3o e uma fiscaliza\u00e7\u00e3o mais intensa da prefeitura para conter esses descartes ilegais.<\/p>\n<p>\u201cA comunidade precisa colaborar com a limpeza p\u00fablica, at\u00e9 porque aqui \u00e9 um meio que muita gente passa, praticamente \u00e9 um centro da cidade.\u201d, explicou.<\/p>\n<h2 class=\"wp-block-heading\" id=\"h-canal-da-rua-dr-araujo-pinho\">Canal da Rua Dr. Ara\u00fajo Pinho<\/h2>\n<p>Na Rua Dr. Ara\u00fajo Pinho, o morador Elias Junior tamb\u00e9m deixou seu relato sobre a situa\u00e7\u00e3o. Ele explicou que a Secretaria Municipal de Servi\u00e7os P\u00fablicos (Sesp) costuma limpar normalmente, mas as pessoas n\u00e3o param de descartar o lixo de forma inadequada.<\/p>\n<p>\u201cEstamos aqui para reivindicar mais uma vez. A prefeitura tem dado at\u00e9 uma aten\u00e7\u00e3o aqui na limpeza, mas o pessoal continua vindo jogar lixo\u201d.<\/p>\n<figure class=\"wp-block-image size-full\"><img data-dominant-color=\"817c76\" data-has-transparency=\"false\" style=\"--dominant-color: #817c76;\" decoding=\"async\" width=\"1200\" height=\"554\" sizes=\"(max-width: 1200px) 100vw, 1200px\" src=\"http:\/\/noticiasbahia360.com.br\/wp-content\/uploads\/2025\/07\/lixocanal_araujopinho_foto_paulojose_acordacidade.jpg\" alt=\"Elias J\u00fanior, morador da Rua Ara\u00fajo Pinho\" class=\"wp-image-571061 not-transparent\" srcset=\"https:\/\/uploads.acordacidade.com.br\/2025\/07\/lixocanal_araujopinho_foto_paulojose_acordacidade-648x299.jpg 648w, https:\/\/uploads.acordacidade.com.br\/2025\/07\/lixocanal_araujopinho_foto_paulojose_acordacidade-984x454.jpg 984w, https:\/\/uploads.acordacidade.com.br\/2025\/07\/lixocanal_araujopinho_foto_paulojose_acordacidade-150x69.jpg 150w, http:\/\/noticiasbahia360.com.br\/wp-content\/uploads\/2025\/07\/lixocanal_araujopinho_foto_paulojose_acordacidade.jpg 1200w\"><figcaption class=\"wp-element-caption\">Elias J\u00fanior, morador \u2013 Foto: Paulo Jos\u00e9<\/figcaption><\/figure>\n<p>Um dos locais mais afetados \u00e9 pr\u00f3ximo ao canal onde passa um esgoto a c\u00e9u aberto que fica na Rua Dr. Ara\u00fajo Pinho, pr\u00f3ximo inclusive ao Casar\u00e3o Olhos D\u2019\u00c1gua. Segundo Elias, a comunidade fez uma solicita\u00e7\u00e3o pra que o lugar se torne um espa\u00e7o de lazer, beneficiando a comunidade e evitando assim o ac\u00famulo de sujeira.<\/p>\n<p>\u201cA gente fez um of\u00edcio encaminhado \u00e0 prefeitura para que essa \u00e1rea possa ser utilizada como \u00e1rea de lazer. Foi enviada para a Secretaria de Esporte Cultura e Lazer, pra fazer uma pracinha, um campo de futebol, j\u00e1 que n\u00e3o tem uma de lazer aqui\u201d.<\/p>\n<figure class=\"wp-block-image size-full\"><img data-dominant-color=\"82837e\" data-has-transparency=\"false\" style=\"--dominant-color: #82837e;\" decoding=\"async\" width=\"1200\" height=\"554\" sizes=\"(max-width: 1200px) 100vw, 1200px\" src=\"http:\/\/noticiasbahia360.com.br\/wp-content\/uploads\/2025\/07\/lixocanal_araujopinho_foto_paulojose_acordacidade_.jpg\" alt=\"Descarte de lixo pr\u00f3ximo ao canal da Rua Ara\u00fajo Pinho\" class=\"wp-image-571060 not-transparent\" srcset=\"https:\/\/uploads.acordacidade.com.br\/2025\/07\/lixocanal_araujopinho_foto_paulojose_acordacidade_-648x299.jpg 648w, https:\/\/uploads.acordacidade.com.br\/2025\/07\/lixocanal_araujopinho_foto_paulojose_acordacidade_-984x454.jpg 984w, https:\/\/uploads.acordacidade.com.br\/2025\/07\/lixocanal_araujopinho_foto_paulojose_acordacidade_-150x69.jpg 150w, http:\/\/noticiasbahia360.com.br\/wp-content\/uploads\/2025\/07\/lixocanal_araujopinho_foto_paulojose_acordacidade_.jpg 1200w\"><figcaption class=\"wp-element-caption\">Foto: Paulo Jos\u00e9<\/figcaption><\/figure>\n<p>Outro ponto relatado pelos moradores \u00e9 sobre a pavimenta\u00e7\u00e3o das Alamedas 4 e 6, que segundo Elias j\u00e1 existe um projeto para isso, mas ainda n\u00e3o foi executado.\u00a0Al\u00e9m disso os moradores pedem o fechamento do canal para evitar riscos relacionados a sa\u00fade e acidentes.<\/p>\n<p>\u201cTem um projeto j\u00e1 na Soma, desde 2021, esse projeto est\u00e1 parado, a Soma n\u00e3o executou essa obra. Porque precisa tampar aqui esse canal, e tem esse buraco na Ara\u00fajo Pinho de frente ao canal que um carro pode se perder aqui e cair l\u00e1 no canal e acontecer uma trag\u00e9dia.\u201d, relatou o morador.<\/p>\n<p>Com o canal aberto e a popula\u00e7\u00e3o jogando lixo no local, aumentam as chances de problemas com alagamentos e locomo\u00e7\u00e3o na \u00e9poca de chuva.<\/p>\n<p>\u201c\u00c9 essa quest\u00e3o, entope o canal e vem as enchentes, per\u00edodo de chuva, a gente sabe, o pessoal vai jogando lixo e vai para dentro do canal. Isso a cria um problema muito grave aqui at\u00e9 para as casas que ficam ao redor aqui em torno os moradores convivem com essa situa\u00e7\u00e3o\u201d.<\/p>\n<p>Para finalizar, o morador tamb\u00e9m faz um apelo a uma situa\u00e7\u00e3o que segundo ele tamb\u00e9m j\u00e1 foi solicitada ao poder p\u00fablico. A abertura de passagem na rua A que encontra-se fechada.<\/p>\n<p>\u201cA Rua A, que fica ali em frente ao Casar\u00e3o, trecho entre a Rua Senador Quintino e a Rua Vasco Filho. A rua se encontra cercada, j\u00e1 foi desde a gest\u00e3o passada autorizada para a Soma fazer essa abertura. Em abril, j\u00e1 conversamos com o prefeito, mas at\u00e9 hoje, tr\u00eas meses, se encontra da mesma forma.\u201d concluiu, Elias.<\/p>\n<p>O Acorda Cidade entrou em contato com a Sesp e a Soma para solicitar posicionamento sobre as situa\u00e7\u00f5es relatadas e aguarda retorno.<\/p>\n<p><em>Com informa\u00e7\u00f5es do rep\u00f3rter Paulo Jos\u00e9 do Acorda Cidade<\/em><\/p>\n<p><em>Siga o Acorda Cidade no<\/em><a href=\"https:\/\/news.google.com\/search?q=acorda%20cidade&amp;hl=pt-BR&amp;gl=BR&amp;ceid=BR%3Apt-419\"><strong><em> Google Not\u00edcias<\/em><\/strong><\/a><em> e receba os principais destaques do dia. Participe tamb\u00e9m dos nossos canais no <\/em><a href=\"https:\/\/whatsapp.com\/channel\/0029Va6Rb4v3WHTNnsh8WI3N\"><strong><em>WhatsApp<\/em><\/strong><\/a><em> e <\/em><a href=\"https:\/\/www.youtube.com\/@acordacidadenoticias\/videos\"><strong>Youtube<\/strong><\/a><em> e grupo de <\/em><a href=\"https:\/\/t.me\/+sSz0khrgARA0ZmRh\"><strong><em>Telegram<\/em><\/strong><\/a><em>.<\/em><\/p>\n<\/div>\n","protected":false},"excerpt":{"rendered":"<div>\n<div>\n<figure><img decoding=\"async\" src=\"https:\/\/uploads.acordacidade.com.br\/2025\/07\/lixocanal_araujopinho_foto_paulojose_acordacidade_1.jpg\" alt=\"Descarte de lixo pr\u00f3ximo ao canal da Rua Ara\u00fajo Pinho\"><figcaption>Foto: Paulo Jos\u00e9<\/figcaption><\/figure>\n<\/div>\n<p>Moradores cobram o fechamento do canal e a cria\u00e7\u00e3o de uma \u00e1rea de lazer no local<\/p><\/div>\n","protected":false},"author":1,"featured_media":91993,"comment_status":"closed","ping_status":"closed","sticky":false,"template":"","format":"gallery","meta":{"footnotes":""},"categories":[8,9,6,57,56,10],"tags":[],"class_list":["post-91992","post","type-post","status-publish","format-gallery","has-post-thumbnail","hentry","category-bahia","category-brasil","category-feira-de-santana","category-mundo","category-policia","category-politica","post_format-post-format-gallery"],"featured_image_urls":{"full":["https:\/\/noticiasbahia360.com.br\/wp-content\/uploads\/2025\/07\/lixocanal_araujopinho_foto_paulojose_acordacidade_1.jpg",1200,554,false],"thumbnail":["https:\/\/noticiasbahia360.com.br\/wp-content\/uploads\/2025\/07\/lixocanal_araujopinho_foto_paulojose_acordacidade_1-150x150.jpg",150,150,true],"medium":["https:\/\/noticiasbahia360.com.br\/wp-content\/uploads\/2025\/07\/lixocanal_araujopinho_foto_paulojose_acordacidade_1-300x139.jpg",300,139,true],"medium_large":["https:\/\/noticiasbahia360.com.br\/wp-content\/uploads\/2025\/07\/lixocanal_araujopinho_foto_paulojose_acordacidade_1-768x355.jpg",640,296,true],"large":["https:\/\/noticiasbahia360.com.br\/wp-content\/uploads\/2025\/07\/lixocanal_araujopinho_foto_paulojose_acordacidade_1-1024x473.jpg",640,296,true],"1536x1536":["https:\/\/noticiasbahia360.com.br\/wp-content\/uploads\/2025\/07\/lixocanal_araujopinho_foto_paulojose_acordacidade_1.jpg",1200,554,false],"2048x2048":["https:\/\/noticiasbahia360.com.br\/wp-content\/uploads\/2025\/07\/lixocanal_araujopinho_foto_paulojose_acordacidade_1.jpg",1200,554,false],"chromenews-featured":["https:\/\/noticiasbahia360.com.br\/wp-content\/uploads\/2025\/07\/lixocanal_araujopinho_foto_paulojose_acordacidade_1-1024x473.jpg",1024,473,true],"chromenews-large":["https:\/\/noticiasbahia360.com.br\/wp-content\/uploads\/2025\/07\/lixocanal_araujopinho_foto_paulojose_acordacidade_1-825x554.jpg",825,554,true],"chromenews-medium":["https:\/\/noticiasbahia360.com.br\/wp-content\/uploads\/2025\/07\/lixocanal_araujopinho_foto_paulojose_acordacidade_1-590x410.jpg",590,410,true]},"author_info":{"display_name":"noticiasbahia360.com.br","author_link":"https:\/\/noticiasbahia360.com.br\/?author=1"},"category_info":"<a href=\"https:\/\/noticiasbahia360.com.br\/?cat=8\" rel=\"category\">Bahia<\/a> <a href=\"https:\/\/noticiasbahia360.com.br\/?cat=9\" rel=\"category\">Brasil<\/a> <a href=\"https:\/\/noticiasbahia360.com.br\/?cat=6\" rel=\"category\">Feira de Santana<\/a> <a href=\"https:\/\/noticiasbahia360.com.br\/?cat=57\" rel=\"category\">Mundo<\/a> <a href=\"https:\/\/noticiasbahia360.com.br\/?cat=56\" rel=\"category\">Pol\u00edcia<\/a> <a href=\"https:\/\/noticiasbahia360.com.br\/?cat=10\" rel=\"category\">Pol\u00edtica<\/a>","tag_info":"Pol\u00edtica","comment_count":"0","_links":{"self":[{"href":"https:\/\/noticiasbahia360.com.br\/index.php?rest_route=\/wp\/v2\/posts\/91992","targetHints":{"allow":["GET"]}}],"collection":[{"href":"https:\/\/noticiasbahia360.com.br\/index.php?rest_route=\/wp\/v2\/posts"}],"about":[{"href":"https:\/\/noticiasbahia360.com.br\/index.php?rest_route=\/wp\/v2\/types\/post"}],"author":[{"embeddable":true,"href":"https:\/\/noticiasbahia360.com.br\/index.php?rest_route=\/wp\/v2\/users\/1"}],"replies":[{"embeddable":true,"href":"https:\/\/noticiasbahia360.com.br\/index.php?rest_route=%2Fwp%2Fv2%2Fcomments&post=91992"}],"version-history":[{"count":0,"href":"https:\/\/noticiasbahia360.com.br\/index.php?rest_route=\/wp\/v2\/posts\/91992\/revisions"}],"wp:featuredmedia":[{"embeddable":true,"href":"https:\/\/noticiasbahia360.com.br\/index.php?rest_route=\/wp\/v2\/media\/91993"}],"wp:attachment":[{"href":"https:\/\/noticiasbahia360.com.br\/index.php?rest_route=%2Fwp%2Fv2%2Fmedia&parent=91992"}],"wp:term":[{"taxonomy":"category","embeddable":true,"href":"https:\/\/noticiasbahia360.com.br\/index.php?rest_route=%2Fwp%2Fv2%2Fcategories&post=91992"},{"taxonomy":"post_tag","embeddable":true,"href":"https:\/\/noticiasbahia360.com.br\/index.php?rest_route=%2Fwp%2Fv2%2Ftags&post=91992"}],"curies":[{"name":"wp","href":"https:\/\/api.w.org\/{rel}","templated":true}]}}