{"id":91997,"date":"2025-07-03T15:10:27","date_gmt":"2025-07-03T18:10:27","guid":{"rendered":"https:\/\/noticiasbahia360.com.br\/?p=91997"},"modified":"2025-07-03T15:10:27","modified_gmt":"2025-07-03T18:10:27","slug":"bye-bye-sao-joao-forro-da-sevul-realiza-arrasta-pe-solidario-com-mais-de-7h-de-festa-ingressos-a-venda","status":"publish","type":"post","link":"https:\/\/noticiasbahia360.com.br\/?p=91997","title":{"rendered":"Bye Bye S\u00e3o Jo\u00e3o: Forr\u00f3 da Sevul realiza arrasta-p\u00e9 solid\u00e1rio com mais de 7h de festa; ingressos \u00e0 venda"},"content":{"rendered":"<div>\n<div>\n<figure><img decoding=\"async\" src=\"http:\/\/noticiasbahia360.com.br\/wp-content\/uploads\/2025\/07\/Forro-da-Sevul-.webp\" alt=\"Forr\u00f3 da Sevul\"><figcaption>Foto: Divulga\u00e7\u00e3o<\/figcaption><\/figure>\n<\/div>\n<p>O clima dos <a href=\"https:\/\/www.acordacidade.com.br\/tag\/festejos-juninos\/\">festejos juninos<\/a> ainda n\u00e3o foi embora com a partida do m\u00eas de junho. O 4\u00ba Forr\u00f3 da Sevul chega no pr\u00f3ximo s\u00e1bado, dia 5 de julho, para ningu\u00e9m ficar com saudades e com uma miss\u00e3o ainda melhor: ajudar o Lar de Idosos Francisco de Assis. Ser\u00e3o mais de 7h de festa, com direito a v\u00e1rios artistas que devem animar o p\u00fablico. O <strong>Bye Bye S\u00e3o Jo\u00e3o <\/strong>acontece na loja Ma\u00e7\u00f4nica Estrela da Paz, localizada no bairro Bras\u00edlia, das 12h at\u00e9 \u00e0s 19h.\u00a0\u00a0<\/p>\n<p>Quem vai trazer muito arrasta-p\u00e9 para a festa s\u00e3o os cantores Pititiu, Adriano Cruz e Mimiro. Apresenta\u00e7\u00f5es culturais tamb\u00e9m n\u00e3o v\u00e3o faltar com o Grupo Caras Pintadas. <strong>Os ingressos j\u00e1 est\u00e3o sendo vendidos na sede da Sociedade de Estudos Esp\u00edritas Feirenses (Seef), no bairro Ponto Central. A mesa com 4 cadeiras custa R$ 100 e o ingresso individual sai por R$ 30.<\/strong><\/p>\n<p>O evento tamb\u00e9m vai trazer a culin\u00e1ria nordestina com diversos pratos t\u00edpicos da \u00e9poca, al\u00e9m de mani\u00e7oba, feijoada e churrasquinho. <strong>Cada prato custa apenas R$ 20.\u00a0<\/strong><\/p>\n<p>Para convidar toda a sociedade de Feira de Santana, o presidente da Sevul, Jo\u00e3o Luiz e a volunt\u00e1ria Zuleica Maia participaram do Programa Acorda Cidade, da R\u00e1dio Sociedade News 102.1 FM na manh\u00e3 desta quinta-feira (3).\u00a0<\/p>\n<figure class=\"wp-block-image size-large\"><img fetchpriority=\"high\" data-dominant-color=\"59585f\" data-has-transparency=\"false\" style=\"--dominant-color: #59585f;\" fetchpriority=\"high\" decoding=\"async\" width=\"1132\" height=\"768\" sizes=\"(max-width: 1132px) 100vw, 1132px\" src=\"http:\/\/noticiasbahia360.com.br\/wp-content\/uploads\/2025\/07\/Joao-Luiz-e-Zuleica-Maia-1132x768-1.webp\" alt=\"Forr\u00f3 da Sevul\" class=\"wp-image-571083 not-transparent\" srcset=\"https:\/\/uploads.acordacidade.com.br\/2025\/07\/Joao-Luiz-e-Zuleica-Maia--538x365.webp 538w, http:\/\/noticiasbahia360.com.br\/wp-content\/uploads\/2025\/07\/Joao-Luiz-e-Zuleica-Maia-1132x768-1.webp 1132w, https:\/\/uploads.acordacidade.com.br\/2025\/07\/Joao-Luiz-e-Zuleica-Maia--815x553.webp 815w, https:\/\/uploads.acordacidade.com.br\/2025\/07\/Joao-Luiz-e-Zuleica-Maia--150x102.webp 150w, https:\/\/uploads.acordacidade.com.br\/2025\/07\/Joao-Luiz-e-Zuleica-Maia-.webp 1200w\"><figcaption class=\"wp-element-caption\">Foto: Iasmim Santos\/Acorda Cidade<\/figcaption><\/figure>\n<p>Promovido pela Sociedade Esp\u00edrita Luz Verdade Uni\u00e3o de Lustosa (Sevul), o forr\u00f3 era realizado pelo Conselho Regional lll, de Feira de Santana, mas depois foi assumido pela institui\u00e7\u00e3o religiosa desde 2022. A responsabilidade de organizar o Bye Bye S\u00e3o Jo\u00e3o veio a calhar porque a festa tamb\u00e9m tem o objetivo de ajudar a Sevul a manter as atividades solid\u00e1rias do dia a dia.<\/p>\n<p>\u201cJ\u00e1 \u00e9 o quarto forr\u00f3 que n\u00f3s fazemos para angariar recursos, porque n\u00f3s mantemos essa institui\u00e7\u00e3o que vem da funda\u00e7\u00e3o do senhor Evil\u00e1sio Menezes. Estamos dando continuidade. Come\u00e7ou primeiro com a nossa colega Zuleica e n\u00f3s estamos dando continuidade a essa entidade sem fim lucrativo, mas com o intuito de ajudar o pr\u00f3ximo\u201d, contou Jo\u00e3o Luiz.<\/p>\n<figure class=\"wp-block-image size-large\"><img data-dominant-color=\"544e54\" data-has-transparency=\"false\" style=\"--dominant-color: #544e54;\" decoding=\"async\" width=\"1135\" height=\"768\" sizes=\"(max-width: 1135px) 100vw, 1135px\" src=\"http:\/\/noticiasbahia360.com.br\/wp-content\/uploads\/2025\/07\/Joao-Luiz-ft-iasmim-santos-acorda-cidade-1135x768-1.webp\" alt=\"Forr\u00f3 da Sevul\" class=\"wp-image-571081 not-transparent\" srcset=\"https:\/\/uploads.acordacidade.com.br\/2025\/07\/Joao-Luiz-ft-iasmim-santos-acorda-cidade-539x365.webp 539w, http:\/\/noticiasbahia360.com.br\/wp-content\/uploads\/2025\/07\/Joao-Luiz-ft-iasmim-santos-acorda-cidade-1135x768-1.webp 1135w, https:\/\/uploads.acordacidade.com.br\/2025\/07\/Joao-Luiz-ft-iasmim-santos-acorda-cidade-817x553.webp 817w, https:\/\/uploads.acordacidade.com.br\/2025\/07\/Joao-Luiz-ft-iasmim-santos-acorda-cidade-150x102.webp 150w, https:\/\/uploads.acordacidade.com.br\/2025\/07\/Joao-Luiz-ft-iasmim-santos-acorda-cidade.webp 1200w\"><figcaption class=\"wp-element-caption\">Jo\u00e3o Luiz | Foto: Iasmim Santos\/Acorda Cidade<\/figcaption><\/figure>\n<p>Zuleica Maia explicou ao Acorda Cidade que antigamente era realizado um jantar para arrecadar recursos, mas com o tempo foi substitu\u00eddo pelo Bye Bye S\u00e3o Jo\u00e3o.\u00a0<\/p>\n<p>\u201cN\u00f3s fazemos rifas, antigamente com Evil\u00e1sio, tinha o jantar. Ent\u00e3o substitu\u00edmos, por enquanto, o jantar por esse Bye Bye S\u00e3o Jo\u00e3o e que tem dado certo. Essa \u00e9 a quarta edi\u00e7\u00e3o. E a gente espera que seja um sucesso igual aos demais anteriores. Ent\u00e3o, esse Bye Bye foi pela pr\u00f3pria necessidade da institui\u00e7\u00e3o se manter\u201d, afirmou.<\/p>\n<p>Segundo a volunt\u00e1ria, a institui\u00e7\u00e3o se mant\u00e9m atualmente com a solidariedade da sociedade que doa valores, fraldas geri\u00e1tricas, alimentos e itens de higiene pessoal, que ajudam a alimentar os idosos atendidos pela Sevul no Lar de Idosos.\u00a0<\/p>\n<p>A crian\u00e7ada tamb\u00e9m est\u00e1 convidada para a festa, pois haver\u00e1 um espa\u00e7o especial s\u00f3 para elas. Mas os adultos tamb\u00e9m v\u00e3o se divertir. Al\u00e9m das atra\u00e7\u00f5es musicais, haver\u00e1 bingo, brincadeiras e muitas atividades.\u00a0\u00a0\u00a0\u00a0<\/p>\n<figure class=\"wp-block-image size-full\"><img data-dominant-color=\"686774\" data-has-transparency=\"false\" style=\"--dominant-color: #686774;\" decoding=\"async\" width=\"1200\" height=\"737\" sizes=\"(max-width: 1200px) 100vw, 1200px\" src=\"http:\/\/noticiasbahia360.com.br\/wp-content\/uploads\/2025\/07\/Zuleica-Maia-ft-iasmim-santos-acorda-cidade.webp\" alt=\"Forr\u00f3 da Sevul\" class=\"wp-image-571082 not-transparent\" srcset=\"https:\/\/uploads.acordacidade.com.br\/2025\/07\/Zuleica-Maia-ft-iasmim-santos-acorda-cidade-594x365.webp 594w, https:\/\/uploads.acordacidade.com.br\/2025\/07\/Zuleica-Maia-ft-iasmim-santos-acorda-cidade-900x553.webp 900w, https:\/\/uploads.acordacidade.com.br\/2025\/07\/Zuleica-Maia-ft-iasmim-santos-acorda-cidade-150x92.webp 150w, http:\/\/noticiasbahia360.com.br\/wp-content\/uploads\/2025\/07\/Zuleica-Maia-ft-iasmim-santos-acorda-cidade.webp 1200w\"><figcaption class=\"wp-element-caption\">Zuleica Maia | Foto: Iasmim Santos\/Acorda Cidade<\/figcaption><\/figure>\n<p>\u201cAs pessoas n\u00e3o precisam almo\u00e7ar em casa ou em restaurante, porque n\u00f3s temos l\u00e1. \u00c9 uma forma at\u00e9 de confraternizar, de fazer novas amizades e com um almo\u00e7o delicioso, com v\u00e1rias escolhas. Um dia s\u00f3 n\u00e3o faz mal\u201d, indicou Zuleica.<\/p>\n<p>Al\u00e9m de passar um s\u00e1bado divertido em fam\u00edlia, o Forr\u00f3 da Sevul \u00e9 uma oportunidade de fazer o bem. \u201cAl\u00e9m de participarmos com toda alegria, convivendo com outras pessoas, n\u00f3s temos certeza de que ele tem um fundamento que \u00e9 ajudar a essa institui\u00e7\u00e3o que j\u00e1 tem quase 80 anos e onde qualquer pessoa que precise, de qualquer lugar desse apoio e tenha condi\u00e7\u00f5es de estar entre outros idosos, a casa est\u00e1 de bra\u00e7os abertos\u201d, acrescentou Zuleica.\u00a0<\/p>\n<p><strong>Os ingressos podem ser adquiridos na sede da Seef localizada na Rua Gen. Mendes Pereira, n\u00ba 408, no bairro Ponto Central. Os interessados tamb\u00e9m podem solicitar atrav\u00e9s do contato 75 99901-3477.\u00a0<\/strong><\/p>\n<p><strong>A loja Ma\u00e7\u00f4nica Estrela da Paz est\u00e1 localizada na Avenida Santo Ant\u00f4nio, n\u00ba 33 no bairro Bras\u00edlia.<\/strong><\/p>\n<p><em>Siga o Acorda Cidade no<\/em><a href=\"https:\/\/news.google.com\/search?q=acorda%20cidade&amp;hl=pt-BR&amp;gl=BR&amp;ceid=BR%3Apt-419\"><strong><em>\u00a0Google Not\u00edcias<\/em><\/strong><\/a><em>\u00a0e receba os principais destaques do dia. Participe tamb\u00e9m dos nossos canais no\u00a0<\/em><a href=\"https:\/\/www.whatsapp.com\/channel\/0029Va6Rb4v3WHTNnsh8WI3N\"><strong><em>WhatsApp<\/em><\/strong><\/a><em>\u00a0e\u00a0<\/em><a href=\"https:\/\/www.youtube.com\/@acordacidadenoticias\/videos\"><strong>Youtube<\/strong><\/a><em>\u00a0e grupo de\u00a0<\/em><a href=\"https:\/\/t.me\/+sSz0khrgARA0ZmRh\"><strong><em>Telegram<\/em><\/strong><\/a><em>.<\/em><\/p>\n<\/div>\n","protected":false},"excerpt":{"rendered":"<div>\n<div>\n<figure><img decoding=\"async\" src=\"https:\/\/uploads.acordacidade.com.br\/2025\/07\/Forro-da-Sevul-.webp\" alt=\"Forr\u00f3 da Sevul\"><figcaption>Foto: Divulga\u00e7\u00e3o<\/figcaption><\/figure>\n<\/div>\n<p>Quem vai trazer muito arrasta-p\u00e9 para a festa s\u00e3o os cantores Pititiu, Adriano Cruz e Mimiro.<\/p><\/div>\n","protected":false},"author":1,"featured_media":91998,"comment_status":"closed","ping_status":"closed","sticky":false,"template":"","format":"gallery","meta":{"footnotes":""},"categories":[8,9,6,57,56,10],"tags":[],"class_list":["post-91997","post","type-post","status-publish","format-gallery","has-post-thumbnail","hentry","category-bahia","category-brasil","category-feira-de-santana","category-mundo","category-policia","category-politica","post_format-post-format-gallery"],"featured_image_urls":{"full":["https:\/\/noticiasbahia360.com.br\/wp-content\/uploads\/2025\/07\/Forro-da-Sevul-.webp",1200,805,false],"thumbnail":["https:\/\/noticiasbahia360.com.br\/wp-content\/uploads\/2025\/07\/Forro-da-Sevul--150x150.webp",150,150,true],"medium":["https:\/\/noticiasbahia360.com.br\/wp-content\/uploads\/2025\/07\/Forro-da-Sevul--300x201.webp",300,201,true],"medium_large":["https:\/\/noticiasbahia360.com.br\/wp-content\/uploads\/2025\/07\/Forro-da-Sevul--768x515.webp",640,429,true],"large":["https:\/\/noticiasbahia360.com.br\/wp-content\/uploads\/2025\/07\/Forro-da-Sevul--1024x687.webp",640,429,true],"1536x1536":["https:\/\/noticiasbahia360.com.br\/wp-content\/uploads\/2025\/07\/Forro-da-Sevul-.webp",1200,805,false],"2048x2048":["https:\/\/noticiasbahia360.com.br\/wp-content\/uploads\/2025\/07\/Forro-da-Sevul-.webp",1200,805,false],"chromenews-featured":["https:\/\/noticiasbahia360.com.br\/wp-content\/uploads\/2025\/07\/Forro-da-Sevul--1024x687.webp",1024,687,true],"chromenews-large":["https:\/\/noticiasbahia360.com.br\/wp-content\/uploads\/2025\/07\/Forro-da-Sevul--825x575.webp",825,575,true],"chromenews-medium":["https:\/\/noticiasbahia360.com.br\/wp-content\/uploads\/2025\/07\/Forro-da-Sevul--590x410.webp",590,410,true]},"author_info":{"display_name":"noticiasbahia360.com.br","author_link":"https:\/\/noticiasbahia360.com.br\/?author=1"},"category_info":"<a href=\"https:\/\/noticiasbahia360.com.br\/?cat=8\" rel=\"category\">Bahia<\/a> <a href=\"https:\/\/noticiasbahia360.com.br\/?cat=9\" rel=\"category\">Brasil<\/a> <a href=\"https:\/\/noticiasbahia360.com.br\/?cat=6\" rel=\"category\">Feira de Santana<\/a> <a href=\"https:\/\/noticiasbahia360.com.br\/?cat=57\" rel=\"category\">Mundo<\/a> <a href=\"https:\/\/noticiasbahia360.com.br\/?cat=56\" rel=\"category\">Pol\u00edcia<\/a> <a href=\"https:\/\/noticiasbahia360.com.br\/?cat=10\" rel=\"category\">Pol\u00edtica<\/a>","tag_info":"Pol\u00edtica","comment_count":"0","_links":{"self":[{"href":"https:\/\/noticiasbahia360.com.br\/index.php?rest_route=\/wp\/v2\/posts\/91997","targetHints":{"allow":["GET"]}}],"collection":[{"href":"https:\/\/noticiasbahia360.com.br\/index.php?rest_route=\/wp\/v2\/posts"}],"about":[{"href":"https:\/\/noticiasbahia360.com.br\/index.php?rest_route=\/wp\/v2\/types\/post"}],"author":[{"embeddable":true,"href":"https:\/\/noticiasbahia360.com.br\/index.php?rest_route=\/wp\/v2\/users\/1"}],"replies":[{"embeddable":true,"href":"https:\/\/noticiasbahia360.com.br\/index.php?rest_route=%2Fwp%2Fv2%2Fcomments&post=91997"}],"version-history":[{"count":0,"href":"https:\/\/noticiasbahia360.com.br\/index.php?rest_route=\/wp\/v2\/posts\/91997\/revisions"}],"wp:featuredmedia":[{"embeddable":true,"href":"https:\/\/noticiasbahia360.com.br\/index.php?rest_route=\/wp\/v2\/media\/91998"}],"wp:attachment":[{"href":"https:\/\/noticiasbahia360.com.br\/index.php?rest_route=%2Fwp%2Fv2%2Fmedia&parent=91997"}],"wp:term":[{"taxonomy":"category","embeddable":true,"href":"https:\/\/noticiasbahia360.com.br\/index.php?rest_route=%2Fwp%2Fv2%2Fcategories&post=91997"},{"taxonomy":"post_tag","embeddable":true,"href":"https:\/\/noticiasbahia360.com.br\/index.php?rest_route=%2Fwp%2Fv2%2Ftags&post=91997"}],"curies":[{"name":"wp","href":"https:\/\/api.w.org\/{rel}","templated":true}]}}