{"id":92002,"date":"2025-07-03T15:20:42","date_gmt":"2025-07-03T18:20:42","guid":{"rendered":"https:\/\/noticiasbahia360.com.br\/?p=92002"},"modified":"2025-07-03T15:20:42","modified_gmt":"2025-07-03T18:20:42","slug":"cnu-2025-retificacao-no-edital-simplifica-pedido-de-isencao","status":"publish","type":"post","link":"https:\/\/noticiasbahia360.com.br\/?p=92002","title":{"rendered":"CNU 2025: retifica\u00e7\u00e3o no edital simplifica pedido de isen\u00e7\u00e3o"},"content":{"rendered":"<div>\n<div>\n<figure><img decoding=\"async\" src=\"http:\/\/noticiasbahia360.com.br\/wp-content\/uploads\/2025\/07\/realizando-prova-cnu-vestibular-2.webp\" alt=\"isen\u00e7\u00e3o prova - CNU\"><figcaption>Foto: Marcos Santos\/USP Imagens<\/figcaption><\/figure>\n<\/div>\n<p>Ag\u00eancia Brasil \u2013 Os interessados em solicitar isen\u00e7\u00e3o da taxa de inscri\u00e7\u00e3o na segunda edi\u00e7\u00e3o do Concurso P\u00fablico Nacional Unificado (CPNU) que est\u00e3o inscritos no Cadastro \u00danico para Programas Sociais (Cad\u00danico) do governo federal, n\u00e3o precisam mais preencher o N\u00famero de Identifica\u00e7\u00e3o Social (NIS) no momento da inscri\u00e7\u00e3o.<img decoding=\"async\" src=\"https:\/\/agenciabrasil.ebc.com.br\/ebc.png?id=1649281&amp;o=node\"><img decoding=\"async\" src=\"https:\/\/agenciabrasil.ebc.com.br\/ebc.gif?id=1649281&amp;o=node\"><\/p>\n<p>A simplifica\u00e7\u00e3o do processo para solicita\u00e7\u00e3o de isen\u00e7\u00e3o est\u00e1 publicada, nesta quinta-feira (3), na\u00a0primeira retifica\u00e7\u00e3o do edital\u00a0do chamado Enem dos Concursos, pela Escola Nacional de Administra\u00e7\u00e3o P\u00fablica (Enap), vinculada ao Minist\u00e9rio da Gest\u00e3o e da Inova\u00e7\u00e3o em Servi\u00e7os P\u00fablicos (MGI).<\/p>\n<p>De acordo com a pasta, a verifica\u00e7\u00e3o do direito \u00e0 isen\u00e7\u00e3o pela condi\u00e7\u00e3o de hipossufici\u00eancia econ\u00f4mica ser\u00e1 feita por meio do cruzamento autom\u00e1tico de dados j\u00e1 cadastrados na Uni\u00e3o.<\/p>\n<p>\u00c9 importante lembrar que a solicita\u00e7\u00e3o de isen\u00e7\u00e3o deve ser feita at\u00e9 ter\u00e7a-feira (8). Confira\u00a0aqui\u00a0quem tem direito ao benef\u00edcio.<\/p>\n<h2 class=\"wp-block-heading\" id=\"h-outras-mudancas\">Outras mudan\u00e7as<\/h2>\n<h3 class=\"wp-block-heading\" id=\"h-atualizacao-das-opcoes-de-pagamento\">Atualiza\u00e7\u00e3o das op\u00e7\u00f5es de pagamento<\/h3>\n<p>Entre as altera\u00e7\u00f5es do edital retificado, est\u00e1 a atualiza\u00e7\u00e3o das op\u00e7\u00f5es de pagamento da taxa de inscri\u00e7\u00e3o, que deve ser feita at\u00e9 \u00e0s 23h59 de 21 de julho. Pelo novo documento, os candidatos poder\u00e3o quitar a Guia de Recolhimento da Uni\u00e3o (GRU) em uma das op\u00e7\u00f5es dispon\u00edveis na plataforma PagTesouro: Pix, cart\u00e3o de cr\u00e9dito (sujeito a tarifas da operadora) ou boleto GRU, com pagamento exclusivo pelo Banco do Brasil.<\/p>\n<p>Antes, as modalidades de pagamentos eram mais abrangentes para o candidato que preferia ou precisava pagar a taxa de inscri\u00e7\u00e3o em dinheiro ou em um ponto f\u00edsico. Na primeira vers\u00e3o do edital, a GRU poderia ser paga diretamente em qualquer ag\u00eancia banc\u00e1ria, casas lot\u00e9ricas e unidades dos Correios.\u00a0<strong>Agora, est\u00e1 restrito \u00e0 plataforma PagTesouro.<\/strong><\/p>\n<p>O valor \u00fanico da taxa de inscri\u00e7\u00e3o \u00e9 de R$ 70 para os cargos de n\u00edvel superior e m\u00e9dio.<\/p>\n<h3 class=\"wp-block-heading\" id=\"h-cidades-de-goias\">Cidades de Goi\u00e1s<\/h3>\n<p>A terceira mudan\u00e7a descrita na retifica\u00e7\u00e3o do edital do concurso unificado \u00e9 a indica\u00e7\u00e3o de munic\u00edpios onde ser\u00e3o aplicadas as provas no estado de Goi\u00e1s. Na primeira vers\u00e3o do edital publicado, faltou informar o nome de oito cidades goianas.<\/p>\n<p>Ao todo, 17 cidades de Goi\u00e1s realizar\u00e3o o CNU 2025: \u00c1guas Lindas de Goi\u00e1s, Aparecida de Goi\u00e2nia, Catal\u00e3o, Cidade Ocidental, Formosa, Goian\u00e9sia, Goi\u00e2nia, Ipor\u00e1, Itumbiara, Luzi\u00e2nia, Mineiros, Novo Gama, Planaltina, Porangatu, Rio Verde, Santo Ant\u00f4nio do Descoberto e Valpara\u00edso de Goi\u00e1s.<\/p>\n<p>O n\u00famero total de 228 cidades para locais de prova, distribu\u00eddas nas 27 unidades da federa\u00e7\u00e3o, segue confirmado. A lista pode ser consultado no anexo XI do\u00a0<a href=\"http:\/\/%5Bhttps\/\/conhecimento.fgv.br\/sites\/default\/files\/concursos\/edital_concurso-publico-nacional-unificado-2_retificado_02_07_2025.pdf\" target=\"_blank\" rel=\"noreferrer noopener\">edital de abertura<\/a>.<\/p>\n<h3 class=\"wp-block-heading\" id=\"h-cnu-2025\">CNU 2025<\/h3>\n<p>A segunda edi\u00e7\u00e3o do Concurso P\u00fablico Nacional Unificado (CPNU) oferta 3.652 vagas para 32 \u00f3rg\u00e3os, com provas aplicadas em dois dias \u2014 a primeira fase, de provas objetivas, em outubro e a segunda, com quest\u00f5es dissertativas, em dezembro, apenas para os aprovados na etapa anterior.<\/p>\n<p>Os cargos ser\u00e3o agrupados em nove blocos tem\u00e1ticos, com a possibilidade do candidato se inscrever para diferentes cargos dentro do mesmo bloco e defini\u00e7\u00e3o de sua lista de prefer\u00eancia pelas vagas\u200b.<\/p>\n<p><em>Siga o Acorda Cidade no<\/em><a href=\"https:\/\/news.google.com\/search?q=acorda%20cidade&amp;hl=pt-BR&amp;gl=BR&amp;ceid=BR%3Apt-419\"><strong><em>\u00a0Google Not\u00edcias<\/em><\/strong><\/a><em>\u00a0e receba os principais destaques do dia. Participe tamb\u00e9m dos nossos canais no\u00a0<\/em><a href=\"https:\/\/www.whatsapp.com\/channel\/0029Va6Rb4v3WHTNnsh8WI3N\"><strong><em>WhatsApp<\/em><\/strong><\/a><em>\u00a0e\u00a0<\/em><a href=\"https:\/\/www.youtube.com\/@acordacidadenoticias\/videos\"><strong>Youtube<\/strong><\/a><em>\u00a0e grupo de\u00a0<\/em><a href=\"https:\/\/t.me\/+sSz0khrgARA0ZmRh\"><strong><em>Telegram<\/em><\/strong><\/a><\/p>\n<p><a href=\"https:\/\/agenciabrasil.ebc.com.br\/geral\/noticia\/2025-07\/publicado-edital-do-cnu-2025-confira-regras\"><\/a><\/p>\n<\/div>\n","protected":false},"excerpt":{"rendered":"<div>\n<div>\n<figure><img decoding=\"async\" src=\"https:\/\/uploads.acordacidade.com.br\/2025\/07\/realizando-prova-cnu-vestibular.webp\" alt=\"isen\u00e7\u00e3o prova - CNU\"><figcaption>Foto: Marcos Santos\/USP Imagens<\/figcaption><\/figure>\n<\/div>\n<p>A simplifica\u00e7\u00e3o do processo para solicita\u00e7\u00e3o de isen\u00e7\u00e3o foi publicada, nesta quinta (3), na\u00a0primeira retifica\u00e7\u00e3o do edital.<\/p><\/div>\n","protected":false},"author":1,"featured_media":92003,"comment_status":"closed","ping_status":"closed","sticky":false,"template":"","format":"gallery","meta":{"footnotes":""},"categories":[8,9,6,57,56,10],"tags":[],"class_list":["post-92002","post","type-post","status-publish","format-gallery","has-post-thumbnail","hentry","category-bahia","category-brasil","category-feira-de-santana","category-mundo","category-policia","category-politica","post_format-post-format-gallery"],"featured_image_urls":{"full":["https:\/\/noticiasbahia360.com.br\/wp-content\/uploads\/2025\/07\/realizando-prova-cnu-vestibular-2.webp",1200,718,false],"thumbnail":["https:\/\/noticiasbahia360.com.br\/wp-content\/uploads\/2025\/07\/realizando-prova-cnu-vestibular-2-150x150.webp",150,150,true],"medium":["https:\/\/noticiasbahia360.com.br\/wp-content\/uploads\/2025\/07\/realizando-prova-cnu-vestibular-2-300x180.webp",300,180,true],"medium_large":["https:\/\/noticiasbahia360.com.br\/wp-content\/uploads\/2025\/07\/realizando-prova-cnu-vestibular-2-768x460.webp",640,383,true],"large":["https:\/\/noticiasbahia360.com.br\/wp-content\/uploads\/2025\/07\/realizando-prova-cnu-vestibular-2-1024x613.webp",640,383,true],"1536x1536":["https:\/\/noticiasbahia360.com.br\/wp-content\/uploads\/2025\/07\/realizando-prova-cnu-vestibular-2.webp",1200,718,false],"2048x2048":["https:\/\/noticiasbahia360.com.br\/wp-content\/uploads\/2025\/07\/realizando-prova-cnu-vestibular-2.webp",1200,718,false],"chromenews-featured":["https:\/\/noticiasbahia360.com.br\/wp-content\/uploads\/2025\/07\/realizando-prova-cnu-vestibular-2-1024x613.webp",1024,613,true],"chromenews-large":["https:\/\/noticiasbahia360.com.br\/wp-content\/uploads\/2025\/07\/realizando-prova-cnu-vestibular-2-825x575.webp",825,575,true],"chromenews-medium":["https:\/\/noticiasbahia360.com.br\/wp-content\/uploads\/2025\/07\/realizando-prova-cnu-vestibular-2-590x410.webp",590,410,true]},"author_info":{"display_name":"noticiasbahia360.com.br","author_link":"https:\/\/noticiasbahia360.com.br\/?author=1"},"category_info":"<a href=\"https:\/\/noticiasbahia360.com.br\/?cat=8\" rel=\"category\">Bahia<\/a> <a href=\"https:\/\/noticiasbahia360.com.br\/?cat=9\" rel=\"category\">Brasil<\/a> <a href=\"https:\/\/noticiasbahia360.com.br\/?cat=6\" rel=\"category\">Feira de Santana<\/a> <a href=\"https:\/\/noticiasbahia360.com.br\/?cat=57\" rel=\"category\">Mundo<\/a> <a href=\"https:\/\/noticiasbahia360.com.br\/?cat=56\" rel=\"category\">Pol\u00edcia<\/a> <a href=\"https:\/\/noticiasbahia360.com.br\/?cat=10\" rel=\"category\">Pol\u00edtica<\/a>","tag_info":"Pol\u00edtica","comment_count":"0","_links":{"self":[{"href":"https:\/\/noticiasbahia360.com.br\/index.php?rest_route=\/wp\/v2\/posts\/92002","targetHints":{"allow":["GET"]}}],"collection":[{"href":"https:\/\/noticiasbahia360.com.br\/index.php?rest_route=\/wp\/v2\/posts"}],"about":[{"href":"https:\/\/noticiasbahia360.com.br\/index.php?rest_route=\/wp\/v2\/types\/post"}],"author":[{"embeddable":true,"href":"https:\/\/noticiasbahia360.com.br\/index.php?rest_route=\/wp\/v2\/users\/1"}],"replies":[{"embeddable":true,"href":"https:\/\/noticiasbahia360.com.br\/index.php?rest_route=%2Fwp%2Fv2%2Fcomments&post=92002"}],"version-history":[{"count":0,"href":"https:\/\/noticiasbahia360.com.br\/index.php?rest_route=\/wp\/v2\/posts\/92002\/revisions"}],"wp:featuredmedia":[{"embeddable":true,"href":"https:\/\/noticiasbahia360.com.br\/index.php?rest_route=\/wp\/v2\/media\/92003"}],"wp:attachment":[{"href":"https:\/\/noticiasbahia360.com.br\/index.php?rest_route=%2Fwp%2Fv2%2Fmedia&parent=92002"}],"wp:term":[{"taxonomy":"category","embeddable":true,"href":"https:\/\/noticiasbahia360.com.br\/index.php?rest_route=%2Fwp%2Fv2%2Fcategories&post=92002"},{"taxonomy":"post_tag","embeddable":true,"href":"https:\/\/noticiasbahia360.com.br\/index.php?rest_route=%2Fwp%2Fv2%2Ftags&post=92002"}],"curies":[{"name":"wp","href":"https:\/\/api.w.org\/{rel}","templated":true}]}}