{"id":92006,"date":"2025-07-03T15:55:34","date_gmt":"2025-07-03T18:55:34","guid":{"rendered":"https:\/\/noticiasbahia360.com.br\/?p=92006"},"modified":"2025-07-03T15:55:34","modified_gmt":"2025-07-03T18:55:34","slug":"catedral-metropolitana-realiza-anuncio-solene-da-festa-de-santana","status":"publish","type":"post","link":"https:\/\/noticiasbahia360.com.br\/?p=92006","title":{"rendered":"Catedral Metropolitana realiza An\u00fancio Solene da Festa de Sant\u2019Ana"},"content":{"rendered":"<div>\n<div>\n<figure><img decoding=\"async\" src=\"http:\/\/noticiasbahia360.com.br\/wp-content\/uploads\/2025\/07\/festadesantana_foto_pascom_arquidiocese_.jpg\" alt=\"Festa de Sant'Ana\"><figcaption>Foto: Pascom Arquidiocese<\/figcaption><\/figure>\n<\/div>\n<p>No pr\u00f3ximo dia 06 de julho, acontece o tradicional An\u00fancio Solene da Festa de Sant\u2019Ana 2025, na Catedral Metropolitana de Sant\u2019Ana, \u00e0s 19h, durante a Celebra\u00e7\u00e3o Eucar\u00edstica, que ser\u00e1 presidida pelo Arcebispo Metropolitano, <a href=\"https:\/\/www.acordacidade.com.br\/tag\/dom-zanoni\/\">Dom Zanoni<\/a> Demettino Castro.<\/p>\n<p>Neste ato, ser\u00e1 apresentado o tema central da Festa, a programa\u00e7\u00e3o do noven\u00e1rio e do dia solene da Excelsa Padroeira. O Noven\u00e1rio acontece de 17 a 25 de julho, com prega\u00e7\u00f5es todas as noites, \u00e0s 19h30, al\u00e9m da realiza\u00e7\u00e3o de quermesse e shows no Coreto da Catedral.<\/p>\n<figure class=\"wp-block-image size-large\"><img fetchpriority=\"high\" data-dominant-color=\"654645\" data-has-transparency=\"false\" style=\"--dominant-color: #654645;\" fetchpriority=\"high\" decoding=\"async\" width=\"1151\" height=\"768\" sizes=\"(max-width: 1151px) 100vw, 1151px\" src=\"http:\/\/noticiasbahia360.com.br\/wp-content\/uploads\/2025\/07\/festadesantana_foto_pascom_arquidiocese-1151x768-1.jpg\" alt=\"Festa de Sant'Ana\" class=\"wp-image-571219 not-transparent\" srcset=\"https:\/\/uploads.acordacidade.com.br\/2025\/07\/festadesantana_foto_pascom_arquidiocese-547x365.jpg 547w, http:\/\/noticiasbahia360.com.br\/wp-content\/uploads\/2025\/07\/festadesantana_foto_pascom_arquidiocese-1151x768-1.jpg 1151w, https:\/\/uploads.acordacidade.com.br\/2025\/07\/festadesantana_foto_pascom_arquidiocese-828x553.jpg 828w, https:\/\/uploads.acordacidade.com.br\/2025\/07\/festadesantana_foto_pascom_arquidiocese-150x100.jpg 150w, https:\/\/uploads.acordacidade.com.br\/2025\/07\/festadesantana_foto_pascom_arquidiocese.jpg 1200w\"><figcaption class=\"wp-element-caption\">Foto: Pascom Arquidiocese<\/figcaption><\/figure>\n<p>O ponto alto dos festejos ser\u00e1 no Dia da Padroeira, 26 de julho, feriado municipal, que contar\u00e1 com uma programa\u00e7\u00e3o especial, incluindo Celebra\u00e7\u00f5es e a tradicional prociss\u00e3o de Senhora Sant\u2019Ana, \u00e0s 16h.<\/p>\n<p>A Festa de Sant\u2019Ana, por sua tradi\u00e7\u00e3o, est\u00e1 no calend\u00e1rio oficial do munic\u00edpio e representa um patrim\u00f4nio cultural da cidade, mobilizando fi\u00e9is de toda a regi\u00e3o e fortalecendo os la\u00e7os de f\u00e9 e devo\u00e7\u00e3o.<\/p>\n<p><strong>Comiss\u00e3o da Festa de Sant\u2019Ana 2024\/2025<\/strong>:<\/p>\n<p>Dom Zanoni Demettino Castro \u2013 Arcebispo Metropolitano<br \/>Dom Itamar Vian \u2013 Arcebispo Em\u00e9rito<br \/>Pe. Paulo Tarso Bispo \u2013 P\u00e1roco<br \/>Pe. Julivaldo Ferreira de Santana \u2013 Vig\u00e1rio<\/p>\n<p>Adriano Roella e Suely Aparecida de Oliveira<br \/>\u00c2ngelo M\u00e1rio e Vivianny Dantas<br \/>Hiram Freire e Margareth Cedraz Freire<br \/>Marcelo Andr\u00e9 e Rosyane Azevedo Queiroz<br \/>M\u00e1rio e M\u00f4nica Farias de Lima<br \/>Wilson Aparecido e Andreia Cristina Bastos<br \/>Ygor Le\u00e3o<\/p>\n<p><em>Siga o Acorda Cidade no<\/em><a href=\"https:\/\/news.google.com\/search?q=acorda%20cidade&amp;hl=pt-BR&amp;gl=BR&amp;ceid=BR%3Apt-419\"><strong><em> Google Not\u00edcias<\/em><\/strong><\/a><em> e receba os principais destaques do dia. Participe tamb\u00e9m dos nossos canais no <\/em><a href=\"https:\/\/whatsapp.com\/channel\/0029Va6Rb4v3WHTNnsh8WI3N\"><strong><em>WhatsApp<\/em><\/strong><\/a><em> e <\/em><a href=\"https:\/\/www.youtube.com\/@acordacidadenoticias\/videos\"><strong>Youtube<\/strong><\/a><em> e grupo de <\/em><a href=\"https:\/\/t.me\/+sSz0khrgARA0ZmRh\"><strong><em>Telegram<\/em><\/strong><\/a><em>.<\/em><\/p>\n<\/div>\n","protected":false},"excerpt":{"rendered":"<div>\n<div>\n<figure><img decoding=\"async\" src=\"https:\/\/uploads.acordacidade.com.br\/2025\/07\/festadesantana_foto_pascom_arquidiocese_.jpg\" alt=\"Festa de Sant'Ana\"><figcaption>Foto: Pascom Arquidiocese<\/figcaption><\/figure>\n<\/div>\n<p>Na oportunidade ser\u00e1 divulgado o tema da Festa<\/p><\/div>\n","protected":false},"author":1,"featured_media":92007,"comment_status":"closed","ping_status":"closed","sticky":false,"template":"","format":"gallery","meta":{"footnotes":""},"categories":[8,9,6,57,56,10],"tags":[],"class_list":["post-92006","post","type-post","status-publish","format-gallery","has-post-thumbnail","hentry","category-bahia","category-brasil","category-feira-de-santana","category-mundo","category-policia","category-politica","post_format-post-format-gallery"],"featured_image_urls":{"full":["https:\/\/noticiasbahia360.com.br\/wp-content\/uploads\/2025\/07\/festadesantana_foto_pascom_arquidiocese_.jpg",1200,789,false],"thumbnail":["https:\/\/noticiasbahia360.com.br\/wp-content\/uploads\/2025\/07\/festadesantana_foto_pascom_arquidiocese_-150x150.jpg",150,150,true],"medium":["https:\/\/noticiasbahia360.com.br\/wp-content\/uploads\/2025\/07\/festadesantana_foto_pascom_arquidiocese_-300x197.jpg",300,197,true],"medium_large":["https:\/\/noticiasbahia360.com.br\/wp-content\/uploads\/2025\/07\/festadesantana_foto_pascom_arquidiocese_-768x505.jpg",640,421,true],"large":["https:\/\/noticiasbahia360.com.br\/wp-content\/uploads\/2025\/07\/festadesantana_foto_pascom_arquidiocese_-1024x673.jpg",640,421,true],"1536x1536":["https:\/\/noticiasbahia360.com.br\/wp-content\/uploads\/2025\/07\/festadesantana_foto_pascom_arquidiocese_.jpg",1200,789,false],"2048x2048":["https:\/\/noticiasbahia360.com.br\/wp-content\/uploads\/2025\/07\/festadesantana_foto_pascom_arquidiocese_.jpg",1200,789,false],"chromenews-featured":["https:\/\/noticiasbahia360.com.br\/wp-content\/uploads\/2025\/07\/festadesantana_foto_pascom_arquidiocese_-1024x673.jpg",1024,673,true],"chromenews-large":["https:\/\/noticiasbahia360.com.br\/wp-content\/uploads\/2025\/07\/festadesantana_foto_pascom_arquidiocese_-825x575.jpg",825,575,true],"chromenews-medium":["https:\/\/noticiasbahia360.com.br\/wp-content\/uploads\/2025\/07\/festadesantana_foto_pascom_arquidiocese_-590x410.jpg",590,410,true]},"author_info":{"display_name":"noticiasbahia360.com.br","author_link":"https:\/\/noticiasbahia360.com.br\/?author=1"},"category_info":"<a href=\"https:\/\/noticiasbahia360.com.br\/?cat=8\" rel=\"category\">Bahia<\/a> <a href=\"https:\/\/noticiasbahia360.com.br\/?cat=9\" rel=\"category\">Brasil<\/a> <a href=\"https:\/\/noticiasbahia360.com.br\/?cat=6\" rel=\"category\">Feira de Santana<\/a> <a href=\"https:\/\/noticiasbahia360.com.br\/?cat=57\" rel=\"category\">Mundo<\/a> <a href=\"https:\/\/noticiasbahia360.com.br\/?cat=56\" rel=\"category\">Pol\u00edcia<\/a> <a href=\"https:\/\/noticiasbahia360.com.br\/?cat=10\" rel=\"category\">Pol\u00edtica<\/a>","tag_info":"Pol\u00edtica","comment_count":"0","_links":{"self":[{"href":"https:\/\/noticiasbahia360.com.br\/index.php?rest_route=\/wp\/v2\/posts\/92006","targetHints":{"allow":["GET"]}}],"collection":[{"href":"https:\/\/noticiasbahia360.com.br\/index.php?rest_route=\/wp\/v2\/posts"}],"about":[{"href":"https:\/\/noticiasbahia360.com.br\/index.php?rest_route=\/wp\/v2\/types\/post"}],"author":[{"embeddable":true,"href":"https:\/\/noticiasbahia360.com.br\/index.php?rest_route=\/wp\/v2\/users\/1"}],"replies":[{"embeddable":true,"href":"https:\/\/noticiasbahia360.com.br\/index.php?rest_route=%2Fwp%2Fv2%2Fcomments&post=92006"}],"version-history":[{"count":0,"href":"https:\/\/noticiasbahia360.com.br\/index.php?rest_route=\/wp\/v2\/posts\/92006\/revisions"}],"wp:featuredmedia":[{"embeddable":true,"href":"https:\/\/noticiasbahia360.com.br\/index.php?rest_route=\/wp\/v2\/media\/92007"}],"wp:attachment":[{"href":"https:\/\/noticiasbahia360.com.br\/index.php?rest_route=%2Fwp%2Fv2%2Fmedia&parent=92006"}],"wp:term":[{"taxonomy":"category","embeddable":true,"href":"https:\/\/noticiasbahia360.com.br\/index.php?rest_route=%2Fwp%2Fv2%2Fcategories&post=92006"},{"taxonomy":"post_tag","embeddable":true,"href":"https:\/\/noticiasbahia360.com.br\/index.php?rest_route=%2Fwp%2Fv2%2Ftags&post=92006"}],"curies":[{"name":"wp","href":"https:\/\/api.w.org\/{rel}","templated":true}]}}