{"id":92009,"date":"2025-07-03T16:51:33","date_gmt":"2025-07-03T19:51:33","guid":{"rendered":"https:\/\/noticiasbahia360.com.br\/?p=92009"},"modified":"2025-07-03T16:51:33","modified_gmt":"2025-07-03T19:51:33","slug":"adolescente-e-apreendido-por-participacao-em-homicidio-em-feira-de-santana","status":"publish","type":"post","link":"https:\/\/noticiasbahia360.com.br\/?p=92009","title":{"rendered":"Adolescente \u00e9 apreendido por participa\u00e7\u00e3o em homic\u00eddio em Feira de Santana"},"content":{"rendered":"<div>\n<p>A Pol\u00edcia Civil, por meio da Delegacia para o Adolescente Infrator de <a href=\"https:\/\/www.acordacidade.com.br\/tag\/feira-de-santana\/\">Feira de Santana<\/a>, cumpriu mandado de busca e apreens\u00e3o de adolescente autor de ato infracional an\u00e1logo ao crime de homicidio, mandado este expedido pela 1\u00aa Vara da Inf\u00e2ncia e Juventude da Comarca de Feira de Santana.\u00a0<\/p>\n<p>Consta nos autos que, supostamente, em 15 de Novembro de 2024, no bairro Gabriela, nesta cidade, o adolescente, agindo em comunh\u00e3o de vontade e unidade de des\u00edgnios conjuntamente com outros indiv\u00edduos, com inten\u00e7\u00e3o de matar,\u00a0 ceifaram a vida de Edvaldo Marinho, mediante recurso que impossibilitou a defesa da vitima e meio cruel, aplicando golpes de arma branca.<\/p>\n<p>Desta forma, foi instaurado o Auto de Investiga\u00e7\u00e3o de Ato Infracional, foi representado pela sua busca e apreens\u00e3o, bem como pela sua interna\u00e7\u00e3o provis\u00f3ria, que foi deferida pela Justi\u00e7a.<\/p>\n<p>Sendo assim, o mandado foi cumprido no dia de hoje, e, ap\u00f3s, foram realizados os atos cartor\u00e1rios de praxe para o cumprimento do mandado, com a devida comunica\u00e7\u00e3o da apreens\u00e3o do adolescente ao Ju\u00edzo da Vara da Inf\u00e2ncia e Juventude.\u00a0<\/p>\n<p>Por fim, o adolescente apreendido foi encaminhado ao DPT para realizar o Exame Pericial de Les\u00e3o Corporal e na sequ\u00eancia foi apresentado ao Pronto Atendimento da CASE Mello Matos, em Feira de Santana, onde ficar\u00e1 a disposi\u00e7\u00e3o do Poder Judici\u00e1rio.<\/p>\n<p><em>Siga o Acorda Cidade no<\/em><a href=\"https:\/\/news.google.com\/search?q=acorda%20cidade&amp;hl=pt-BR&amp;gl=BR&amp;ceid=BR%3Apt-419\"><strong><em> Google Not\u00edcias<\/em><\/strong><\/a><em> e receba os principais destaques do dia. Participe tamb\u00e9m dos nossos canais no <\/em><a href=\"https:\/\/whatsapp.com\/channel\/0029Va6Rb4v3WHTNnsh8WI3N\"><strong><em>WhatsApp<\/em><\/strong><\/a><em> e <\/em><a href=\"https:\/\/www.youtube.com\/@acordacidadenoticias\/videos\"><strong>Youtube<\/strong><\/a><em> e grupo de <\/em><a href=\"https:\/\/t.me\/+sSz0khrgARA0ZmRh\"><strong><em>Telegram<\/em><\/strong><\/a><em>.<\/em><\/p>\n<\/div>\n","protected":false},"excerpt":{"rendered":"<div>O crime aconteceu em novembro de 2024<\/div>\n","protected":false},"author":1,"featured_media":0,"comment_status":"closed","ping_status":"closed","sticky":false,"template":"","format":"gallery","meta":{"footnotes":""},"categories":[8,9,6,57,56,10],"tags":[],"class_list":["post-92009","post","type-post","status-publish","format-gallery","hentry","category-bahia","category-brasil","category-feira-de-santana","category-mundo","category-policia","category-politica","post_format-post-format-gallery"],"featured_image_urls":{"full":"","thumbnail":"","medium":"","medium_large":"","large":"","1536x1536":"","2048x2048":"","chromenews-featured":"","chromenews-large":"","chromenews-medium":""},"author_info":{"display_name":"noticiasbahia360.com.br","author_link":"https:\/\/noticiasbahia360.com.br\/?author=1"},"category_info":"<a href=\"https:\/\/noticiasbahia360.com.br\/?cat=8\" rel=\"category\">Bahia<\/a> <a href=\"https:\/\/noticiasbahia360.com.br\/?cat=9\" rel=\"category\">Brasil<\/a> <a href=\"https:\/\/noticiasbahia360.com.br\/?cat=6\" rel=\"category\">Feira de Santana<\/a> <a href=\"https:\/\/noticiasbahia360.com.br\/?cat=57\" rel=\"category\">Mundo<\/a> <a href=\"https:\/\/noticiasbahia360.com.br\/?cat=56\" rel=\"category\">Pol\u00edcia<\/a> <a href=\"https:\/\/noticiasbahia360.com.br\/?cat=10\" rel=\"category\">Pol\u00edtica<\/a>","tag_info":"Pol\u00edtica","comment_count":"0","_links":{"self":[{"href":"https:\/\/noticiasbahia360.com.br\/index.php?rest_route=\/wp\/v2\/posts\/92009","targetHints":{"allow":["GET"]}}],"collection":[{"href":"https:\/\/noticiasbahia360.com.br\/index.php?rest_route=\/wp\/v2\/posts"}],"about":[{"href":"https:\/\/noticiasbahia360.com.br\/index.php?rest_route=\/wp\/v2\/types\/post"}],"author":[{"embeddable":true,"href":"https:\/\/noticiasbahia360.com.br\/index.php?rest_route=\/wp\/v2\/users\/1"}],"replies":[{"embeddable":true,"href":"https:\/\/noticiasbahia360.com.br\/index.php?rest_route=%2Fwp%2Fv2%2Fcomments&post=92009"}],"version-history":[{"count":0,"href":"https:\/\/noticiasbahia360.com.br\/index.php?rest_route=\/wp\/v2\/posts\/92009\/revisions"}],"wp:attachment":[{"href":"https:\/\/noticiasbahia360.com.br\/index.php?rest_route=%2Fwp%2Fv2%2Fmedia&parent=92009"}],"wp:term":[{"taxonomy":"category","embeddable":true,"href":"https:\/\/noticiasbahia360.com.br\/index.php?rest_route=%2Fwp%2Fv2%2Fcategories&post=92009"},{"taxonomy":"post_tag","embeddable":true,"href":"https:\/\/noticiasbahia360.com.br\/index.php?rest_route=%2Fwp%2Fv2%2Ftags&post=92009"}],"curies":[{"name":"wp","href":"https:\/\/api.w.org\/{rel}","templated":true}]}}