{"id":92010,"date":"2025-07-03T17:52:53","date_gmt":"2025-07-03T20:52:53","guid":{"rendered":"https:\/\/noticiasbahia360.com.br\/?p=92010"},"modified":"2025-07-03T17:52:53","modified_gmt":"2025-07-03T20:52:53","slug":"aguardando-para-saber-qual-cargo-vai-ocupar-em-salvador-colbert-adianta-que-contas-da-sua-gestao-em-2022-foram-aprovadas","status":"publish","type":"post","link":"https:\/\/noticiasbahia360.com.br\/?p=92010","title":{"rendered":"Aguardando para saber qual cargo vai ocupar em Salvador, Colbert adianta que contas da sua gest\u00e3o em 2022 foram aprovadas"},"content":{"rendered":"<div>\n<div>\n<figure><img decoding=\"async\" src=\"http:\/\/noticiasbahia360.com.br\/wp-content\/uploads\/2025\/07\/Prefeito-Colbert-Martins-Foto-Paulo-Jose-Acorda-Cidade.jpg\" alt=\"Colbert Martins Filho\"><figcaption>Foto: Paulo Jos\u00e9\/ Acorda Cidade <\/figcaption><\/figure>\n<\/div>\n<div class=\"wp-block-group\">\n<div class=\"wp-block-group__inner-container is-layout-constrained wp-block-group-is-layout-constrained\">\n<p>Ap\u00f3s a divulga\u00e7\u00e3o de que o ex-prefeito de Feira de Santana, Colbert Martins Filho, foi colocado pelo governo do estado \u00e0 disposi\u00e7\u00e3o da Prefeitura de Salvador, uma pergunta paira nas rodas de conversas na princesa do sert\u00e3o: <strong>qual cargo Colbert vai ocupar na capital?<\/strong> Para o questionamento, nem o ex-gestor tem a resposta no momento.<\/p>\n<p>No final da tarde desta quinta-feira (3), a produ\u00e7\u00e3o do Acorda Cidade apurou, junto ao pr\u00f3prio ex-prefeito, se ele j\u00e1 sabia qual era o cargo que iria ocupar na capital baiana. \u00c0 jornalista Iasmim Santos, <a href=\"https:\/\/www.acordacidade.com.br\/tag\/colbert\/\">Colbert <\/a>informou que est\u00e1 aguardando a defini\u00e7\u00e3o, que dever\u00e1 sair de uma reuni\u00e3o com o prefeito de Salvador, Bruno Reis (Uni\u00e3o Brasil), ainda nesta quinta (3).<\/p>\n<p>\u201cEu estou aqui na Prefeitura de Salvador, aguardando a volta do prefeito. Estava numa audi\u00eancia no Tribunal de Justi\u00e7a e n\u00e3o voltou aqui ainda; eu estou aguardando aqui para definir qual \u00e9 a posi\u00e7\u00e3o que eu vou poder assumir. A disposi\u00e7\u00e3o j\u00e1 est\u00e1 feita, foi solicitada pela Prefeitura de Salvador. Eu j\u00e1 estou \u00e0 disposi\u00e7\u00e3o para definir que fun\u00e7\u00e3o eu vou desenvolver\u201d, disse Colbert.<\/p>\n<p>O ex-prefeito de Feira de Santana ocupa, no estado da Bahia, dois cargos: professor Assistente da Universidade Estadual de Feira de Santana (Uefs) e M\u00e9dico da Secretaria da Sa\u00fade.<\/p>\n<\/div>\n<\/div>\n<div class=\"wp-block-group\">\n<div class=\"wp-block-group__inner-container is-layout-constrained wp-block-group-is-layout-constrained\">\n<h3 class=\"wp-block-heading\" id=\"h-contas-no-verde\">Contas no Verde<\/h3>\n<p>Na sala de espera para falar com Bruno Reis, o ex-prefeito de Feira de Santana adiantou que recebeu a not\u00edcia, no final da tarde desta quinta (3), de que as contas do seu governo, referentes ao ano de 2022, foram aprovadas pelo Tribunal de Contas dos Munic\u00edpios da Bahia (<a href=\"https:\/\/www.acordacidade.com.br\/tag\/tcm\/\">TCM<\/a>).<\/p>\n<p>\u201cO relator foi o conselheiro M\u00e1rio Negromonte. Elas foram aprovadas sem nenhum tipo de problema. Hoje foi a \u00faltima sess\u00e3o de Negromonte no tribunal; ele est\u00e1 se aposentando na pr\u00f3xima segunda-feira. E eu fico muito tranquilo, porque as contas s\u00e3o do meu governo. Ent\u00e3o, s\u00e3o todos aqueles que participaram do governo que ajudaram a fazer essas contas dessa qualidade\u201d, disse o ex-prefeito.<\/p>\n<p>Ainda segundo Colbert Martins, a aprova\u00e7\u00e3o das contas deve ser publicada oficialmente pelo TCM nesta sexta (4). Quanto ao cargo que ocupar\u00e1 na capital, o ex-prefeito afirmou que ele deve estar entre as pr\u00f3ximas publica\u00e7\u00f5es do Di\u00e1rio Oficial do munic\u00edpio de Salvador.<\/p>\n<div class=\"wp-block-group\">\n<div class=\"wp-block-group__inner-container is-layout-constrained wp-block-group-is-layout-constrained\">\n<p><em>Com informa\u00e7\u00f5es da jornalista Iasmim Santos do Acorda Cidade <\/em><\/p>\n<p><em>Reportagem escrita pelo estagi\u00e1rio de jornalismo Jefferson Ara\u00fajo sob supervis\u00e3o<\/em> <em>da Jornalista Daniela Cardoso<\/em><\/p>\n<p><em>Siga o Acorda Cidade no<\/em><a href=\"https:\/\/news.google.com\/search?q=acorda%20cidade&amp;hl=pt-BR&amp;gl=BR&amp;ceid=BR%3Apt-419\"><strong><em>\u00a0Google Not\u00edcias<\/em><\/strong><\/a><em>\u00a0e receba os principais destaques do dia. Participe tamb\u00e9m dos nossos canais no\u00a0<\/em><a href=\"https:\/\/www.whatsapp.com\/channel\/0029Va6Rb4v3WHTNnsh8WI3N\"><strong><em>WhatsApp<\/em><\/strong><\/a><em>\u00a0e\u00a0<\/em><a href=\"https:\/\/www.youtube.com\/@acordacidadenoticias\/videos\"><strong>Youtube<\/strong><\/a><em>\u00a0e grupo de\u00a0<\/em><a href=\"https:\/\/t.me\/+sSz0khrgARA0ZmRh\"><strong><em>Telegram<\/em><\/strong><\/a><\/p>\n<\/div>\n<\/div>\n<\/div>\n<\/div>\n<\/div>\n","protected":false},"excerpt":{"rendered":"<div>\n<div>\n<figure><img decoding=\"async\" src=\"https:\/\/www.acordacidade.com.br\/wp-content\/uploads\/2024\/06\/Prefeito-Colbert-Martins-Foto-Paulo-Jose-Acorda-Cidade.jpg\" alt=\"Colbert Martins Filho\"><figcaption>Foto: Paulo Jos\u00e9\/ Acorda Cidade <\/figcaption><\/figure>\n<\/div>\n<p>Colbert informou que est\u00e1 aguardando a defini\u00e7\u00e3o, que dever\u00e1 sair de uma reuni\u00e3o com o prefeito de Salvador ainda nesta quinta (3).<\/p><\/div>\n","protected":false},"author":1,"featured_media":92011,"comment_status":"closed","ping_status":"closed","sticky":false,"template":"","format":"gallery","meta":{"footnotes":""},"categories":[8,9,6,57,56,10],"tags":[],"class_list":["post-92010","post","type-post","status-publish","format-gallery","has-post-thumbnail","hentry","category-bahia","category-brasil","category-feira-de-santana","category-mundo","category-policia","category-politica","post_format-post-format-gallery"],"featured_image_urls":{"full":["https:\/\/noticiasbahia360.com.br\/wp-content\/uploads\/2025\/07\/Prefeito-Colbert-Martins-Foto-Paulo-Jose-Acorda-Cidade.jpg",640,368,false],"thumbnail":["https:\/\/noticiasbahia360.com.br\/wp-content\/uploads\/2025\/07\/Prefeito-Colbert-Martins-Foto-Paulo-Jose-Acorda-Cidade-150x150.jpg",150,150,true],"medium":["https:\/\/noticiasbahia360.com.br\/wp-content\/uploads\/2025\/07\/Prefeito-Colbert-Martins-Foto-Paulo-Jose-Acorda-Cidade-300x173.jpg",300,173,true],"medium_large":["https:\/\/noticiasbahia360.com.br\/wp-content\/uploads\/2025\/07\/Prefeito-Colbert-Martins-Foto-Paulo-Jose-Acorda-Cidade.jpg",640,368,false],"large":["https:\/\/noticiasbahia360.com.br\/wp-content\/uploads\/2025\/07\/Prefeito-Colbert-Martins-Foto-Paulo-Jose-Acorda-Cidade.jpg",640,368,false],"1536x1536":["https:\/\/noticiasbahia360.com.br\/wp-content\/uploads\/2025\/07\/Prefeito-Colbert-Martins-Foto-Paulo-Jose-Acorda-Cidade.jpg",640,368,false],"2048x2048":["https:\/\/noticiasbahia360.com.br\/wp-content\/uploads\/2025\/07\/Prefeito-Colbert-Martins-Foto-Paulo-Jose-Acorda-Cidade.jpg",640,368,false],"chromenews-featured":["https:\/\/noticiasbahia360.com.br\/wp-content\/uploads\/2025\/07\/Prefeito-Colbert-Martins-Foto-Paulo-Jose-Acorda-Cidade.jpg",640,368,false],"chromenews-large":["https:\/\/noticiasbahia360.com.br\/wp-content\/uploads\/2025\/07\/Prefeito-Colbert-Martins-Foto-Paulo-Jose-Acorda-Cidade.jpg",640,368,false],"chromenews-medium":["https:\/\/noticiasbahia360.com.br\/wp-content\/uploads\/2025\/07\/Prefeito-Colbert-Martins-Foto-Paulo-Jose-Acorda-Cidade-590x368.jpg",590,368,true]},"author_info":{"display_name":"noticiasbahia360.com.br","author_link":"https:\/\/noticiasbahia360.com.br\/?author=1"},"category_info":"<a href=\"https:\/\/noticiasbahia360.com.br\/?cat=8\" rel=\"category\">Bahia<\/a> <a href=\"https:\/\/noticiasbahia360.com.br\/?cat=9\" rel=\"category\">Brasil<\/a> <a href=\"https:\/\/noticiasbahia360.com.br\/?cat=6\" rel=\"category\">Feira de Santana<\/a> <a href=\"https:\/\/noticiasbahia360.com.br\/?cat=57\" rel=\"category\">Mundo<\/a> <a href=\"https:\/\/noticiasbahia360.com.br\/?cat=56\" rel=\"category\">Pol\u00edcia<\/a> <a href=\"https:\/\/noticiasbahia360.com.br\/?cat=10\" rel=\"category\">Pol\u00edtica<\/a>","tag_info":"Pol\u00edtica","comment_count":"0","_links":{"self":[{"href":"https:\/\/noticiasbahia360.com.br\/index.php?rest_route=\/wp\/v2\/posts\/92010","targetHints":{"allow":["GET"]}}],"collection":[{"href":"https:\/\/noticiasbahia360.com.br\/index.php?rest_route=\/wp\/v2\/posts"}],"about":[{"href":"https:\/\/noticiasbahia360.com.br\/index.php?rest_route=\/wp\/v2\/types\/post"}],"author":[{"embeddable":true,"href":"https:\/\/noticiasbahia360.com.br\/index.php?rest_route=\/wp\/v2\/users\/1"}],"replies":[{"embeddable":true,"href":"https:\/\/noticiasbahia360.com.br\/index.php?rest_route=%2Fwp%2Fv2%2Fcomments&post=92010"}],"version-history":[{"count":0,"href":"https:\/\/noticiasbahia360.com.br\/index.php?rest_route=\/wp\/v2\/posts\/92010\/revisions"}],"wp:featuredmedia":[{"embeddable":true,"href":"https:\/\/noticiasbahia360.com.br\/index.php?rest_route=\/wp\/v2\/media\/92011"}],"wp:attachment":[{"href":"https:\/\/noticiasbahia360.com.br\/index.php?rest_route=%2Fwp%2Fv2%2Fmedia&parent=92010"}],"wp:term":[{"taxonomy":"category","embeddable":true,"href":"https:\/\/noticiasbahia360.com.br\/index.php?rest_route=%2Fwp%2Fv2%2Fcategories&post=92010"},{"taxonomy":"post_tag","embeddable":true,"href":"https:\/\/noticiasbahia360.com.br\/index.php?rest_route=%2Fwp%2Fv2%2Ftags&post=92010"}],"curies":[{"name":"wp","href":"https:\/\/api.w.org\/{rel}","templated":true}]}}