{"id":92012,"date":"2025-07-03T18:48:28","date_gmt":"2025-07-03T21:48:28","guid":{"rendered":"https:\/\/noticiasbahia360.com.br\/?p=92012"},"modified":"2025-07-03T18:48:28","modified_gmt":"2025-07-03T21:48:28","slug":"briga-entre-faccoes-policia-apreende-cameras-de-monitoramento-ilegais-em-bairros-de-feira-de-santana","status":"publish","type":"post","link":"https:\/\/noticiasbahia360.com.br\/?p=92012","title":{"rendered":"Briga entre fac\u00e7\u00f5es: Pol\u00edcia apreende c\u00e2meras de monitoramento ilegais em bairros de Feira de Santana"},"content":{"rendered":"<div>\n<div>\n<figure><img decoding=\"async\" src=\"http:\/\/noticiasbahia360.com.br\/wp-content\/uploads\/2025\/07\/Cameras-clandestinas-apreendidas-ft-ed-santos-acorda-cidade-.webp\" alt=\"c\u00e2meras clandestinas\"><figcaption>Foto: Ed Santos\/Acorda Cidade<\/figcaption><\/figure>\n<\/div>\n<p>A Pol\u00edcia Militar apreendeu na manh\u00e3 desta quinta-feira (3), sete <a href=\"https:\/\/www.acordacidade.com.br\/tag\/cameras-clandestinas\/\">c\u00e2meras de vigil\u00e2ncia<\/a> instaladas de forma irregular em vias p\u00fablicas dos bairros S\u00e3o Jo\u00e3o do Cazumb\u00e1 e Viveiros, em Feira de Santana. A a\u00e7\u00e3o faz parte de uma s\u00e9rie de opera\u00e7\u00f5es da <a href=\"https:\/\/www.acordacidade.com.br\/tag\/65a-cipm\/\">65\u00aa Companhia Independente da Pol\u00edcia Militar (CIPM)<\/a> para conter a atua\u00e7\u00e3o de fac\u00e7\u00f5es criminosas que disputam territ\u00f3rio nessas regi\u00f5es.<\/p>\n<p>A medida ocorre ap\u00f3s um <a href=\"https:\/\/www.acordacidade.com.br\/policia\/criminosos-fazem-pichacoes-e-disparam-cerca-de-20-tiros-em-via-publica-de-feira-de-santana\/\" target=\"_blank\" rel=\"noreferrer noopener\"><strong>ataque com disparos de arma de fogo e picha\u00e7\u00f5es com siglas de fac\u00e7\u00f5es criminosas ocorrido no \u00faltimo domingo (29), no bairro S\u00e3o Jo\u00e3o do Cazumb\u00e1, pr\u00f3ximo \u00e0 regi\u00e3o do CIS.<\/strong> <\/a>Segundo o comandante da 65\u00aa CIPM, major Jorge Freitas, a sequ\u00eancia de epis\u00f3dios violentos foi iniciada por criminosos da localidade do S\u00e3o Jo\u00e3o do Cazumb\u00e1, que atacaram o bairro Viveiros. Dias depois, um revide foi registrado com intensos tiros no Cazumb\u00e1.<\/p>\n<p>\u201cL\u00e1 no S\u00e3o Jo\u00e3o do Cazumb\u00e1 e no bairro Viveiros, s\u00e3o bairros que t\u00eam grupos criminosos rivais, houve um ataque, primeiramente, do S\u00e3o Jo\u00e3o do Cazumb\u00e1, no caso, os criminosos daquela localidade ao bairro Viveiros. E dias depois ocorreu esse revide, em que foram efetuados diversos disparos de arma de fogo no S\u00e3o Jo\u00e3o do Cazumb\u00e1\u201d, confirmou o comandante em entrevista ao Portal Acorda Cidade.<\/p>\n<figure class=\"wp-block-image size-large is-resized\"><img fetchpriority=\"high\" data-dominant-color=\"5e5547\" data-has-transparency=\"false\" fetchpriority=\"high\" decoding=\"async\" width=\"576\" height=\"768\" sizes=\"(max-width: 576px) 100vw, 576px\" src=\"http:\/\/noticiasbahia360.com.br\/wp-content\/uploads\/2025\/07\/Criminosos-fazem-pichacoes-e-disparam-cerca-de-20-tiros-em-via-publica-de-Feira-de-Santana-576x768-1.jpg\" alt=\"Criminosos fazem picha\u00e7\u00f5es e disparam cerca de 20 tiros em via p\u00fablica de Feira de Santana fac\u00e7\u00f5es criminosas\" class=\"wp-image-570168 not-transparent\" style=\"--dominant-color: #5e5547; width:840px;height:auto\" srcset=\"https:\/\/uploads.acordacidade.com.br\/2025\/06\/Criminosos-fazem-pichacoes-e-disparam-cerca-de-20-tiros-em-via-publica-de-Feira-de-Santana-274x365.jpg 274w, http:\/\/noticiasbahia360.com.br\/wp-content\/uploads\/2025\/07\/Criminosos-fazem-pichacoes-e-disparam-cerca-de-20-tiros-em-via-publica-de-Feira-de-Santana-576x768-1.jpg 576w, https:\/\/uploads.acordacidade.com.br\/2025\/06\/Criminosos-fazem-pichacoes-e-disparam-cerca-de-20-tiros-em-via-publica-de-Feira-de-Santana-415x553.jpg 415w, https:\/\/uploads.acordacidade.com.br\/2025\/06\/Criminosos-fazem-pichacoes-e-disparam-cerca-de-20-tiros-em-via-publica-de-Feira-de-Santana-640x853.jpg 640w, https:\/\/uploads.acordacidade.com.br\/2025\/06\/Criminosos-fazem-pichacoes-e-disparam-cerca-de-20-tiros-em-via-publica-de-Feira-de-Santana-150x200.jpg 150w, https:\/\/uploads.acordacidade.com.br\/2025\/06\/Criminosos-fazem-pichacoes-e-disparam-cerca-de-20-tiros-em-via-publica-de-Feira-de-Santana.jpg 960w\"><figcaption class=\"wp-element-caption\">C\u00e1psulas encontradas pela Pol\u00edcia Militar<\/figcaption><\/figure>\n<p>O major refor\u00e7ou que as a\u00e7\u00f5es est\u00e3o sendo intensificadas com o apoio de unidades especializadas e do Comando de Policiamento da Regi\u00e3o Leste. \u201cEstamos monitorando toda a movimenta\u00e7\u00e3o dos criminosos nesses dois bairros e realizando opera\u00e7\u00f5es diuturnamente, de modo que a comunidade pode ficar tranquila, que n\u00f3s vamos manter a paz e a tranquilidade\u201d, assegurou.<\/p>\n<h2 class=\"wp-block-heading\" id=\"h-cameras-clandestinas\">C\u00e2meras clandestinas<\/h2>\n<p>Durante a opera\u00e7\u00e3o desta quinta, os policiais identificaram equipamentos de videomonitoramento instalados em postes e fachadas que, segundo o major, estavam irregulares e n\u00e3o autorizados.<\/p>\n<p>\u201cDurante as incurs\u00f5es, foram verificadas c\u00e2meras instaladas em via p\u00fablica de forma irregular e prontamente n\u00f3s fizemos a remo\u00e7\u00e3o e a apresenta\u00e7\u00e3o na delegacia para a investiga\u00e7\u00e3o da motiva\u00e7\u00e3o pela qual particulares instalaram\u201d, disse.<\/p>\n<p>De acordo com major Freitas, a legisla\u00e7\u00e3o permite a instala\u00e7\u00e3o de c\u00e2meras por particulares apenas em espa\u00e7os privados, como resid\u00eancias e estabelecimentos comerciais. O monitoramento de vias p\u00fablicas \u00e9 atribui\u00e7\u00e3o exclusiva do poder p\u00fablico.\u00a0<\/p>\n<figure class=\"wp-block-image size-full\"><img data-dominant-color=\"a4a09a\" data-has-transparency=\"false\" style=\"--dominant-color: #a4a09a;\" decoding=\"async\" width=\"1200\" height=\"746\" sizes=\"(max-width: 1200px) 100vw, 1200px\" src=\"http:\/\/noticiasbahia360.com.br\/wp-content\/uploads\/2025\/07\/Major-PM-Jorge-Freitas-ft-ed-santos-acorda-cidade.webp\" alt=\"Major PM Jorge Freitas - 65\u00aa CIPM\" class=\"wp-image-571256 not-transparent\" srcset=\"https:\/\/uploads.acordacidade.com.br\/2025\/07\/Major-PM-Jorge-Freitas-ft-ed-santos-acorda-cidade-587x365.webp 587w, https:\/\/uploads.acordacidade.com.br\/2025\/07\/Major-PM-Jorge-Freitas-ft-ed-santos-acorda-cidade-890x553.webp 890w, https:\/\/uploads.acordacidade.com.br\/2025\/07\/Major-PM-Jorge-Freitas-ft-ed-santos-acorda-cidade-150x93.webp 150w, http:\/\/noticiasbahia360.com.br\/wp-content\/uploads\/2025\/07\/Major-PM-Jorge-Freitas-ft-ed-santos-acorda-cidade.webp 1200w\"><figcaption class=\"wp-element-caption\">Major PM Jorge Freitas | Foto: Ed Santos\/Acorda Cidade<\/figcaption><\/figure>\n<p>Quando questionado sobre a finalidade desses equipamentos, o comandante afirmou que ainda n\u00e3o h\u00e1 confirma\u00e7\u00e3o t\u00e9cnica nem jur\u00eddica, mas existe um forte indicativo do uso pelas fac\u00e7\u00f5es.<\/p>\n<p>\u201cExiste, obviamente, por todo o contexto, o indicativo de que os grupos criminosos atuantes nesses dois bairros instalam as c\u00e2meras, tanto para observar a presen\u00e7a das for\u00e7as de seguran\u00e7a trabalhando no bairro, como tamb\u00e9m o deslocamento dos grupos rivais e poderem se defender ou contra-atacar\u201d, explicou.\u00a0<\/p>\n<p>Segundo Freitas, a remo\u00e7\u00e3o desses equipamentos vai continuar, assim como tamb\u00e9m a atua\u00e7\u00e3o no combate ao tr\u00e1fico de drogas e todos os delitos que est\u00e3o previstos na legisla\u00e7\u00e3o. <a href=\"https:\/\/www.acordacidade.com.br\/policia\/policia-descobre-mais-uma-central-de-vigilancia-feita-por-criminosos-com-cameras-clandestinas-em-feira-de-santana\/\" target=\"_blank\" rel=\"noreferrer noopener\"><strong>Em janeiro deste ano, a pol\u00edcia apreendeu uma central de vigil\u00e2ncia feita por criminosos no bairro Papagaio.\u00a0<\/strong><\/a><\/p>\n<h2 class=\"wp-block-heading\" id=\"h-homicidio-no-bairro-irma-dulce\">Homic\u00eddio no bairro Irm\u00e3 Dulce<\/h2>\n<p>Ainda durante a entrevista, o major comentou sobre o homic\u00eddio registrado na noite do feriado de 2 de julho, no bairro Irm\u00e3 Dulce. <a href=\"https:\/\/www.acordacidade.com.br\/policia\/homem-de-45-anos-e-assassinado-no-bairro-brasilia-em-feira-de-santana\/\"><strong>A v\u00edtima, Israildo Rios da Silva, de 45 anos<\/strong><\/a>, foi atingida por um disparo na barriga e morreu no local.<\/p>\n<p>\u201cAs informa\u00e7\u00f5es colhidas inicialmente \u00e9 de que dois homens a bordo de uma motocicleta chegaram e atiraram na v\u00edtima\u201d, disse.<\/p>\n<figure class=\"wp-block-image size-full\"><img data-dominant-color=\"656057\" data-has-transparency=\"false\" style=\"--dominant-color: #656057;\" decoding=\"async\" width=\"1200\" height=\"696\" sizes=\"(max-width: 1200px) 100vw, 1200px\" src=\"http:\/\/noticiasbahia360.com.br\/wp-content\/uploads\/2025\/07\/5hlrrlrs-Israildo-Rios-da-Silva.jpg\" alt=\"Israildo Rios da Silva\" class=\"wp-image-571003 not-transparent\" srcset=\"https:\/\/uploads.acordacidade.com.br\/2025\/07\/Israildo-Rios-da-Silva-629x365.jpg 629w, https:\/\/uploads.acordacidade.com.br\/2025\/07\/Israildo-Rios-da-Silva-953x553.jpg 953w, https:\/\/uploads.acordacidade.com.br\/2025\/07\/Israildo-Rios-da-Silva-150x87.jpg 150w, http:\/\/noticiasbahia360.com.br\/wp-content\/uploads\/2025\/07\/5hlrrlrs-Israildo-Rios-da-Silva.jpg 1200w\"><figcaption class=\"wp-element-caption\">Israildo Rios da Silva, de 45 anos<\/figcaption><\/figure>\n<p>A Pol\u00edcia Militar informou que a v\u00edtima n\u00e3o seria o alvo dos criminosos, mas sim outra pessoa que estaria nas imedia\u00e7\u00f5es.\u00a0<\/p>\n<p>\u201c\u00c9 \u00f3bvio que n\u00e3o compete \u00e0 Pol\u00edcia Militar a investiga\u00e7\u00e3o do crime, \u00e9 uma compet\u00eancia exclusiva da Pol\u00edcia Civil. Mas as pessoas comentam alguns detalhes e afirmam que o alvo n\u00e3o seria, de fato, a pessoa atingida, e sim um outro homem por conta da guerra que os grupos criminosos teriam entre si\u201d, explicou o comandante.<\/p>\n<p>As informa\u00e7\u00f5es j\u00e1 foram encaminhadas para a Delegacia de Homic\u00eddios, que dar\u00e1 seguimento \u00e0s investiga\u00e7\u00f5es. \u201cTemos informa\u00e7\u00f5es de poss\u00edveis autores, j\u00e1 passamos inclusive para a DH e temos certeza que v\u00e3o conseguir materializar e configurar quem de fato cometeu o crime para poder entreg\u00e1-lo ao Poder Judici\u00e1rio\u201d, destacou.<\/p>\n<h2 class=\"wp-block-heading\" id=\"h-reducao-de-homicidios\">Redu\u00e7\u00e3o de homic\u00eddios<\/h2>\n<p>Apesar dos recentes epis\u00f3dios de viol\u00eancia em Feira, <a href=\"https:\/\/www.acordacidade.com.br\/policia\/com-reducao-nos-homicidios-em-maio-feira-de-santana-mantem-tendencia-de-queda-na-violencia\/\" target=\"_blank\" rel=\"noreferrer noopener\">a pol\u00edcia tem registrado nos \u00faltimos meses redu\u00e7\u00f5es no n\u00famero de Crimes Violentos Letais e Intencionais (CVLIs)<\/a>. A 65\u00aa CIPM, por exemplo, encerrou o primeiro semestre de 2025 com uma redu\u00e7\u00e3o hist\u00f3rica de <strong>23,26% <\/strong>nos homic\u00eddios registrados em sua \u00e1rea de atua\u00e7\u00e3o, a zona sul de Feira e o munic\u00edpio de Tanquinho.<\/p>\n<p>Segundo o comandante, a marca representa o terceiro semestre consecutivo de queda nos \u00edndices de viol\u00eancia letal. Em Tanquinho, que passou a integrar a \u00e1rea da companhia no segundo semestre de 2024, n\u00e3o foi registrado nenhum homic\u00eddio no primeiro semestre de 2025.<\/p>\n<h2 class=\"wp-block-heading\" id=\"h-produtividade-da-65\u00aa-cipm-de-1\u00ba-de-janeiro-a-30-de-junho-de-2025\">Produtividade da 65\u00aa CIPM (de 1\u00ba de janeiro a 30 de junho de 2025)<\/h2>\n<ul class=\"wp-block-list\">\n<li>Pessoas conduzidas: 181<\/li>\n<li>Presos em flagrante: 77<\/li>\n<li>Termos Circunstanciados de Ocorr\u00eancia (TCO): 75<\/li>\n<li>Adolescentes apreendidos: 8<\/li>\n<li>Armas de fogo apreendidas: 30<\/li>\n<li>Ocorr\u00eancias com drogas: 58<\/li>\n<li>Ve\u00edculos recuperados: 112<\/li>\n<li>Mandados de pris\u00e3o cumpridos: 12<\/li>\n<\/ul>\n<p>\u201cS\u00f3 tenho a agradecer, primeiramente, ao Comando de Policiamento da Regi\u00e3o Leste, na pessoa do Coronel Muller, que tem nos dado todo o suporte, e tamb\u00e9m \u00e0 tropa da 65\u00aa CIPM, esses bravos homens e mulheres que todos os dias saem de suas resid\u00eancias para proteger a nossa sociedade. Fomos contemplados com o pr\u00eamio por desempenho policial que deve ser pago mais uma vez agora no segundo semestre\u201d, finalizou o major Freitas.<\/p>\n<p><em>Com informa\u00e7\u00f5es do rep\u00f3rter Ed Santos do Acorda Cidade<\/em><\/p>\n<p><strong>Leia tamb\u00e9m: <\/strong><\/p>\n<p><a href=\"https:\/\/www.acordacidade.com.br\/policia\/homem-de-45-anos-e-assassinado-no-bairro-brasilia-em-feira-de-santana\/\" target=\"_blank\" rel=\"noreferrer noopener\"><strong>Homem de 45 anos \u00e9 assassinado no bairro Bras\u00edlia em Feira de Santana<\/strong><\/a><\/p>\n<p><strong><a href=\"https:\/\/www.acordacidade.com.br\/policia\/criminosos-fazem-pichacoes-e-disparam-cerca-de-20-tiros-em-via-publica-de-feira-de-santana\/\" target=\"_blank\" rel=\"noreferrer noopener\">Criminosos fazem picha\u00e7\u00f5es e disparam v\u00e1rios tiros em via p\u00fablica de Feira de Santana<\/a><\/strong><\/p>\n<p><strong><a href=\"https:\/\/www.acordacidade.com.br\/policia\/policia-descobre-mais-uma-central-de-vigilancia-feita-por-criminosos-com-cameras-clandestinas-em-feira-de-santana\/\" target=\"_blank\" rel=\"noreferrer noopener\">Pol\u00edcia descobre mais uma central de vigil\u00e2ncia feita por criminosos com c\u00e2meras clandestinas em Feira de Santana<\/a><\/strong><\/p>\n<p><a href=\"https:\/\/www.acordacidade.com.br\/policia\/com-reducao-nos-homicidios-em-maio-feira-de-santana-mantem-tendencia-de-queda-na-violencia\/\" target=\"_blank\" rel=\"noreferrer noopener\"><strong>Com redu\u00e7\u00e3o nos homic\u00eddios em maio, Feira de Santana mant\u00e9m tend\u00eancia de queda na viol\u00eancia<\/strong><\/a><strong><br \/><\/strong><\/p>\n<p><em>Siga o Acorda Cidade no<\/em><a href=\"https:\/\/news.google.com\/search?q=acorda%20cidade&amp;hl=pt-BR&amp;gl=BR&amp;ceid=BR%3Apt-419\"><strong><em>\u00a0Google Not\u00edcias<\/em><\/strong><\/a><em>\u00a0e receba os principais destaques do dia. Participe tamb\u00e9m dos nossos canais no\u00a0<\/em><a href=\"https:\/\/www.whatsapp.com\/channel\/0029Va6Rb4v3WHTNnsh8WI3N\"><strong><em>WhatsApp<\/em><\/strong><\/a><em>\u00a0e\u00a0<\/em><a href=\"https:\/\/www.youtube.com\/@acordacidadenoticias\/videos\"><strong>Youtube<\/strong><\/a><em>\u00a0e grupo de\u00a0<\/em><a href=\"https:\/\/t.me\/+sSz0khrgARA0ZmRh\"><strong><em>Telegram<\/em><\/strong><\/a><em>.<\/em><\/p>\n<\/div>\n","protected":false},"excerpt":{"rendered":"<div>\n<div>\n<figure><img decoding=\"async\" src=\"https:\/\/uploads.acordacidade.com.br\/2025\/07\/Cameras-clandestinas-apreendidas-ft-ed-santos-acorda-cidade-.webp\" alt=\"c\u00e2meras clandestinas\"><figcaption>Foto: Ed Santos\/Acorda Cidade<\/figcaption><\/figure>\n<\/div>\n<p>Sete c\u00e2meras foram retiradas das ruas durante opera\u00e7\u00e3o da 65\u00aa CIPM nos bairros S\u00e3o Jo\u00e3o do Cazumb\u00e1 e Viveiros.<\/p><\/div>\n","protected":false},"author":1,"featured_media":92013,"comment_status":"closed","ping_status":"closed","sticky":false,"template":"","format":"gallery","meta":{"footnotes":""},"categories":[8,9,6,57,56,10],"tags":[],"class_list":["post-92012","post","type-post","status-publish","format-gallery","has-post-thumbnail","hentry","category-bahia","category-brasil","category-feira-de-santana","category-mundo","category-policia","category-politica","post_format-post-format-gallery"],"featured_image_urls":{"full":["https:\/\/noticiasbahia360.com.br\/wp-content\/uploads\/2025\/07\/Cameras-clandestinas-apreendidas-ft-ed-santos-acorda-cidade-.webp",1200,765,false],"thumbnail":["https:\/\/noticiasbahia360.com.br\/wp-content\/uploads\/2025\/07\/Cameras-clandestinas-apreendidas-ft-ed-santos-acorda-cidade--150x150.webp",150,150,true],"medium":["https:\/\/noticiasbahia360.com.br\/wp-content\/uploads\/2025\/07\/Cameras-clandestinas-apreendidas-ft-ed-santos-acorda-cidade--300x191.webp",300,191,true],"medium_large":["https:\/\/noticiasbahia360.com.br\/wp-content\/uploads\/2025\/07\/Cameras-clandestinas-apreendidas-ft-ed-santos-acorda-cidade--768x490.webp",640,408,true],"large":["https:\/\/noticiasbahia360.com.br\/wp-content\/uploads\/2025\/07\/Cameras-clandestinas-apreendidas-ft-ed-santos-acorda-cidade--1024x653.webp",640,408,true],"1536x1536":["https:\/\/noticiasbahia360.com.br\/wp-content\/uploads\/2025\/07\/Cameras-clandestinas-apreendidas-ft-ed-santos-acorda-cidade-.webp",1200,765,false],"2048x2048":["https:\/\/noticiasbahia360.com.br\/wp-content\/uploads\/2025\/07\/Cameras-clandestinas-apreendidas-ft-ed-santos-acorda-cidade-.webp",1200,765,false],"chromenews-featured":["https:\/\/noticiasbahia360.com.br\/wp-content\/uploads\/2025\/07\/Cameras-clandestinas-apreendidas-ft-ed-santos-acorda-cidade--1024x653.webp",1024,653,true],"chromenews-large":["https:\/\/noticiasbahia360.com.br\/wp-content\/uploads\/2025\/07\/Cameras-clandestinas-apreendidas-ft-ed-santos-acorda-cidade--825x575.webp",825,575,true],"chromenews-medium":["https:\/\/noticiasbahia360.com.br\/wp-content\/uploads\/2025\/07\/Cameras-clandestinas-apreendidas-ft-ed-santos-acorda-cidade--590x410.webp",590,410,true]},"author_info":{"display_name":"noticiasbahia360.com.br","author_link":"https:\/\/noticiasbahia360.com.br\/?author=1"},"category_info":"<a href=\"https:\/\/noticiasbahia360.com.br\/?cat=8\" rel=\"category\">Bahia<\/a> <a href=\"https:\/\/noticiasbahia360.com.br\/?cat=9\" rel=\"category\">Brasil<\/a> <a href=\"https:\/\/noticiasbahia360.com.br\/?cat=6\" rel=\"category\">Feira de Santana<\/a> <a href=\"https:\/\/noticiasbahia360.com.br\/?cat=57\" rel=\"category\">Mundo<\/a> <a href=\"https:\/\/noticiasbahia360.com.br\/?cat=56\" rel=\"category\">Pol\u00edcia<\/a> <a href=\"https:\/\/noticiasbahia360.com.br\/?cat=10\" rel=\"category\">Pol\u00edtica<\/a>","tag_info":"Pol\u00edtica","comment_count":"0","_links":{"self":[{"href":"https:\/\/noticiasbahia360.com.br\/index.php?rest_route=\/wp\/v2\/posts\/92012","targetHints":{"allow":["GET"]}}],"collection":[{"href":"https:\/\/noticiasbahia360.com.br\/index.php?rest_route=\/wp\/v2\/posts"}],"about":[{"href":"https:\/\/noticiasbahia360.com.br\/index.php?rest_route=\/wp\/v2\/types\/post"}],"author":[{"embeddable":true,"href":"https:\/\/noticiasbahia360.com.br\/index.php?rest_route=\/wp\/v2\/users\/1"}],"replies":[{"embeddable":true,"href":"https:\/\/noticiasbahia360.com.br\/index.php?rest_route=%2Fwp%2Fv2%2Fcomments&post=92012"}],"version-history":[{"count":0,"href":"https:\/\/noticiasbahia360.com.br\/index.php?rest_route=\/wp\/v2\/posts\/92012\/revisions"}],"wp:featuredmedia":[{"embeddable":true,"href":"https:\/\/noticiasbahia360.com.br\/index.php?rest_route=\/wp\/v2\/media\/92013"}],"wp:attachment":[{"href":"https:\/\/noticiasbahia360.com.br\/index.php?rest_route=%2Fwp%2Fv2%2Fmedia&parent=92012"}],"wp:term":[{"taxonomy":"category","embeddable":true,"href":"https:\/\/noticiasbahia360.com.br\/index.php?rest_route=%2Fwp%2Fv2%2Fcategories&post=92012"},{"taxonomy":"post_tag","embeddable":true,"href":"https:\/\/noticiasbahia360.com.br\/index.php?rest_route=%2Fwp%2Fv2%2Ftags&post=92012"}],"curies":[{"name":"wp","href":"https:\/\/api.w.org\/{rel}","templated":true}]}}