{"id":92028,"date":"2025-07-03T20:37:38","date_gmt":"2025-07-03T23:37:38","guid":{"rendered":"https:\/\/noticiasbahia360.com.br\/?p=92028"},"modified":"2025-07-03T20:37:38","modified_gmt":"2025-07-03T23:37:38","slug":"antt-abre-50-vagas-para-nivel-medio-com-salario-inicial-de-r-8-mil-no-concurso-nacional-unificado","status":"publish","type":"post","link":"https:\/\/noticiasbahia360.com.br\/?p=92028","title":{"rendered":"ANTT abre 50 vagas para n\u00edvel m\u00e9dio com sal\u00e1rio inicial de R$ 8 mil no Concurso Nacional Unificado"},"content":{"rendered":"<div>\n<div>\n<figure><img decoding=\"async\" src=\"http:\/\/noticiasbahia360.com.br\/wp-content\/uploads\/2025\/07\/ANTT-foto-ascom.jpeg\" alt=\"g\u00eancia Nacional de Transportes Terrestres (ANTT)\"><figcaption>Foto: Ascom\/ANTT<\/figcaption><\/figure>\n<\/div>\n<p>AAg\u00eancia Nacional de Transportes Terrestres (ANTT) d\u00e1 mais um passo estrat\u00e9gico para o fortalecimento de sua atua\u00e7\u00e3o em todo o pa\u00eds. Est\u00e3o abertas as inscri\u00e7\u00f5es para o <a href=\"https:\/\/www.acordacidade.com.br\/tag\/concursos\/\">Concurso <\/a>Nacional Unificado (CNU), com oferta de 50 vagas na Ag\u00eancia para o cargo de T\u00e9cnico em Regula\u00e7\u00e3o de Servi\u00e7os de Transportes Terrestres, fun\u00e7\u00e3o de n\u00edvel m\u00e9dio com sal\u00e1rio inicial de R$ 8.053,32.<\/p>\n<p>Essa \u00e9 uma oportunidade hist\u00f3rica para quem deseja ingressar no servi\u00e7o p\u00fablico federal e atuar diretamente na regula\u00e7\u00e3o e fiscaliza\u00e7\u00e3o dos transportes terrestres, um setor essencial para o desenvolvimento econ\u00f4mico e a integra\u00e7\u00e3o nacional.<\/p>\n<p>As <a href=\"https:\/\/conhecimento.fgv.br\/cpnu2\" target=\"_blank\" rel=\"noreferrer noopener\">inscri\u00e7\u00f5es podem ser feitas at\u00e9 o dia 20 de julho, no site da banca organizadora FGV<\/a>, mediante acesso ao gov.br. O valor da taxa de inscri\u00e7\u00e3o \u00e9 de R$ 70, com possibilidade de isen\u00e7\u00e3o para quem atender aos crit\u00e9rios estabelecidos em edital. As provas objetivas e discursivas est\u00e3o previstas para o dia 5 de outubro de 2025, com aplica\u00e7\u00e3o simult\u00e2nea em todo o Brasil.<\/p>\n<p>As vagas para a ANTT est\u00e3o localizadas no Bloco 9 do CNU, o que exige aten\u00e7\u00e3o redobrada por parte dos candidatos na hora da inscri\u00e7\u00e3o. A distribui\u00e7\u00e3o contempla diversas regi\u00f5es do pa\u00eds: Centro-Oeste (23 vagas), Norte e Nordeste (6 vagas), Sudeste (13 vagas) e Sul (8 vagas). A jornada de trabalho ser\u00e1 de 40 horas semanais.<\/p>\n<p>O processo seletivo contar\u00e1 com provas objetivas e uma reda\u00e7\u00e3o dissertativa-argumentativa, com foco em conhecimentos gerais e temas relacionados \u00e0 regula\u00e7\u00e3o e ao papel das ag\u00eancias reguladoras. Os conte\u00fados incluem L\u00edngua Portuguesa, Matem\u00e1tica, No\u00e7\u00f5es de Direito, Realidade Brasileira e, no caso espec\u00edfico da ANTT, Regula\u00e7\u00e3o e Ag\u00eancias Reguladoras.<\/p>\n<p>A participa\u00e7\u00e3o da Ag\u00eancia no CNU marca um avan\u00e7o na pol\u00edtica de moderniza\u00e7\u00e3o e democratiza\u00e7\u00e3o do acesso ao servi\u00e7o p\u00fablico, ampliando as oportunidades para candidatos de diferentes estados e realidades socioecon\u00f4micas.<\/p>\n<h2 class=\"wp-block-heading\" id=\"h-reforco-no-quadro-de-servidores\">Refor\u00e7o no quadro de servidores<\/h2>\n<p>O concurso chega em um momento importante: atualmente, a ANTT registra uma defasagem de aproximadamente 46,16% no quadro de pessoal, com 787 cargos vagos entre os 1.705 previstos em lei. Essa situa\u00e7\u00e3o levou a Ag\u00eancia a solicitar recentemente ao Minist\u00e9rio da Gest\u00e3o e da Inova\u00e7\u00e3o em Servi\u00e7os P\u00fablicos (MGI) a autoriza\u00e7\u00e3o para mais 381 novas vagas, distribu\u00eddas entre os cargos de Analista Administrativo, Especialista em Regula\u00e7\u00e3o, T\u00e9cnico em Regula\u00e7\u00e3o e T\u00e9cnico Administrativo.<\/p>\n<p>A expectativa \u00e9 que os novos t\u00e9cnicos, a serem selecionados pelo CNU, reforcem a capacidade operacional da Ag\u00eancia em \u00e1reas estrat\u00e9gicas, como fiscaliza\u00e7\u00e3o, atendimento ao usu\u00e1rio e a\u00e7\u00f5es de regula\u00e7\u00e3o que impactam diretamente a vida de milh\u00f5es de brasileiros.<\/p>\n<p>O \u00faltimo concurso da ANTT aconteceu em 2023, com a abertura de 50 vagas para o cargo de especialista. Esse processo tem validade at\u00e9 outubro de 2026, com possibilidade de prorroga\u00e7\u00e3o.<\/p>\n<h2 class=\"wp-block-heading\" id=\"h-principais-datas-do-concurso-cnu-para-a-antt\">Principais datas do concurso CNU para a ANTT<\/h2>\n<ul class=\"wp-block-list\">\n<li><strong>Per\u00edodo de inscri\u00e7\u00f5es:<\/strong> at\u00e9 20\/07\/2025<\/li>\n<li><strong>Solicita\u00e7\u00e3o de isen\u00e7\u00e3o da taxa:<\/strong> at\u00e9 08\/07\/2025<\/li>\n<li><strong>Pagamento da taxa:<\/strong> at\u00e9 21\/07\/2025<\/li>\n<li><strong>Data da prova objetiva e discursiva:<\/strong> 05\/10\/2025<\/li>\n<li><strong>Onde se inscrever<\/strong>: <a href=\"https:\/\/conhecimento.fgv.br\/cpnu2\" target=\"_blank\" rel=\"noreferrer noopener\">https:\/\/conhecimento.fgv.br\/cpnu2<\/a><\/li>\n<\/ul>\n<p><em>Siga o Acorda Cidade no<\/em><a href=\"https:\/\/news.google.com\/search?q=acorda%20cidade&amp;hl=pt-BR&amp;gl=BR&amp;ceid=BR%3Apt-419\"><strong><em> Google Not\u00edcias<\/em><\/strong><\/a><em> e receba os principais destaques do dia. Participe tamb\u00e9m dos nossos canais no <\/em><a href=\"https:\/\/www.whatsapp.com\/channel\/0029Va6Rb4v3WHTNnsh8WI3N\"><strong><em>WhatsApp<\/em><\/strong><\/a><em> e <\/em><a href=\"https:\/\/www.youtube.com\/@acordacidadenoticias\/videos\"><strong>YouTube<\/strong><\/a><em> e grupo de <\/em><a href=\"https:\/\/t.me\/+sSz0khrgARA0ZmRh\"><strong><em>Telegram<\/em><\/strong><\/a><em>.<\/em><\/p>\n<\/div>\n","protected":false},"excerpt":{"rendered":"<div>\n<div>\n<figure><img decoding=\"async\" src=\"https:\/\/uploads.acordacidade.com.br\/wp-content\/uploads\/2022\/12\/15091309\/ANTT-foto-ascom.jpeg\" alt=\"g\u00eancia Nacional de Transportes Terrestres (ANTT)\"><figcaption>Foto: Ascom\/ANTT<\/figcaption><\/figure>\n<\/div>\n<p>Atualmente, a ANTT registra uma defasagem de aproximadamente 46,16% no quadro de pessoal, com 787 cargos vagos entre os 1.705 previstos em lei.<\/p><\/div>\n","protected":false},"author":1,"featured_media":92029,"comment_status":"closed","ping_status":"closed","sticky":false,"template":"","format":"gallery","meta":{"footnotes":""},"categories":[8,9,6,57,56,10],"tags":[],"class_list":["post-92028","post","type-post","status-publish","format-gallery","has-post-thumbnail","hentry","category-bahia","category-brasil","category-feira-de-santana","category-mundo","category-policia","category-politica","post_format-post-format-gallery"],"featured_image_urls":{"full":["https:\/\/noticiasbahia360.com.br\/wp-content\/uploads\/2025\/07\/ANTT-foto-ascom.jpeg",640,425,false],"thumbnail":["https:\/\/noticiasbahia360.com.br\/wp-content\/uploads\/2025\/07\/ANTT-foto-ascom-150x150.jpeg",150,150,true],"medium":["https:\/\/noticiasbahia360.com.br\/wp-content\/uploads\/2025\/07\/ANTT-foto-ascom-300x199.jpeg",300,199,true],"medium_large":["https:\/\/noticiasbahia360.com.br\/wp-content\/uploads\/2025\/07\/ANTT-foto-ascom.jpeg",640,425,false],"large":["https:\/\/noticiasbahia360.com.br\/wp-content\/uploads\/2025\/07\/ANTT-foto-ascom.jpeg",640,425,false],"1536x1536":["https:\/\/noticiasbahia360.com.br\/wp-content\/uploads\/2025\/07\/ANTT-foto-ascom.jpeg",640,425,false],"2048x2048":["https:\/\/noticiasbahia360.com.br\/wp-content\/uploads\/2025\/07\/ANTT-foto-ascom.jpeg",640,425,false],"chromenews-featured":["https:\/\/noticiasbahia360.com.br\/wp-content\/uploads\/2025\/07\/ANTT-foto-ascom.jpeg",640,425,false],"chromenews-large":["https:\/\/noticiasbahia360.com.br\/wp-content\/uploads\/2025\/07\/ANTT-foto-ascom.jpeg",640,425,false],"chromenews-medium":["https:\/\/noticiasbahia360.com.br\/wp-content\/uploads\/2025\/07\/ANTT-foto-ascom-590x410.jpeg",590,410,true]},"author_info":{"display_name":"noticiasbahia360.com.br","author_link":"https:\/\/noticiasbahia360.com.br\/?author=1"},"category_info":"<a href=\"https:\/\/noticiasbahia360.com.br\/?cat=8\" rel=\"category\">Bahia<\/a> <a href=\"https:\/\/noticiasbahia360.com.br\/?cat=9\" rel=\"category\">Brasil<\/a> <a href=\"https:\/\/noticiasbahia360.com.br\/?cat=6\" rel=\"category\">Feira de Santana<\/a> <a href=\"https:\/\/noticiasbahia360.com.br\/?cat=57\" rel=\"category\">Mundo<\/a> <a href=\"https:\/\/noticiasbahia360.com.br\/?cat=56\" rel=\"category\">Pol\u00edcia<\/a> <a href=\"https:\/\/noticiasbahia360.com.br\/?cat=10\" rel=\"category\">Pol\u00edtica<\/a>","tag_info":"Pol\u00edtica","comment_count":"0","_links":{"self":[{"href":"https:\/\/noticiasbahia360.com.br\/index.php?rest_route=\/wp\/v2\/posts\/92028","targetHints":{"allow":["GET"]}}],"collection":[{"href":"https:\/\/noticiasbahia360.com.br\/index.php?rest_route=\/wp\/v2\/posts"}],"about":[{"href":"https:\/\/noticiasbahia360.com.br\/index.php?rest_route=\/wp\/v2\/types\/post"}],"author":[{"embeddable":true,"href":"https:\/\/noticiasbahia360.com.br\/index.php?rest_route=\/wp\/v2\/users\/1"}],"replies":[{"embeddable":true,"href":"https:\/\/noticiasbahia360.com.br\/index.php?rest_route=%2Fwp%2Fv2%2Fcomments&post=92028"}],"version-history":[{"count":0,"href":"https:\/\/noticiasbahia360.com.br\/index.php?rest_route=\/wp\/v2\/posts\/92028\/revisions"}],"wp:featuredmedia":[{"embeddable":true,"href":"https:\/\/noticiasbahia360.com.br\/index.php?rest_route=\/wp\/v2\/media\/92029"}],"wp:attachment":[{"href":"https:\/\/noticiasbahia360.com.br\/index.php?rest_route=%2Fwp%2Fv2%2Fmedia&parent=92028"}],"wp:term":[{"taxonomy":"category","embeddable":true,"href":"https:\/\/noticiasbahia360.com.br\/index.php?rest_route=%2Fwp%2Fv2%2Fcategories&post=92028"},{"taxonomy":"post_tag","embeddable":true,"href":"https:\/\/noticiasbahia360.com.br\/index.php?rest_route=%2Fwp%2Fv2%2Ftags&post=92028"}],"curies":[{"name":"wp","href":"https:\/\/api.w.org\/{rel}","templated":true}]}}