{"id":92030,"date":"2025-07-03T21:00:49","date_gmt":"2025-07-04T00:00:49","guid":{"rendered":"https:\/\/noticiasbahia360.com.br\/?p=92030"},"modified":"2025-07-03T21:00:49","modified_gmt":"2025-07-04T00:00:49","slug":"investigado-por-tentativa-de-homicidio-e-preso-em-feira-de-santana","status":"publish","type":"post","link":"https:\/\/noticiasbahia360.com.br\/?p=92030","title":{"rendered":"Investigado por tentativa de homic\u00eddio \u00e9 preso em Feira de Santana"},"content":{"rendered":"<div>\n<div>\n<figure><img decoding=\"async\" src=\"http:\/\/noticiasbahia360.com.br\/wp-content\/uploads\/2025\/07\/policia-civil-foto-ascom-pcba-tentativa-de-homicidio-delegacia-de-homicidio-dh-dpt.jpg\" alt=\"pol\u00edcia civil\"><figcaption>Foto: Ascom\/Pol\u00edcia Civil<\/figcaption><\/figure>\n<\/div>\n<p>Equipes da 1\u00aa Delegacia Territorial de Feira de Santana cumpriram, nesta quinta-feira (3), um mandado de pris\u00e3o preventiva contra um homem de 20 anos investigado por homic\u00eddio tentado. O suspeito foi localizado na casa de familiares, na Estrada da Terra Dura.<\/p>\n<p>Investiga\u00e7\u00f5es apontaram a participa\u00e7\u00e3o do acusado em um atentado ocorrido no<a href=\"https:\/\/www.acordacidade.com.br\/policia\/4-pessoas-entre-elas-uma-crianca-sao-baleadas-durante-festa-de-aniversario-em-feira-de-santana\/\"> dia 15 de fevereiro<\/a>, em um residencial. No local acontecia uma festa de anivers\u00e1rio e o suspeito, juntamente com um comparsa, atirou contra as pessoas que participavam do evento.<\/p>\n<p>A motiva\u00e7\u00e3o da tentativa de homic\u00eddio tem rela\u00e7\u00e3o com a disputa por territ\u00f3rio do tr\u00e1fico de drogas. Uma das pessoas que estava no local integrava um grupo criminoso rival.<\/p>\n<p>O suspeito foi submetido ao exame de corpo de delito no Departamento de Pol\u00edcia T\u00e9cnica (DPT), ficando \u00e0 disposi\u00e7\u00e3o do Poder Judici\u00e1rio.<\/p>\n<p><em>Siga o Acorda Cidade no<\/em><a href=\"https:\/\/news.google.com\/search?q=acorda%20cidade&amp;hl=pt-BR&amp;gl=BR&amp;ceid=BR%3Apt-419\"><strong><em>\u00a0Google Not\u00edcias<\/em><\/strong><\/a><em>\u00a0e receba os principais destaques do dia. Participe tamb\u00e9m dos nossos canais no\u00a0<\/em><a href=\"https:\/\/www.whatsapp.com\/channel\/0029Va6Rb4v3WHTNnsh8WI3N\"><strong><em>WhatsApp<\/em><\/strong><\/a><em>\u00a0e\u00a0<\/em><a href=\"https:\/\/www.youtube.com\/@acordacidadenoticias\/videos\"><strong>YouTube<\/strong><\/a><em>\u00a0e grupo de\u00a0<\/em><a href=\"https:\/\/t.me\/+sSz0khrgARA0ZmRh\"><strong><em>Telegram<\/em><\/strong><\/a><em>.<\/em><\/p>\n<\/div>\n","protected":false},"excerpt":{"rendered":"<div>\n<div>\n<figure><img decoding=\"async\" src=\"https:\/\/uploads.acordacidade.com.br\/2025\/07\/policia-civil-foto-ascom-pcba-tentativa-de-homicidio-delegacia-de-homicidio-dh-dpt.jpg\" alt=\"pol\u00edcia civil\"><figcaption>Foto: Ascom\/Pol\u00edcia Civil<\/figcaption><\/figure>\n<\/div>\n<p>A motiva\u00e7\u00e3o do crime tem rela\u00e7\u00e3o com a disputa por territ\u00f3rio do tr\u00e1fico de drogas.<\/p><\/div>\n","protected":false},"author":1,"featured_media":92031,"comment_status":"closed","ping_status":"closed","sticky":false,"template":"","format":"gallery","meta":{"footnotes":""},"categories":[8,9,6,57,56,10],"tags":[],"class_list":["post-92030","post","type-post","status-publish","format-gallery","has-post-thumbnail","hentry","category-bahia","category-brasil","category-feira-de-santana","category-mundo","category-policia","category-politica","post_format-post-format-gallery"],"featured_image_urls":{"full":["https:\/\/noticiasbahia360.com.br\/wp-content\/uploads\/2025\/07\/policia-civil-foto-ascom-pcba-tentativa-de-homicidio-delegacia-de-homicidio-dh-dpt.jpg",1300,866,false],"thumbnail":["https:\/\/noticiasbahia360.com.br\/wp-content\/uploads\/2025\/07\/policia-civil-foto-ascom-pcba-tentativa-de-homicidio-delegacia-de-homicidio-dh-dpt-150x150.jpg",150,150,true],"medium":["https:\/\/noticiasbahia360.com.br\/wp-content\/uploads\/2025\/07\/policia-civil-foto-ascom-pcba-tentativa-de-homicidio-delegacia-de-homicidio-dh-dpt-300x200.jpg",300,200,true],"medium_large":["https:\/\/noticiasbahia360.com.br\/wp-content\/uploads\/2025\/07\/policia-civil-foto-ascom-pcba-tentativa-de-homicidio-delegacia-de-homicidio-dh-dpt-768x512.jpg",640,427,true],"large":["https:\/\/noticiasbahia360.com.br\/wp-content\/uploads\/2025\/07\/policia-civil-foto-ascom-pcba-tentativa-de-homicidio-delegacia-de-homicidio-dh-dpt-1024x682.jpg",640,426,true],"1536x1536":["https:\/\/noticiasbahia360.com.br\/wp-content\/uploads\/2025\/07\/policia-civil-foto-ascom-pcba-tentativa-de-homicidio-delegacia-de-homicidio-dh-dpt.jpg",1300,866,false],"2048x2048":["https:\/\/noticiasbahia360.com.br\/wp-content\/uploads\/2025\/07\/policia-civil-foto-ascom-pcba-tentativa-de-homicidio-delegacia-de-homicidio-dh-dpt.jpg",1300,866,false],"chromenews-featured":["https:\/\/noticiasbahia360.com.br\/wp-content\/uploads\/2025\/07\/policia-civil-foto-ascom-pcba-tentativa-de-homicidio-delegacia-de-homicidio-dh-dpt-1024x682.jpg",1024,682,true],"chromenews-large":["https:\/\/noticiasbahia360.com.br\/wp-content\/uploads\/2025\/07\/policia-civil-foto-ascom-pcba-tentativa-de-homicidio-delegacia-de-homicidio-dh-dpt-825x575.jpg",825,575,true],"chromenews-medium":["https:\/\/noticiasbahia360.com.br\/wp-content\/uploads\/2025\/07\/policia-civil-foto-ascom-pcba-tentativa-de-homicidio-delegacia-de-homicidio-dh-dpt-590x410.jpg",590,410,true]},"author_info":{"display_name":"noticiasbahia360.com.br","author_link":"https:\/\/noticiasbahia360.com.br\/?author=1"},"category_info":"<a href=\"https:\/\/noticiasbahia360.com.br\/?cat=8\" rel=\"category\">Bahia<\/a> <a href=\"https:\/\/noticiasbahia360.com.br\/?cat=9\" rel=\"category\">Brasil<\/a> <a href=\"https:\/\/noticiasbahia360.com.br\/?cat=6\" rel=\"category\">Feira de Santana<\/a> <a href=\"https:\/\/noticiasbahia360.com.br\/?cat=57\" rel=\"category\">Mundo<\/a> <a href=\"https:\/\/noticiasbahia360.com.br\/?cat=56\" rel=\"category\">Pol\u00edcia<\/a> <a href=\"https:\/\/noticiasbahia360.com.br\/?cat=10\" rel=\"category\">Pol\u00edtica<\/a>","tag_info":"Pol\u00edtica","comment_count":"0","_links":{"self":[{"href":"https:\/\/noticiasbahia360.com.br\/index.php?rest_route=\/wp\/v2\/posts\/92030","targetHints":{"allow":["GET"]}}],"collection":[{"href":"https:\/\/noticiasbahia360.com.br\/index.php?rest_route=\/wp\/v2\/posts"}],"about":[{"href":"https:\/\/noticiasbahia360.com.br\/index.php?rest_route=\/wp\/v2\/types\/post"}],"author":[{"embeddable":true,"href":"https:\/\/noticiasbahia360.com.br\/index.php?rest_route=\/wp\/v2\/users\/1"}],"replies":[{"embeddable":true,"href":"https:\/\/noticiasbahia360.com.br\/index.php?rest_route=%2Fwp%2Fv2%2Fcomments&post=92030"}],"version-history":[{"count":0,"href":"https:\/\/noticiasbahia360.com.br\/index.php?rest_route=\/wp\/v2\/posts\/92030\/revisions"}],"wp:featuredmedia":[{"embeddable":true,"href":"https:\/\/noticiasbahia360.com.br\/index.php?rest_route=\/wp\/v2\/media\/92031"}],"wp:attachment":[{"href":"https:\/\/noticiasbahia360.com.br\/index.php?rest_route=%2Fwp%2Fv2%2Fmedia&parent=92030"}],"wp:term":[{"taxonomy":"category","embeddable":true,"href":"https:\/\/noticiasbahia360.com.br\/index.php?rest_route=%2Fwp%2Fv2%2Fcategories&post=92030"},{"taxonomy":"post_tag","embeddable":true,"href":"https:\/\/noticiasbahia360.com.br\/index.php?rest_route=%2Fwp%2Fv2%2Ftags&post=92030"}],"curies":[{"name":"wp","href":"https:\/\/api.w.org\/{rel}","templated":true}]}}