{"id":92036,"date":"2025-07-03T22:32:10","date_gmt":"2025-07-04T01:32:10","guid":{"rendered":"https:\/\/noticiasbahia360.com.br\/?p=92036"},"modified":"2025-07-03T22:32:10","modified_gmt":"2025-07-04T01:32:10","slug":"mpt-investiga-explosao-de-fabrica-de-fogos-com-duas-mortes-em-maragogipe","status":"publish","type":"post","link":"https:\/\/noticiasbahia360.com.br\/?p=92036","title":{"rendered":"MPT investiga explos\u00e3o de f\u00e1brica de fogos com duas mortes em Maragogipe"},"content":{"rendered":"<div>\n<div>\n<figure><img decoding=\"async\" src=\"http:\/\/noticiasbahia360.com.br\/wp-content\/uploads\/2025\/07\/explosao-fabrica-de-fogos-em-maragogipe.jpg\" alt=\"explos\u00e3o fabrica de fogos em Maragogipe\"><figcaption>Foto: Ascom\/MPT-BA<\/figcaption><\/figure>\n<\/div>\n<p>A morte da segunda v\u00edtima da<a href=\"https:\/\/www.acordacidade.com.br\/policia\/explosao-em-fabrica-clandestina-de-fogos-deixa-dois-feridos-em-maragogipe\/\"> explos\u00e3o de uma f\u00e1brica clandestina de fogos de artif\u00edcio, ocorrida no dia 24 de junho de 2025 (feriado de S\u00e3o Jo\u00e3o), na zona rural de Maragogipe, munic\u00edpio do Rec\u00f4ncavo Baiano,<\/a> est\u00e1 sendo investigada pelo Minist\u00e9rio P\u00fablico do Trabalho (MPT).<\/p>\n<p>O fato aconteceu na comunidade de Samambaia e deixou dois irm\u00e3os gravemente feridos, exigindo at\u00e9 o uso de um helic\u00f3ptero no resgate. Nesta semana, as v\u00edtimas n\u00e3o resistiram e faleceram em unidades de sa\u00fade da regi\u00e3o. <\/p>\n<p>O primeiro foi o adolescente Jo\u00e3o Vitor de Jesus Batista, conhecido como JV, de apenas 17 anos completados no \u00faltimo dia 22\/06, morto na segunda-feira (30\/06). Na quarta-feira (02\/06), David Miguel de Jesus Batista, conhecido como Ded\u00e9, de 25 anos, tamb\u00e9m veio a \u00f3bito ap\u00f3s uma semana hospitalizado.<\/p>\n<p>Uma s\u00e9rie de a\u00e7\u00f5es conjuntas realizadas este ano pelo MPT, Pol\u00edcia Civil, Departamento de Pol\u00edcia T\u00e9cnica, Ex\u00e9rcito e Superintend\u00eancia Regional do Trabalho (SRT-BA), \u00f3rg\u00e3o do Minist\u00e9rio do Trabalho e Emprego, apreendeu 2,8 milh\u00f5es de fogos ilegais e realizou duas pris\u00f5es.<\/p>\n<p> As opera\u00e7\u00f5es Brincar com Fogo, que integrou diversos \u00f3rg\u00e3os e Em Chamas, realizada posteriormente somente pela Pol\u00edcia Civil, s\u00e3o uma resposta dos \u00f3rg\u00e3os p\u00fablicos \u00e0 insist\u00eancia de algumas pessoas em manter a produ\u00e7\u00e3o clandestina de fogos, principalmente no Rec\u00f4ncavo baiano. <\/p>\n<p>A repress\u00e3o \u00e0 atividade busca evitar que novas mortes continuem a ocorrer, somando-se \u00e0s 64 v\u00edtimas de 1998 em Santo Ant\u00f4nio de Jesus e \u00e0s v\u00edtimas que agora surgem em casos isolados.<\/p>\n<p>Al\u00e9m de Salvador, foram apreendidos materiais clandestinos em cidades como Cruz das Almas, Santo Ant\u00f4nio de Jesus, Sapea\u00e7u, Serrinha e Feira de Santana. As equipes ainda estiveram em um ponto de produ\u00e7\u00e3o ilegal de fogos em Alagoinhas, onde cinco trabalhadores foram resgatados em condi\u00e7\u00f5es semelhantes \u00e0 escravid\u00e3o. Os materiais apreendidos foram destru\u00eddos.<\/p>\n<p> O grande n\u00famero de apreens\u00f5es, de trabalho escravo e de acidentes de trabalho refor\u00e7a a percep\u00e7\u00e3o do MPT de que a atividade mudou desde a grande explos\u00e3o de 1998. Em vez de concentrar a atividade em um galp\u00e3o, como antes, os respons\u00e1veis pela atividade ilegal pulverizaram a produ\u00e7\u00e3o, criando pequenos locais de fabrica\u00e7\u00e3o dos artefatos em \u00e1reas rurais, nas casas de pessoas humildes, que recebem os insumos e ganham por produ\u00e7\u00e3o.<\/p>\n<p>A identifica\u00e7\u00e3o do respons\u00e1vel pela pequena f\u00e1brica clandestina de Maragogipe, que matou os dois irm\u00e3os, \u00e9 o principal desafio do inqu\u00e9rito aberto pelo MPT. Uma a\u00e7\u00e3o civil p\u00fablica contra o principal empres\u00e1rio do setor, Gilson Froes Prazeres Bastos, filho do dono da f\u00e1brica que explodiu em 1998 na maior trag\u00e9dia trabalhista da Bahia, busca uma indeniza\u00e7\u00e3o \u00e0 sociedade e impedir a pr\u00e1tica clandestina. <\/p>\n<p>No processo o MPT conseguiu uma decis\u00e3o liminar concedida pela ju\u00edza Adriana Manta, da 24\u00aa Vara do Trabalho de Salvador, proibindo Gilson, seus s\u00f3cios e suas empresas de fabricar, vender, transportar material explosivo e de contratar terceiros para realizar a atividade. Nas opera\u00e7\u00f5es deste ano, o \u00f3rg\u00e3o flagrou o descumprimento e j\u00e1 est\u00e1 cobrando as multas previstas na Justi\u00e7a.<\/p>\n<p><strong>Leia tamb\u00e9m<\/strong>: <a href=\"https:\/\/www.acordacidade.com.br\/policia\/explosao-em-fabrica-clandestina-de-fogos-deixa-dois-feridos-em-maragogipe\/\">Explos\u00e3o em f\u00e1brica clandestina de fogos deixa dois feridos em Maragogipe<\/a><\/p>\n<p><em>Siga o Acorda Cidade no<\/em><a href=\"https:\/\/news.google.com\/search?q=acorda%20cidade&amp;hl=pt-BR&amp;gl=BR&amp;ceid=BR%3Apt-419\"><strong><em>\u00a0Google Not\u00edcias<\/em><\/strong><\/a><em>\u00a0e receba os principais destaques do dia. Participe tamb\u00e9m dos nossos canais no\u00a0<\/em><a href=\"https:\/\/www.whatsapp.com\/channel\/0029Va6Rb4v3WHTNnsh8WI3N\"><strong><em>WhatsApp<\/em><\/strong><\/a><em>\u00a0e\u00a0<\/em><a href=\"https:\/\/www.youtube.com\/@acordacidadenoticias\/videos\"><strong>YouTube<\/strong><\/a><em>\u00a0e grupo de\u00a0<\/em><a href=\"https:\/\/t.me\/+sSz0khrgARA0ZmRh\"><strong><em>Telegram<\/em><\/strong><\/a><em>.<\/em><\/p>\n<\/div>\n","protected":false},"excerpt":{"rendered":"<div>\n<div>\n<figure><img decoding=\"async\" src=\"https:\/\/uploads.acordacidade.com.br\/2025\/07\/explosao-fabrica-de-fogos-em-maragogipe.jpg\" alt=\"explos\u00e3o fabrica de fogos em Maragogipe\"><figcaption>Foto: Ascom\/MPT-BA<\/figcaption><\/figure>\n<\/div>\n<p>O fato aconteceu na comunidade de Samambaia e deixou dois irm\u00e3os gravemente feridos, exigindo at\u00e9 o uso de um helic\u00f3ptero no resgate.<\/p><\/div>\n","protected":false},"author":1,"featured_media":92037,"comment_status":"closed","ping_status":"closed","sticky":false,"template":"","format":"gallery","meta":{"footnotes":""},"categories":[8,9,6,57,56,10],"tags":[],"class_list":["post-92036","post","type-post","status-publish","format-gallery","has-post-thumbnail","hentry","category-bahia","category-brasil","category-feira-de-santana","category-mundo","category-policia","category-politica","post_format-post-format-gallery"],"featured_image_urls":{"full":["https:\/\/noticiasbahia360.com.br\/wp-content\/uploads\/2025\/07\/explosao-fabrica-de-fogos-em-maragogipe.jpg",1200,720,false],"thumbnail":["https:\/\/noticiasbahia360.com.br\/wp-content\/uploads\/2025\/07\/explosao-fabrica-de-fogos-em-maragogipe-150x150.jpg",150,150,true],"medium":["https:\/\/noticiasbahia360.com.br\/wp-content\/uploads\/2025\/07\/explosao-fabrica-de-fogos-em-maragogipe-300x180.jpg",300,180,true],"medium_large":["https:\/\/noticiasbahia360.com.br\/wp-content\/uploads\/2025\/07\/explosao-fabrica-de-fogos-em-maragogipe-768x461.jpg",640,384,true],"large":["https:\/\/noticiasbahia360.com.br\/wp-content\/uploads\/2025\/07\/explosao-fabrica-de-fogos-em-maragogipe-1024x614.jpg",640,384,true],"1536x1536":["https:\/\/noticiasbahia360.com.br\/wp-content\/uploads\/2025\/07\/explosao-fabrica-de-fogos-em-maragogipe.jpg",1200,720,false],"2048x2048":["https:\/\/noticiasbahia360.com.br\/wp-content\/uploads\/2025\/07\/explosao-fabrica-de-fogos-em-maragogipe.jpg",1200,720,false],"chromenews-featured":["https:\/\/noticiasbahia360.com.br\/wp-content\/uploads\/2025\/07\/explosao-fabrica-de-fogos-em-maragogipe-1024x614.jpg",1024,614,true],"chromenews-large":["https:\/\/noticiasbahia360.com.br\/wp-content\/uploads\/2025\/07\/explosao-fabrica-de-fogos-em-maragogipe-825x575.jpg",825,575,true],"chromenews-medium":["https:\/\/noticiasbahia360.com.br\/wp-content\/uploads\/2025\/07\/explosao-fabrica-de-fogos-em-maragogipe-590x410.jpg",590,410,true]},"author_info":{"display_name":"noticiasbahia360.com.br","author_link":"https:\/\/noticiasbahia360.com.br\/?author=1"},"category_info":"<a href=\"https:\/\/noticiasbahia360.com.br\/?cat=8\" rel=\"category\">Bahia<\/a> <a href=\"https:\/\/noticiasbahia360.com.br\/?cat=9\" rel=\"category\">Brasil<\/a> <a href=\"https:\/\/noticiasbahia360.com.br\/?cat=6\" rel=\"category\">Feira de Santana<\/a> <a href=\"https:\/\/noticiasbahia360.com.br\/?cat=57\" rel=\"category\">Mundo<\/a> <a href=\"https:\/\/noticiasbahia360.com.br\/?cat=56\" rel=\"category\">Pol\u00edcia<\/a> <a href=\"https:\/\/noticiasbahia360.com.br\/?cat=10\" rel=\"category\">Pol\u00edtica<\/a>","tag_info":"Pol\u00edtica","comment_count":"0","_links":{"self":[{"href":"https:\/\/noticiasbahia360.com.br\/index.php?rest_route=\/wp\/v2\/posts\/92036","targetHints":{"allow":["GET"]}}],"collection":[{"href":"https:\/\/noticiasbahia360.com.br\/index.php?rest_route=\/wp\/v2\/posts"}],"about":[{"href":"https:\/\/noticiasbahia360.com.br\/index.php?rest_route=\/wp\/v2\/types\/post"}],"author":[{"embeddable":true,"href":"https:\/\/noticiasbahia360.com.br\/index.php?rest_route=\/wp\/v2\/users\/1"}],"replies":[{"embeddable":true,"href":"https:\/\/noticiasbahia360.com.br\/index.php?rest_route=%2Fwp%2Fv2%2Fcomments&post=92036"}],"version-history":[{"count":0,"href":"https:\/\/noticiasbahia360.com.br\/index.php?rest_route=\/wp\/v2\/posts\/92036\/revisions"}],"wp:featuredmedia":[{"embeddable":true,"href":"https:\/\/noticiasbahia360.com.br\/index.php?rest_route=\/wp\/v2\/media\/92037"}],"wp:attachment":[{"href":"https:\/\/noticiasbahia360.com.br\/index.php?rest_route=%2Fwp%2Fv2%2Fmedia&parent=92036"}],"wp:term":[{"taxonomy":"category","embeddable":true,"href":"https:\/\/noticiasbahia360.com.br\/index.php?rest_route=%2Fwp%2Fv2%2Fcategories&post=92036"},{"taxonomy":"post_tag","embeddable":true,"href":"https:\/\/noticiasbahia360.com.br\/index.php?rest_route=%2Fwp%2Fv2%2Ftags&post=92036"}],"curies":[{"name":"wp","href":"https:\/\/api.w.org\/{rel}","templated":true}]}}