{"id":92038,"date":"2025-07-03T22:48:20","date_gmt":"2025-07-04T01:48:20","guid":{"rendered":"https:\/\/noticiasbahia360.com.br\/?p=92038"},"modified":"2025-07-03T22:48:20","modified_gmt":"2025-07-04T01:48:20","slug":"denunciada-por-romance-com-preso-ex-diretora-de-presidio-na-bahia-e-acusada-de-envolvimento-com-faccoes-e-corrupcao","status":"publish","type":"post","link":"https:\/\/noticiasbahia360.com.br\/?p=92038","title":{"rendered":"Denunciada por romance com preso, ex-diretora de pres\u00eddio na Bahia \u00e9 acusada de envolvimento com fac\u00e7\u00f5es e corrup\u00e7\u00e3o"},"content":{"rendered":"<div>\n<div>\n<figure><img decoding=\"async\" src=\"http:\/\/noticiasbahia360.com.br\/wp-content\/uploads\/2025\/07\/ex-direretora-do-conjunto-penal-de-eunapolis-Joneuma-Silva-Neres.jpg\" alt=\"ex direretora do conjunto penal de eun\u00e1polis Joneuma Silva Neres\"><figcaption>Foto: Arquivo Pessoal <\/figcaption><\/figure>\n<\/div>\n<p>A ex-diretora do Conjunto Penal de Eun\u00e1polis,Joneuma Silva Neres, de 33 anos, est\u00e1 sendo acusada de ter se relacionado com um interno do pres\u00eddio. Ela tamb\u00e9m \u00e9 acusade de envolvimento com fac\u00e7\u00f5es criminosas e foi indiciada por facilitar a fuga de 16 detentos do pres\u00eddio, em dezembro de 2024. Um dos fugitivos morreu em confronto com policiais civis em janeiro deste ano e os demais ainda n\u00e3o foram recacturados.<\/p>\n<p>Al\u00e9m de Joneuma, outras 17 pessoas foram indiciadas pelo Minist\u00e9rio P\u00fablico do estado (MP-BA). Entre elas, um ex-coordenador de seguran\u00e7a do pres\u00eddio, cargo de confian\u00e7a da ex-diretora. Os dois est\u00e3o presos.<\/p>\n<p>As informa\u00e7\u00f5es sobre a suposta participa\u00e7\u00e3o da ex-diretora do pres\u00eddio no crime est\u00e3o no processo do caso, ao qual a TV Bahia obteve acesso.<\/p>\n<p>Segundo o g1, o processo mostra que, desde que assumiu o cargo, em mar\u00e7o de 2024, a gestora chamou a aten\u00e7\u00e3o das autoridades, muito pelas regalias dadas aos presos. Segundo informa\u00e7\u00f5es presentes no documento, ela autorizou a entrada irregular de roupas, freezers, ventiladores e sanduicheiras.<\/p>\n<p>O ex-coordenador de seguran\u00e7a da unidade foi uma das pessoas que revelaram as irregularidades. Em um dos depoimentos, o ex-coordenador contou que a ex-diretora do pres\u00eddio atendia a diversas exig\u00eancias feitas, principalmente, por Ednaldo Pereira de Souza, o Dad\u00e1, um dos fugitivos.<\/p>\n<p>O homem apontado pela pol\u00edcia como chefe de uma fac\u00e7\u00e3o de Eun\u00e1polis, que \u00e9 ligada a outro grupo criminoso do Rio de Janeiro (RJ). Ele estava preso na unidade penal at\u00e9 o dia 12 de dezembro, quando aconteceu a fuga em massa.<\/p>\n<p>Entre as regalias apontadas no depoimento, est\u00e1 o acesso de visitas. o ex-coordenador apontou que a esposa de Ednaldo \u201cpassou a ingressar no conjunto penal, sem qualquer inspe\u00e7\u00e3o, mediante autoriza\u00e7\u00e3o da diretora\u201d.<\/p>\n<p>Outros relatos indicaram ainda que Joneuma e Ednaldo viveram um relacionamento amoroso, com rela\u00e7\u00f5es sexuais, dentro do pres\u00eddio.<\/p>\n<p>Esse detalhe n\u00e3o foi relatado pelo ex-coordenador de seguran\u00e7a da unidade prisional, mas o ex-coordenador mencionou que Joneuma e Ednaldo tinham \u201cencontros frequentes, que ocorriam na sala de videoconfer\u00eancias, sempre a s\u00f3s, com uma folha de papel of\u00edcio obstruindo a visibilidade da porta pela abertura de vidro\u201d.<\/p>\n<p>O homem disse tamb\u00e9m que \u201cas reuni\u00f5es eram sigilosas e geravam estranheza entre os funcion\u00e1rios devido \u00e0 regularidade e longa dura\u00e7\u00e3o\u201d.<\/p>\n<p>Quando foi presa, no dia 24 de janeiro deste ano, Joneuma estava gr\u00e1vida. O beb\u00ea nasceu prematuro e segue com ela na cela, no Conjunto Penal de Itabuna, na mesma regi\u00e3o do estado.<\/p>\n<p>Em entrevista \u00e0 TV Bahia, Jocelma Neres, irm\u00e3 e advogada de Joneuma, nega a exist\u00eancia de um caso entre ela e Dad\u00e1.<\/p>\n<p>\u201cA gente n\u00e3o sabe quem foi que articulou tudo isso, mas ela est\u00e1 sofrendo as consequ\u00eancias de um crime que n\u00e3o cometeu. Ela nunca teve nenhum relacionamento com essa pessoa\u201d, afirmou.<\/p>\n<p>A advogada tamb\u00e9m destaca a preocupa\u00e7\u00e3o com o sobrinho seguir no pres\u00eddio com a m\u00e3e. \u201cO pres\u00eddio n\u00e3o \u00e9 ambiente para uma crian\u00e7a rec\u00e9m-nascida e a fam\u00edlia est\u00e1 desesperada, sem ter o que fazer. A gente n\u00e3o tem condi\u00e7\u00f5es de estar l\u00e1 com ela, pelo fato de ser uma cidade longe, e n\u00e3o ter recursos financeiros para estar l\u00e1\u201d, desabafou.<\/p>\n<p>J\u00e1 o advogado Artur Nunes, que tamb\u00e9m representa Joneuma, explicou por que alguns benef\u00edcios eram concedidos aos detentos. \u201cDentro de uma unidade prisional, a gente entende, vive muito de negocia\u00e7\u00e3o, no sentido de manter, ao m\u00e1ximo, a ordem da unidade prisional, evitar problemas, [evitar] que conflitos entre eles ocorram\u201d, disse.<\/p>\n<p>Com informa\u00e7\u00f5es do g1<\/p>\n<p><em>Siga o Acorda Cidade no<\/em><a href=\"https:\/\/news.google.com\/search?q=acorda%20cidade&amp;hl=pt-BR&amp;gl=BR&amp;ceid=BR%3Apt-419\"><strong><em>\u00a0Google Not\u00edcias<\/em><\/strong><\/a><em>\u00a0e receba os principais destaques do dia. Participe tamb\u00e9m dos nossos canais no\u00a0<\/em><a href=\"https:\/\/www.whatsapp.com\/channel\/0029Va6Rb4v3WHTNnsh8WI3N\"><strong><em>WhatsApp<\/em><\/strong><\/a><em>\u00a0e\u00a0<\/em><a href=\"https:\/\/www.youtube.com\/@acordacidadenoticias\/videos\"><strong>YouTube<\/strong><\/a><em>\u00a0e grupo de\u00a0<\/em><a href=\"https:\/\/t.me\/+sSz0khrgARA0ZmRh\"><strong><em>Telegram<\/em><\/strong><\/a><em>.<\/em><\/p>\n<\/div>\n","protected":false},"excerpt":{"rendered":"<div>\n<div>\n<figure><img decoding=\"async\" src=\"https:\/\/uploads.acordacidade.com.br\/2025\/01\/ex-direretora-do-conjunto-penal-de-eunapolis-Joneuma-Silva-Neres.jpg\" alt=\"ex direretora do conjunto penal de eun\u00e1polis Joneuma Silva Neres\"><figcaption>Foto: Arquivo Pessoal <\/figcaption><\/figure>\n<\/div>\n<p>Quando foi presa, no dia 24 de janeiro deste ano, Joneuma estava gr\u00e1vida. O beb\u00ea nasceu prematuro e segue com ela na cela,<\/p><\/div>\n","protected":false},"author":1,"featured_media":92039,"comment_status":"closed","ping_status":"closed","sticky":false,"template":"","format":"gallery","meta":{"footnotes":""},"categories":[8,9,6,57,56,10],"tags":[],"class_list":["post-92038","post","type-post","status-publish","format-gallery","has-post-thumbnail","hentry","category-bahia","category-brasil","category-feira-de-santana","category-mundo","category-policia","category-politica","post_format-post-format-gallery"],"featured_image_urls":{"full":["https:\/\/noticiasbahia360.com.br\/wp-content\/uploads\/2025\/07\/ex-direretora-do-conjunto-penal-de-eunapolis-Joneuma-Silva-Neres.jpg",640,360,false],"thumbnail":["https:\/\/noticiasbahia360.com.br\/wp-content\/uploads\/2025\/07\/ex-direretora-do-conjunto-penal-de-eunapolis-Joneuma-Silva-Neres-150x150.jpg",150,150,true],"medium":["https:\/\/noticiasbahia360.com.br\/wp-content\/uploads\/2025\/07\/ex-direretora-do-conjunto-penal-de-eunapolis-Joneuma-Silva-Neres-300x169.jpg",300,169,true],"medium_large":["https:\/\/noticiasbahia360.com.br\/wp-content\/uploads\/2025\/07\/ex-direretora-do-conjunto-penal-de-eunapolis-Joneuma-Silva-Neres.jpg",640,360,false],"large":["https:\/\/noticiasbahia360.com.br\/wp-content\/uploads\/2025\/07\/ex-direretora-do-conjunto-penal-de-eunapolis-Joneuma-Silva-Neres.jpg",640,360,false],"1536x1536":["https:\/\/noticiasbahia360.com.br\/wp-content\/uploads\/2025\/07\/ex-direretora-do-conjunto-penal-de-eunapolis-Joneuma-Silva-Neres.jpg",640,360,false],"2048x2048":["https:\/\/noticiasbahia360.com.br\/wp-content\/uploads\/2025\/07\/ex-direretora-do-conjunto-penal-de-eunapolis-Joneuma-Silva-Neres.jpg",640,360,false],"chromenews-featured":["https:\/\/noticiasbahia360.com.br\/wp-content\/uploads\/2025\/07\/ex-direretora-do-conjunto-penal-de-eunapolis-Joneuma-Silva-Neres.jpg",640,360,false],"chromenews-large":["https:\/\/noticiasbahia360.com.br\/wp-content\/uploads\/2025\/07\/ex-direretora-do-conjunto-penal-de-eunapolis-Joneuma-Silva-Neres.jpg",640,360,false],"chromenews-medium":["https:\/\/noticiasbahia360.com.br\/wp-content\/uploads\/2025\/07\/ex-direretora-do-conjunto-penal-de-eunapolis-Joneuma-Silva-Neres-590x360.jpg",590,360,true]},"author_info":{"display_name":"noticiasbahia360.com.br","author_link":"https:\/\/noticiasbahia360.com.br\/?author=1"},"category_info":"<a href=\"https:\/\/noticiasbahia360.com.br\/?cat=8\" rel=\"category\">Bahia<\/a> <a href=\"https:\/\/noticiasbahia360.com.br\/?cat=9\" rel=\"category\">Brasil<\/a> <a href=\"https:\/\/noticiasbahia360.com.br\/?cat=6\" rel=\"category\">Feira de Santana<\/a> <a href=\"https:\/\/noticiasbahia360.com.br\/?cat=57\" rel=\"category\">Mundo<\/a> <a href=\"https:\/\/noticiasbahia360.com.br\/?cat=56\" rel=\"category\">Pol\u00edcia<\/a> <a href=\"https:\/\/noticiasbahia360.com.br\/?cat=10\" rel=\"category\">Pol\u00edtica<\/a>","tag_info":"Pol\u00edtica","comment_count":"0","_links":{"self":[{"href":"https:\/\/noticiasbahia360.com.br\/index.php?rest_route=\/wp\/v2\/posts\/92038","targetHints":{"allow":["GET"]}}],"collection":[{"href":"https:\/\/noticiasbahia360.com.br\/index.php?rest_route=\/wp\/v2\/posts"}],"about":[{"href":"https:\/\/noticiasbahia360.com.br\/index.php?rest_route=\/wp\/v2\/types\/post"}],"author":[{"embeddable":true,"href":"https:\/\/noticiasbahia360.com.br\/index.php?rest_route=\/wp\/v2\/users\/1"}],"replies":[{"embeddable":true,"href":"https:\/\/noticiasbahia360.com.br\/index.php?rest_route=%2Fwp%2Fv2%2Fcomments&post=92038"}],"version-history":[{"count":0,"href":"https:\/\/noticiasbahia360.com.br\/index.php?rest_route=\/wp\/v2\/posts\/92038\/revisions"}],"wp:featuredmedia":[{"embeddable":true,"href":"https:\/\/noticiasbahia360.com.br\/index.php?rest_route=\/wp\/v2\/media\/92039"}],"wp:attachment":[{"href":"https:\/\/noticiasbahia360.com.br\/index.php?rest_route=%2Fwp%2Fv2%2Fmedia&parent=92038"}],"wp:term":[{"taxonomy":"category","embeddable":true,"href":"https:\/\/noticiasbahia360.com.br\/index.php?rest_route=%2Fwp%2Fv2%2Fcategories&post=92038"},{"taxonomy":"post_tag","embeddable":true,"href":"https:\/\/noticiasbahia360.com.br\/index.php?rest_route=%2Fwp%2Fv2%2Ftags&post=92038"}],"curies":[{"name":"wp","href":"https:\/\/api.w.org\/{rel}","templated":true}]}}