{"id":92040,"date":"2025-07-03T23:42:02","date_gmt":"2025-07-04T02:42:02","guid":{"rendered":"https:\/\/noticiasbahia360.com.br\/?p=92040"},"modified":"2025-07-03T23:42:02","modified_gmt":"2025-07-04T02:42:02","slug":"quarteto-riffs-se-apresenta-em-feira-de-santana-nesta-sexta-4-veja-como-assistir-ao-concerto","status":"publish","type":"post","link":"https:\/\/noticiasbahia360.com.br\/?p=92040","title":{"rendered":"Quarteto Riffs se apresenta em Feira de Santana nesta sexta (4); veja como assistir ao concerto"},"content":{"rendered":"<div>\n<div>\n<figure><img decoding=\"async\" src=\"http:\/\/noticiasbahia360.com.br\/wp-content\/uploads\/2025\/07\/quateto-riffs.jpg\" alt=\"quateto riffs\"><figcaption>Foto: Reprodu\u00e7\u00e3o\/Instagram<\/figcaption><\/figure>\n<\/div>\n<p>Feira de Santana receber\u00e1 nesta sexta-feira,  dia 4 de julho de 2025, \u00e0s 20h, no Teatro da CDL, o concerto do Quarteto Riffs, grupo de m\u00fasica cl\u00e1ssica que est\u00e1 na segunda edi\u00e7\u00e3o de sua turn\u00ea itinerante. Os ingressos est\u00e3o \u00e0 venda pelo <a href=\"https:\/\/www.sympla.com.br\/evento\/concerto-quarteto-riffs\/3013233\" target=\"_blank\" rel=\"noreferrer noopener\">Sympla<\/a>, com valores de R$ 50 (inteira) e R$ 25 (meia).<\/p>\n<p>Criado em 2024, o Quarteto Riffs \u00e9 formado por dois violinos, uma viola e um violoncelo. Em seu primeiro ano de atividade, realizou apresenta\u00e7\u00f5es em dois estados e cinco cidades. Nesta nova etapa da turn\u00ea, o grupo planeja mais de dez concertos em sete cidades de tr\u00eas estados brasileiros.<\/p>\n<p>O repert\u00f3rio apresentado pelo  Quarteto Riff  transita entre a m\u00fasica cl\u00e1ssica e a m\u00fasica popular, com obras de diferentes \u00e9pocas e nacionalidades. A proposta do grupo \u00e9 contribuir para a amplia\u00e7\u00e3o do acesso \u00e0 m\u00fasica de concerto, realizando apresenta\u00e7\u00f5es em diferentes contextos e para p\u00fablicos diversos.<\/p>\n<p>As apresenta\u00e7\u00f5es do Quarteto Riffs incluem momentos did\u00e1ticos, nos quais os m\u00fasicos compartilham informa\u00e7\u00f5es sobre os instrumentos de cordas utilizados, os estilos musicais executados e os compositores das obras. A ideia \u00e9 promover a escuta ativa e despertar o interesse pela m\u00fasica instrumental.<\/p>\n<p>Com o projeto de turn\u00ea itinerante, o quarteto busca levar arte e forma\u00e7\u00e3o musical a diferentes localidades, passando por teatros, escolas, centros culturais e espa\u00e7os p\u00fablicos. A proposta se insere em um movimento de democratiza\u00e7\u00e3o do acesso \u00e0 m\u00fasica de concerto e valoriza\u00e7\u00e3o da m\u00fasica de c\u00e2mara como forma de express\u00e3o art\u00edstica.<\/p>\n<h2 class=\"wp-block-heading\" id=\"h-concerto-do-quarteto-riffs\">\ud83c\udfbb <strong>Concerto do Quarteto Riffs<\/strong><\/h2>\n<p><strong>S\u00e9rie: <\/strong>II Edi\u00e7\u00e3o da Turn\u00ea Itinerante<br \/><strong>Data: <\/strong>04 de julho de 2025<br \/><strong>Hor\u00e1rio<\/strong>: 20h<br \/><strong>Local:<\/strong> Teatro do CDL \u2013 Feira de Santana<br \/><strong>Entrada<\/strong>: R$ 50 (inteira) | R$ 25 (meia)<br \/>Vendas: Dispon\u00edvel pelo Sympla<br \/>\ud83c\udf9f\ufe0f https:\/\/www.sympla.com.br\/evento\/concerto-quarteto-riffs\/3013233<\/p>\n<p><strong>PROGRAMA DE CONCERTO<\/strong><\/p>\n<ul class=\"wp-block-list\">\n<li>Jessie Montgomery (1981)<br \/>Strum<\/li>\n<li>Franz Schubert (1797- 1828)<br \/>String quartet n 14 D minor \u2013 IV mov<\/li>\n<li>Billy Strayhorn (1915\u20131967)<br \/>Take the A Train<\/li>\n<li>William Bolcom ( 1938)<br \/>Incineratorag III<\/li>\n<li>Astor Piazzolla (1921\u20131992)<br \/>As quatro Estaciones Porte\u00f1as<\/li>\n<\/ul>\n<h2 class=\"wp-block-heading\" id=\"h-os-musicos\"><strong>Os m\u00fasicos<\/strong><\/h2>\n<figure class=\"wp-block-image size-large\"><img fetchpriority=\"high\" data-dominant-color=\"572b27\" data-has-transparency=\"false\" style=\"--dominant-color: #572b27;\" fetchpriority=\"high\" decoding=\"async\" width=\"1159\" height=\"768\" sizes=\"(max-width: 1159px) 100vw, 1159px\" src=\"http:\/\/noticiasbahia360.com.br\/wp-content\/uploads\/2025\/07\/Luhan-Lucena-Violinista-1159x768-1.jpg\" alt=\"Luhan Lucena, Violinista\" class=\"wp-image-571323 not-transparent\" srcset=\"https:\/\/uploads.acordacidade.com.br\/2025\/07\/Luhan-Lucena-Violinista-551x365.jpg 551w, http:\/\/noticiasbahia360.com.br\/wp-content\/uploads\/2025\/07\/Luhan-Lucena-Violinista-1159x768-1.jpg 1159w, https:\/\/uploads.acordacidade.com.br\/2025\/07\/Luhan-Lucena-Violinista-835x553.jpg 835w, https:\/\/uploads.acordacidade.com.br\/2025\/07\/Luhan-Lucena-Violinista-150x99.jpg 150w, https:\/\/uploads.acordacidade.com.br\/2025\/07\/Luhan-Lucena-Violinista.jpg 1200w\"><figcaption class=\"wp-element-caption\">Luhan Lucena, Violinista  | Divulga\u00e7\u00e3o<\/figcaption><\/figure>\n<p><strong>Luhan Lucena, Violinista (PE) <\/strong>\u2013  Natural de Recife, Pernambuco, tem 21 anos e come\u00e7ou a estudar violino aos 4 anos de idade (2007) no projeto social Orquestra Crian\u00e7a Cidad\u00e3. Luhan teve a oportunidade de tocar em lugares como na Capela Sistina, no Vaticano, na 16\u00aa Confer\u00eancia Internacional da Fraternidade Cat\u00f3lica, na It\u00e1lia (2014). Viajou para Portugal em turn\u00ea com a Orquestra Crian\u00e7a Cidad\u00e3 para tocar para o primeiro ministro de Portugal. Tamb\u00e9m participou de concertos na Argentina e nos Estados Unidos. Luhan foi vencedor da competi\u00e7\u00e3o \u201cInternacional String Connections Conference Festival\u201d no Canad\u00e1 em 2021 e vencedor da competi\u00e7\u00e3o \u201cJovem Solista pr\u00eamio Clovis Pereira\u201d em 2017. Atualmente est\u00e1 no seu pen\u00faltimo ano do seu Bacharelado em M\u00fasica (Violino) nos Estados Unidos.<\/p>\n<figure class=\"wp-block-image size-large\"><img data-dominant-color=\"895b1d\" data-has-transparency=\"false\" style=\"--dominant-color: #895b1d;\" decoding=\"async\" width=\"964\" height=\"768\" sizes=\"(max-width: 964px) 100vw, 964px\" src=\"http:\/\/noticiasbahia360.com.br\/wp-content\/uploads\/2025\/07\/Lucas-Santa-Clara-Violinista-964x768-1.jpg\" alt=\"Lucas Santa Clara, Violinista\" class=\"wp-image-571324 not-transparent\" srcset=\"https:\/\/uploads.acordacidade.com.br\/2025\/07\/Lucas-Santa-Clara-Violinista-458x365.jpg 458w, http:\/\/noticiasbahia360.com.br\/wp-content\/uploads\/2025\/07\/Lucas-Santa-Clara-Violinista-964x768-1.jpg 964w, https:\/\/uploads.acordacidade.com.br\/2025\/07\/Lucas-Santa-Clara-Violinista-694x553.jpg 694w, https:\/\/uploads.acordacidade.com.br\/2025\/07\/Lucas-Santa-Clara-Violinista-150x120.jpg 150w, https:\/\/uploads.acordacidade.com.br\/2025\/07\/Lucas-Santa-Clara-Violinista.jpg 1200w\"><figcaption class=\"wp-element-caption\">Lucas Santa Clara, Violinista  | Divulga\u00e7\u00e3o<\/figcaption><\/figure>\n<p><strong>Lucas Santa Clara, Violinista (BA) \u2013<\/strong>  Lucas Santa Clara dos Santos nasceu em Salvador, Bahia, tem 24 anos e \u00e9 graduado pela Universidade Federal da Bahia (UFBA) em Bacharelado em M\u00fasica (Violino). Foi membro da Orquestra Juvenil da Bahia no qual participou de duas turn\u00eas internacionais pela Europa com concertos na It\u00e1lia, Portugal, Fran\u00e7a, Su\u00ed\u00e7a, B\u00e9lgica, Holanda e Dinamarca. Tocou em grandes salas de concerto da Europa, incluindo Concertgebouw, Victoria Hall, Queen Elisabeth Hall, Calouste Gulbenkian Concert Hall, Dr Koncerthuset, Philarmonie de Paris, entre outras. J\u00e1 performou com grandes nomes da m\u00fasica como Ricardo Castro, Maria Jo\u00e3o Pires, Ronaldo Rolim, Martha Argerich, Jeniffer Stumm, Ivan Karinza, David Grimal, Liza Feschtman e Julian Stickel.<\/p>\n<figure class=\"wp-block-image size-large\"><img data-dominant-color=\"3d3126\" data-has-transparency=\"false\" style=\"--dominant-color: #3d3126;\" decoding=\"async\" width=\"940\" height=\"768\" sizes=\"(max-width: 940px) 100vw, 940px\" src=\"http:\/\/noticiasbahia360.com.br\/wp-content\/uploads\/2025\/07\/Pedro-Fernandes-Violista-940x768-1.jpg\" alt=\"Pedro Fernandes, Violista\" class=\"wp-image-571322 not-transparent\" srcset=\"https:\/\/uploads.acordacidade.com.br\/2025\/07\/Pedro-Fernandes-Violista-447x365.jpg 447w, http:\/\/noticiasbahia360.com.br\/wp-content\/uploads\/2025\/07\/Pedro-Fernandes-Violista-940x768-1.jpg 940w, https:\/\/uploads.acordacidade.com.br\/2025\/07\/Pedro-Fernandes-Violista-677x553.jpg 677w, https:\/\/uploads.acordacidade.com.br\/2025\/07\/Pedro-Fernandes-Violista-150x123.jpg 150w, https:\/\/uploads.acordacidade.com.br\/2025\/07\/Pedro-Fernandes-Violista.jpg 1200w\"><figcaption class=\"wp-element-caption\">Pedro Fernandes, Violista | Divulga\u00e7\u00e3o<\/figcaption><\/figure>\n<p><strong>Pedro Fernandes, Violista (PB)<\/strong> \u2013  Pedro Fernandes \u00e9 natural de Catol\u00e9 do Rocha (PB), tem 18 anos e iniciou seus estudos aos 10 anos no PRIMA (Programa de Inclus\u00e3o Atrav\u00e9s da M\u00fasica e das Artes). Pedro foi solista no Femusc (Festival de M\u00fasica de Santa Catarina) e integrante do Projeto Serioso, que re\u00fane os mais jovens talentos da Am\u00e9rica latina e do mundo. Teve aula com professores de renome nacional e internacional como: Gabriel Marin, Renato Bandel, Craig Mumm e Richard Young. Agora segue tendo aula com o ex-violista do renomado quarteto Vermeer, O Norte Americano, Richard Young, famoso por suas grava\u00e7\u00f5es de M\u00fasica de c\u00e2mara. Pedro esta tamb\u00e9m se preparando para estudar no conservat\u00f3rio de m\u00fasica na Nicholls State University nos Estados Unidos.<\/p>\n<figure class=\"wp-block-image size-large\"><img data-dominant-color=\"895b1d\" data-has-transparency=\"false\" style=\"--dominant-color: #895b1d;\" decoding=\"async\" width=\"964\" height=\"768\" sizes=\"(max-width: 964px) 100vw, 964px\" src=\"http:\/\/noticiasbahia360.com.br\/wp-content\/uploads\/2025\/07\/Lucas-Santa-Clara-Violinista-964x768-1.jpg\" alt=\"Lucas Santa Clara, Violinista\" class=\"wp-image-571324 not-transparent\" srcset=\"https:\/\/uploads.acordacidade.com.br\/2025\/07\/Lucas-Santa-Clara-Violinista-458x365.jpg 458w, http:\/\/noticiasbahia360.com.br\/wp-content\/uploads\/2025\/07\/Lucas-Santa-Clara-Violinista-964x768-1.jpg 964w, https:\/\/uploads.acordacidade.com.br\/2025\/07\/Lucas-Santa-Clara-Violinista-694x553.jpg 694w, https:\/\/uploads.acordacidade.com.br\/2025\/07\/Lucas-Santa-Clara-Violinista-150x120.jpg 150w, https:\/\/uploads.acordacidade.com.br\/2025\/07\/Lucas-Santa-Clara-Violinista.jpg 1200w\"><figcaption class=\"wp-element-caption\">Lucas Santa Clara, Violinista  | Divulga\u00e7\u00e3o<\/figcaption><\/figure>\n<p><strong>Luan Santa Clara, Violoncelo (BA)<\/strong> \u2013 Luan Santa Clara dos Santos nasceu em Salvador, Bahia, tem 24 anos e possui seu Bacharelado em M\u00fasica (Violoncello) pela Universidade Federal da Bahia (UFBA) e formado tamb\u00e9m com um \u201cArtist Diploma\u201d pela Nicholls State University nos Estados Unidos. Luan Recebeu o pr\u00eamio de primeiro colocado no concurso Horst Schwebel em 2022. Foi integrante da Orquestra Juvenil da Bahia, no qual participou de internacionais pela duas Europa turn\u00eas com concertos na It\u00e1lia, Portugal, Fran\u00e7a, Su\u00ed\u00e7a, B\u00e9lgica, Holanda e Dinamarca. Tocou em grandes salas de concertos da Europa. Atualmente, Luan est\u00e1 se preparando para come\u00e7ar seu mestrado em peformance em agosto de 2025 na Louisiana State University.<\/p>\n<p><em>Siga o Acorda Cidade no<\/em><a href=\"https:\/\/news.google.com\/search?q=acorda%20cidade&amp;hl=pt-BR&amp;gl=BR&amp;ceid=BR%3Apt-419\"><strong><em>\u00a0Google Not\u00edcias<\/em><\/strong><\/a><em>\u00a0e receba os principais destaques do dia. Participe tamb\u00e9m dos nossos canais no\u00a0<\/em><a href=\"https:\/\/www.whatsapp.com\/channel\/0029Va6Rb4v3WHTNnsh8WI3N\"><strong><em>WhatsApp<\/em><\/strong><\/a><em>\u00a0e\u00a0<\/em><a href=\"https:\/\/www.youtube.com\/@acordacidadenoticias\/videos\"><strong>YouTube<\/strong><\/a><em>\u00a0e grupo de\u00a0<\/em><a href=\"https:\/\/t.me\/+sSz0khrgARA0ZmRh\"><strong><em>Telegram<\/em><\/strong><\/a><em>.<\/em><\/p>\n<\/div>\n","protected":false},"excerpt":{"rendered":"<div>\n<div>\n<figure><img decoding=\"async\" src=\"https:\/\/uploads.acordacidade.com.br\/2025\/07\/quateto-riffs.jpg\" alt=\"quateto riffs\"><figcaption>Foto: Reprodu\u00e7\u00e3o\/Instagram<\/figcaption><\/figure>\n<\/div>\n<p>O repert\u00f3rio apresentado pelo  Quarteto Riff  transita entre a m\u00fasica cl\u00e1ssica e a m\u00fasica popular, com obras de diferentes \u00e9pocas e nacionalidades.<\/p><\/div>\n","protected":false},"author":1,"featured_media":92041,"comment_status":"closed","ping_status":"closed","sticky":false,"template":"","format":"gallery","meta":{"footnotes":""},"categories":[8,9,6,57,56,10],"tags":[],"class_list":["post-92040","post","type-post","status-publish","format-gallery","has-post-thumbnail","hentry","category-bahia","category-brasil","category-feira-de-santana","category-mundo","category-policia","category-politica","post_format-post-format-gallery"],"featured_image_urls":{"full":["https:\/\/noticiasbahia360.com.br\/wp-content\/uploads\/2025\/07\/quateto-riffs.jpg",1200,743,false],"thumbnail":["https:\/\/noticiasbahia360.com.br\/wp-content\/uploads\/2025\/07\/quateto-riffs-150x150.jpg",150,150,true],"medium":["https:\/\/noticiasbahia360.com.br\/wp-content\/uploads\/2025\/07\/quateto-riffs-300x186.jpg",300,186,true],"medium_large":["https:\/\/noticiasbahia360.com.br\/wp-content\/uploads\/2025\/07\/quateto-riffs-768x476.jpg",640,397,true],"large":["https:\/\/noticiasbahia360.com.br\/wp-content\/uploads\/2025\/07\/quateto-riffs-1024x634.jpg",640,396,true],"1536x1536":["https:\/\/noticiasbahia360.com.br\/wp-content\/uploads\/2025\/07\/quateto-riffs.jpg",1200,743,false],"2048x2048":["https:\/\/noticiasbahia360.com.br\/wp-content\/uploads\/2025\/07\/quateto-riffs.jpg",1200,743,false],"chromenews-featured":["https:\/\/noticiasbahia360.com.br\/wp-content\/uploads\/2025\/07\/quateto-riffs-1024x634.jpg",1024,634,true],"chromenews-large":["https:\/\/noticiasbahia360.com.br\/wp-content\/uploads\/2025\/07\/quateto-riffs-825x575.jpg",825,575,true],"chromenews-medium":["https:\/\/noticiasbahia360.com.br\/wp-content\/uploads\/2025\/07\/quateto-riffs-590x410.jpg",590,410,true]},"author_info":{"display_name":"noticiasbahia360.com.br","author_link":"https:\/\/noticiasbahia360.com.br\/?author=1"},"category_info":"<a href=\"https:\/\/noticiasbahia360.com.br\/?cat=8\" rel=\"category\">Bahia<\/a> <a href=\"https:\/\/noticiasbahia360.com.br\/?cat=9\" rel=\"category\">Brasil<\/a> <a href=\"https:\/\/noticiasbahia360.com.br\/?cat=6\" rel=\"category\">Feira de Santana<\/a> <a href=\"https:\/\/noticiasbahia360.com.br\/?cat=57\" rel=\"category\">Mundo<\/a> <a href=\"https:\/\/noticiasbahia360.com.br\/?cat=56\" rel=\"category\">Pol\u00edcia<\/a> <a href=\"https:\/\/noticiasbahia360.com.br\/?cat=10\" rel=\"category\">Pol\u00edtica<\/a>","tag_info":"Pol\u00edtica","comment_count":"0","_links":{"self":[{"href":"https:\/\/noticiasbahia360.com.br\/index.php?rest_route=\/wp\/v2\/posts\/92040","targetHints":{"allow":["GET"]}}],"collection":[{"href":"https:\/\/noticiasbahia360.com.br\/index.php?rest_route=\/wp\/v2\/posts"}],"about":[{"href":"https:\/\/noticiasbahia360.com.br\/index.php?rest_route=\/wp\/v2\/types\/post"}],"author":[{"embeddable":true,"href":"https:\/\/noticiasbahia360.com.br\/index.php?rest_route=\/wp\/v2\/users\/1"}],"replies":[{"embeddable":true,"href":"https:\/\/noticiasbahia360.com.br\/index.php?rest_route=%2Fwp%2Fv2%2Fcomments&post=92040"}],"version-history":[{"count":0,"href":"https:\/\/noticiasbahia360.com.br\/index.php?rest_route=\/wp\/v2\/posts\/92040\/revisions"}],"wp:featuredmedia":[{"embeddable":true,"href":"https:\/\/noticiasbahia360.com.br\/index.php?rest_route=\/wp\/v2\/media\/92041"}],"wp:attachment":[{"href":"https:\/\/noticiasbahia360.com.br\/index.php?rest_route=%2Fwp%2Fv2%2Fmedia&parent=92040"}],"wp:term":[{"taxonomy":"category","embeddable":true,"href":"https:\/\/noticiasbahia360.com.br\/index.php?rest_route=%2Fwp%2Fv2%2Fcategories&post=92040"},{"taxonomy":"post_tag","embeddable":true,"href":"https:\/\/noticiasbahia360.com.br\/index.php?rest_route=%2Fwp%2Fv2%2Ftags&post=92040"}],"curies":[{"name":"wp","href":"https:\/\/api.w.org\/{rel}","templated":true}]}}