{"id":92048,"date":"2025-07-04T07:40:36","date_gmt":"2025-07-04T10:40:36","guid":{"rendered":"https:\/\/noticiasbahia360.com.br\/?p=92048"},"modified":"2025-07-04T07:40:36","modified_gmt":"2025-07-04T10:40:36","slug":"condutor-perde-controle-e-capota-carro-no-viaduto-da-joao-durval-carneiro-em-feira-de-santana","status":"publish","type":"post","link":"https:\/\/noticiasbahia360.com.br\/?p=92048","title":{"rendered":"Condutor perde controle e capota carro no viaduto da Jo\u00e3o Durval Carneiro em Feira de Santana"},"content":{"rendered":"<div>\n<div>\n<figure><img decoding=\"async\" src=\"http:\/\/noticiasbahia360.com.br\/wp-content\/uploads\/2025\/07\/acidente_edsantos_acordacidade-3.jpg\" alt=\"Acidente\"><figcaption>Foto: Ed Santos\/Acorda Cidade<\/figcaption><\/figure>\n<\/div>\n<p>Um acidente foi registrado nas primeiras horas da manh\u00e3 desta sexta-feira (4), no viaduto da Avenida Jo\u00e3o Durval Carneiro, em <a href=\"https:\/\/www.acordacidade.com.br\/tag\/feira-de-santana\/\">Feira de Santana<\/a>. O condutor de um Renault Kwid branco perdeu o controle do ve\u00edculo e colidiu contra a mureta de prote\u00e7\u00e3o da via.<\/p>\n<p>O acidente aconteceu por volta das 4h30. Ao Acorda Cidade, o motorista identificado como Nelson Nunes dos Reis, de 54 anos, informou que seguia pela avenida Ayrton Senna quando foi surpreendido por uma po\u00e7a d\u2019\u00e1gua na pista, o que fez com que perdesse o controle da dire\u00e7\u00e3o. O impacto na mureta provocou o capotamento do ve\u00edculo sobre o viaduto.<\/p>\n<p>Apesar da gravidade do acidente e da destrui\u00e7\u00e3o do carro, que sofreu perda total, o motorista n\u00e3o ficou ferido. Nelson contou que precisou sair do carro pelo porta-malas, com a ajuda de pessoas que passavam pelo local no momento do acidente. \u201cGra\u00e7as a Deus, estou ileso\u201d, disse.<\/p>\n<p>O condutor informou ainda que o ve\u00edculo, ano 2022, estava \u00e0 venda e que seria entregue na manh\u00e3 de hoje, mas a negocia\u00e7\u00e3o n\u00e3o p\u00f4de ser conclu\u00edda. O autom\u00f3vel estava com seguro.<\/p>\n<p>A via permaneceu parcialmente obstru\u00edda at\u00e9 a chegada do guincho acionado pela seguradora.<\/p>\n<p><em>Com informa\u00e7\u00f5es do rep\u00f3rter Ed Santos do Acorda Cidade<\/em><\/p>\n<p><em>Siga o Acorda Cidade no<\/em><a href=\"https:\/\/news.google.com\/search?q=acorda%20cidade&amp;hl=pt-BR&amp;gl=BR&amp;ceid=BR%3Apt-419\"><strong><em> Google Not\u00edcias<\/em><\/strong><\/a><em> e receba os principais destaques do dia. Participe tamb\u00e9m dos nossos canais no <\/em><a href=\"https:\/\/whatsapp.com\/channel\/0029Va6Rb4v3WHTNnsh8WI3N\"><strong><em>WhatsApp<\/em><\/strong><\/a><em> e <\/em><a href=\"https:\/\/www.youtube.com\/@acordacidadenoticias\/videos\"><strong>Youtube<\/strong><\/a><em> e grupo de <\/em><a href=\"https:\/\/t.me\/+sSz0khrgARA0ZmRh\"><strong><em>Telegram<\/em><\/strong><\/a><em>.<\/em><\/p>\n<\/div>\n","protected":false},"excerpt":{"rendered":"<div>\n<div>\n<figure><img decoding=\"async\" src=\"https:\/\/uploads.acordacidade.com.br\/2025\/07\/acidente_edsantos_acordacidade-3.jpg\" alt=\"Acidente\"><figcaption>Foto: Ed Santos\/Acorda Cidade<\/figcaption><\/figure>\n<\/div>\n<p>O condutor informou que o ve\u00edculo estava \u00e0 venda e que seria entregue na manh\u00e3 desta sexta. O acidente aconteceu por volta das 4h30.<\/p><\/div>\n","protected":false},"author":1,"featured_media":92049,"comment_status":"closed","ping_status":"closed","sticky":false,"template":"","format":"gallery","meta":{"footnotes":""},"categories":[8,9,6,57,56,10],"tags":[],"class_list":["post-92048","post","type-post","status-publish","format-gallery","has-post-thumbnail","hentry","category-bahia","category-brasil","category-feira-de-santana","category-mundo","category-policia","category-politica","post_format-post-format-gallery"],"featured_image_urls":{"full":["https:\/\/noticiasbahia360.com.br\/wp-content\/uploads\/2025\/07\/acidente_edsantos_acordacidade-3.jpg",1200,675,false],"thumbnail":["https:\/\/noticiasbahia360.com.br\/wp-content\/uploads\/2025\/07\/acidente_edsantos_acordacidade-3-150x150.jpg",150,150,true],"medium":["https:\/\/noticiasbahia360.com.br\/wp-content\/uploads\/2025\/07\/acidente_edsantos_acordacidade-3-300x169.jpg",300,169,true],"medium_large":["https:\/\/noticiasbahia360.com.br\/wp-content\/uploads\/2025\/07\/acidente_edsantos_acordacidade-3-768x432.jpg",640,360,true],"large":["https:\/\/noticiasbahia360.com.br\/wp-content\/uploads\/2025\/07\/acidente_edsantos_acordacidade-3-1024x576.jpg",640,360,true],"1536x1536":["https:\/\/noticiasbahia360.com.br\/wp-content\/uploads\/2025\/07\/acidente_edsantos_acordacidade-3.jpg",1200,675,false],"2048x2048":["https:\/\/noticiasbahia360.com.br\/wp-content\/uploads\/2025\/07\/acidente_edsantos_acordacidade-3.jpg",1200,675,false],"chromenews-featured":["https:\/\/noticiasbahia360.com.br\/wp-content\/uploads\/2025\/07\/acidente_edsantos_acordacidade-3-1024x576.jpg",1024,576,true],"chromenews-large":["https:\/\/noticiasbahia360.com.br\/wp-content\/uploads\/2025\/07\/acidente_edsantos_acordacidade-3-825x575.jpg",825,575,true],"chromenews-medium":["https:\/\/noticiasbahia360.com.br\/wp-content\/uploads\/2025\/07\/acidente_edsantos_acordacidade-3-590x410.jpg",590,410,true]},"author_info":{"display_name":"noticiasbahia360.com.br","author_link":"https:\/\/noticiasbahia360.com.br\/?author=1"},"category_info":"<a href=\"https:\/\/noticiasbahia360.com.br\/?cat=8\" rel=\"category\">Bahia<\/a> <a href=\"https:\/\/noticiasbahia360.com.br\/?cat=9\" rel=\"category\">Brasil<\/a> <a href=\"https:\/\/noticiasbahia360.com.br\/?cat=6\" rel=\"category\">Feira de Santana<\/a> <a href=\"https:\/\/noticiasbahia360.com.br\/?cat=57\" rel=\"category\">Mundo<\/a> <a href=\"https:\/\/noticiasbahia360.com.br\/?cat=56\" rel=\"category\">Pol\u00edcia<\/a> <a href=\"https:\/\/noticiasbahia360.com.br\/?cat=10\" rel=\"category\">Pol\u00edtica<\/a>","tag_info":"Pol\u00edtica","comment_count":"0","_links":{"self":[{"href":"https:\/\/noticiasbahia360.com.br\/index.php?rest_route=\/wp\/v2\/posts\/92048","targetHints":{"allow":["GET"]}}],"collection":[{"href":"https:\/\/noticiasbahia360.com.br\/index.php?rest_route=\/wp\/v2\/posts"}],"about":[{"href":"https:\/\/noticiasbahia360.com.br\/index.php?rest_route=\/wp\/v2\/types\/post"}],"author":[{"embeddable":true,"href":"https:\/\/noticiasbahia360.com.br\/index.php?rest_route=\/wp\/v2\/users\/1"}],"replies":[{"embeddable":true,"href":"https:\/\/noticiasbahia360.com.br\/index.php?rest_route=%2Fwp%2Fv2%2Fcomments&post=92048"}],"version-history":[{"count":0,"href":"https:\/\/noticiasbahia360.com.br\/index.php?rest_route=\/wp\/v2\/posts\/92048\/revisions"}],"wp:featuredmedia":[{"embeddable":true,"href":"https:\/\/noticiasbahia360.com.br\/index.php?rest_route=\/wp\/v2\/media\/92049"}],"wp:attachment":[{"href":"https:\/\/noticiasbahia360.com.br\/index.php?rest_route=%2Fwp%2Fv2%2Fmedia&parent=92048"}],"wp:term":[{"taxonomy":"category","embeddable":true,"href":"https:\/\/noticiasbahia360.com.br\/index.php?rest_route=%2Fwp%2Fv2%2Fcategories&post=92048"},{"taxonomy":"post_tag","embeddable":true,"href":"https:\/\/noticiasbahia360.com.br\/index.php?rest_route=%2Fwp%2Fv2%2Ftags&post=92048"}],"curies":[{"name":"wp","href":"https:\/\/api.w.org\/{rel}","templated":true}]}} 