{"id":92058,"date":"2025-07-04T08:45:23","date_gmt":"2025-07-04T11:45:23","guid":{"rendered":"https:\/\/noticiasbahia360.com.br\/?p=92058"},"modified":"2025-07-04T08:45:23","modified_gmt":"2025-07-04T11:45:23","slug":"bahia-tem-segundo-melhor-1o-semestre-da-historia-em-chegada-de-turistas-internacionais-quase-100-mil-entradas","status":"publish","type":"post","link":"https:\/\/noticiasbahia360.com.br\/?p=92058","title":{"rendered":"Bahia tem segundo melhor 1\u00ba semestre da hist\u00f3ria em chegada de turistas internacionais; quase 100 mil entradas\u00a0"},"content":{"rendered":"<div>\n<div>\n<figure><img decoding=\"async\" src=\"http:\/\/noticiasbahia360.com.br\/wp-content\/uploads\/2025\/07\/Turismo-Turistas-em-Salvador-.webp\" alt=\"Turismo - Turistas em Salvador - Bahia\"><figcaption>Para o presidente da Embratur, Marcelo Freixo, os destinos baianos est\u00e3o na moda entre os turistas internacionais| Foto: Embratur-Sebrae\/Divulga\u00e7\u00e3o<\/figcaption><\/figure>\n<\/div>\n<p>A <a href=\"https:\/\/www.acordacidade.com.br\/tag\/bahia\/\">Bahia<\/a> registrou a chegada de 99.958 turistas internacionais no primeiro semestre de 2025. O n\u00famero \u00e9 o segundo maior para o per\u00edodo na s\u00e9rie hist\u00f3rica, atr\u00e1s apenas de 2007, quando o registro ficou em 101.730. O estado tamb\u00e9m ocupa, no per\u00edodo, o terceiro maior crescimento percentual entre as unidades da Federa\u00e7\u00e3o, com 62% entradas a mais que nos seis primeiros meses de 2024, quando a marca foi de 61.669.<\/p>\n<p>Em junho, os destinos baianos receberam 8.334 turistas internacionais, 54,5% a mais que no sexto m\u00eas de 2024, quando o n\u00famero de chegadas ficou em 5.393. Os dados s\u00e3o da Embratur com a Pol\u00edcia Federal e o Minist\u00e9rio do Turismo e est\u00e3o dispon\u00edveis no Portal de Dados da Ag\u00eancia.<\/p>\n<p>O presidente da Embratur, Marcelo Freixo, comemorou a marca. \u201cA Bahia \u00e9 uma das capitais tur\u00edsticas do Brasil e um estado important\u00edssimo para o desenvolvimento do turismo brasileiro. Esse aumento mostra que os destinos baianos o pa\u00eds est\u00e3o na moda l\u00e1 fora. Devemos isso ao fato de estarmos promovendo nosso pa\u00eds com muito mais qualidade. A gente tem intelig\u00eancia de dados, a gente consegue, hoje, ampliar a malha a\u00e9rea, que cresceu 18% em 2024 e j\u00e1 cresceu 16% neste ano de 2025. Al\u00e9m disso, a gente j\u00e1 est\u00e1 com um total de 48% acima de visitantes nesses seis meses do que estava no passado\u201d, ressaltou.<\/p>\n<p>\u201cA meta \u00e9 passar pela primeira vez na hist\u00f3ria dos 7 milh\u00f5es porque esse Brasil \u00e9 um Brasil da diversidade, um Brasil da cultura, um Brasil que n\u00e3o \u00e9 s\u00f3 sol e praia e essa qualidade de apresentar o Brasil \u00e9 o trabalho que a Embratur tem feito em todos os mercados mundiais, ampliando a malha a\u00e9rea e mostrando o quanto o Brasil \u00e9 um pa\u00eds acolhedor, um pa\u00eds seguro e um pa\u00eds que est\u00e1 pronto pra receber esse turista que quer ser mais feliz aqui\u201d, completou.<\/p>\n<h2 class=\"wp-block-heading\" id=\"h-brasil-segue-crescendo\">Brasil segue crescendo<\/h2>\n<p>No primeiro semestre de 2025, o Brasil recebeu 5.332.111 visitantes internacionais. O total superou os resultados de toda a s\u00e9rie hist\u00f3rica para o semestre, com um crescimento de 48,2% em rela\u00e7\u00e3o ao mesmo per\u00edodo do ano passado e o melhor resultado da s\u00e9rie hist\u00f3rica para o primeiro semestre.<\/p>\n<p>O n\u00famero representa 77,3% da meta prevista no Plano Nacional de Turismo 2024-2027 para este ano, que projeta a entrada de 6,9 milh\u00f5es de visitantes internacionais. Se o ritmo for mantido, o Brasil poder\u00e1 ultrapassar, j\u00e1 em 2025, a meta de 8,1 milh\u00f5es de turistas originalmente estabelecida para 2027.<\/p>\n<p>Apenas no m\u00eas de junho, 444.882 estrangeiros desembarcaram no pa\u00eds, um aumento de 33,8% (112.408 chegadas) na compara\u00e7\u00e3o com junho de 2024.<\/p>\n<p><em>Siga o Acorda Cidade no<\/em><a href=\"https:\/\/news.google.com\/search?q=acorda%20cidade&amp;hl=pt-BR&amp;gl=BR&amp;ceid=BR%3Apt-419\"><strong><em>\u00a0Google Not\u00edcias<\/em><\/strong><\/a><em>\u00a0e receba os principais destaques do dia. Participe tamb\u00e9m dos nossos canais no\u00a0<\/em><a href=\"https:\/\/whatsapp.com\/channel\/0029Va6Rb4v3WHTNnsh8WI3N\"><strong><em>WhatsApp<\/em><\/strong><\/a><em>\u00a0e\u00a0<\/em><a href=\"https:\/\/www.youtube.com\/@acordacidadenoticias\/videos\"><strong>Youtube<\/strong><\/a><em>\u00a0e grupo de\u00a0<\/em><a href=\"https:\/\/t.me\/+sSz0khrgARA0ZmRh\"><strong><em>Telegram<\/em><\/strong><\/a><em>.<\/em><\/p>\n<\/div>\n","protected":false},"excerpt":{"rendered":"<div>\n<div>\n<figure><img decoding=\"async\" src=\"https:\/\/uploads.acordacidade.com.br\/2025\/07\/Turismo-Turistas-em-Salvador-.webp\" alt=\"Turismo - Turistas em Salvador - Bahia\"><figcaption>Para o presidente da Embratur, Marcelo Freixo, os destinos baianos est\u00e3o na moda entre os turistas internacionais| Foto: Embratur-Sebrae\/Divulga\u00e7\u00e3o<\/figcaption><\/figure>\n<\/div>\n<p>Os dados s\u00e3o da Embratur com a Pol\u00edcia Federal e o Minist\u00e9rio do Turismo e est\u00e3o dispon\u00edveis no Portal de Dados da Ag\u00eancia.<\/p><\/div>\n","protected":false},"author":1,"featured_media":92059,"comment_status":"closed","ping_status":"closed","sticky":false,"template":"","format":"gallery","meta":{"footnotes":""},"categories":[8,9,6,57,56,10],"tags":[],"class_list":["post-92058","post","type-post","status-publish","format-gallery","has-post-thumbnail","hentry","category-bahia","category-brasil","category-feira-de-santana","category-mundo","category-policia","category-politica","post_format-post-format-gallery"],"featured_image_urls":{"full":["https:\/\/noticiasbahia360.com.br\/wp-content\/uploads\/2025\/07\/Turismo-Turistas-em-Salvador-.webp",1200,801,false],"thumbnail":["https:\/\/noticiasbahia360.com.br\/wp-content\/uploads\/2025\/07\/Turismo-Turistas-em-Salvador--150x150.webp",150,150,true],"medium":["https:\/\/noticiasbahia360.com.br\/wp-content\/uploads\/2025\/07\/Turismo-Turistas-em-Salvador--300x200.webp",300,200,true],"medium_large":["https:\/\/noticiasbahia360.com.br\/wp-content\/uploads\/2025\/07\/Turismo-Turistas-em-Salvador--768x513.webp",640,428,true],"large":["https:\/\/noticiasbahia360.com.br\/wp-content\/uploads\/2025\/07\/Turismo-Turistas-em-Salvador--1024x684.webp",640,428,true],"1536x1536":["https:\/\/noticiasbahia360.com.br\/wp-content\/uploads\/2025\/07\/Turismo-Turistas-em-Salvador-.webp",1200,801,false],"2048x2048":["https:\/\/noticiasbahia360.com.br\/wp-content\/uploads\/2025\/07\/Turismo-Turistas-em-Salvador-.webp",1200,801,false],"chromenews-featured":["https:\/\/noticiasbahia360.com.br\/wp-content\/uploads\/2025\/07\/Turismo-Turistas-em-Salvador--1024x684.webp",1024,684,true],"chromenews-large":["https:\/\/noticiasbahia360.com.br\/wp-content\/uploads\/2025\/07\/Turismo-Turistas-em-Salvador--825x575.webp",825,575,true],"chromenews-medium":["https:\/\/noticiasbahia360.com.br\/wp-content\/uploads\/2025\/07\/Turismo-Turistas-em-Salvador--590x410.webp",590,410,true]},"author_info":{"display_name":"noticiasbahia360.com.br","author_link":"https:\/\/noticiasbahia360.com.br\/?author=1"},"category_info":"<a href=\"https:\/\/noticiasbahia360.com.br\/?cat=8\" rel=\"category\">Bahia<\/a> <a href=\"https:\/\/noticiasbahia360.com.br\/?cat=9\" rel=\"category\">Brasil<\/a> <a href=\"https:\/\/noticiasbahia360.com.br\/?cat=6\" rel=\"category\">Feira de Santana<\/a> <a href=\"https:\/\/noticiasbahia360.com.br\/?cat=57\" rel=\"category\">Mundo<\/a> <a href=\"https:\/\/noticiasbahia360.com.br\/?cat=56\" rel=\"category\">Pol\u00edcia<\/a> <a href=\"https:\/\/noticiasbahia360.com.br\/?cat=10\" rel=\"category\">Pol\u00edtica<\/a>","tag_info":"Pol\u00edtica","comment_count":"0","_links":{"self":[{"href":"https:\/\/noticiasbahia360.com.br\/index.php?rest_route=\/wp\/v2\/posts\/92058","targetHints":{"allow":["GET"]}}],"collection":[{"href":"https:\/\/noticiasbahia360.com.br\/index.php?rest_route=\/wp\/v2\/posts"}],"about":[{"href":"https:\/\/noticiasbahia360.com.br\/index.php?rest_route=\/wp\/v2\/types\/post"}],"author":[{"embeddable":true,"href":"https:\/\/noticiasbahia360.com.br\/index.php?rest_route=\/wp\/v2\/users\/1"}],"replies":[{"embeddable":true,"href":"https:\/\/noticiasbahia360.com.br\/index.php?rest_route=%2Fwp%2Fv2%2Fcomments&post=92058"}],"version-history":[{"count":0,"href":"https:\/\/noticiasbahia360.com.br\/index.php?rest_route=\/wp\/v2\/posts\/92058\/revisions"}],"wp:featuredmedia":[{"embeddable":true,"href":"https:\/\/noticiasbahia360.com.br\/index.php?rest_route=\/wp\/v2\/media\/92059"}],"wp:attachment":[{"href":"https:\/\/noticiasbahia360.com.br\/index.php?rest_route=%2Fwp%2Fv2%2Fmedia&parent=92058"}],"wp:term":[{"taxonomy":"category","embeddable":true,"href":"https:\/\/noticiasbahia360.com.br\/index.php?rest_route=%2Fwp%2Fv2%2Fcategories&post=92058"},{"taxonomy":"post_tag","embeddable":true,"href":"https:\/\/noticiasbahia360.com.br\/index.php?rest_route=%2Fwp%2Fv2%2Ftags&post=92058"}],"curies":[{"name":"wp","href":"https:\/\/api.w.org\/{rel}","templated":true}]}}