{"id":92060,"date":"2025-07-04T09:20:26","date_gmt":"2025-07-04T12:20:26","guid":{"rendered":"https:\/\/noticiasbahia360.com.br\/?p=92060"},"modified":"2025-07-04T09:20:26","modified_gmt":"2025-07-04T12:20:26","slug":"motorista-de-53-anos-morre-apos-cacamba-tombar-na-br-349","status":"publish","type":"post","link":"https:\/\/noticiasbahia360.com.br\/?p=92060","title":{"rendered":"Motorista de 53 anos morre ap\u00f3s ca\u00e7amba tombar na BR-349"},"content":{"rendered":"<div>\n<div>\n<figure><img decoding=\"async\" src=\"http:\/\/noticiasbahia360.com.br\/wp-content\/uploads\/2025\/07\/motorista-morre-apos-cacamba-tombar-foto-reproducao-achei-sudoeste-.png\" alt=\"motorista\"><figcaption>Foto: Reprodu\u00e7\u00e3o \/ Achei Sudoeste <\/figcaption><\/figure>\n<\/div>\n<p>O motorista de um caminh\u00e3o basculante, do tipo ca\u00e7amba, morreu ap\u00f3s o ve\u00edculo tombar em um trecho da BR-349, pr\u00f3ximo \u00e0 entrada do munic\u00edpio baiano de Ibipitanga. A v\u00edtima foi identificada como Paulo A. V., de 53 anos. O acidente ocorreu por volta das 15h de quinta-feira (3).<\/p>\n<p>Segundo o Achei Sudoeste, site parceiro do Acorda Cidade, a Pol\u00edcia Militar (PM) informou que o motorista perdeu o controle da dire\u00e7\u00e3o da ca\u00e7amba. A outra v\u00edtima do acidente, um passageiro de 24 anos, foi conduzida para a Unidade de Pronto Atendimento (UPA) em Maca\u00fabas.<\/p>\n<p>O corpo de Paulo foi encaminhado para o Instituto M\u00e9dico Legal (<a href=\"https:\/\/www.acordacidade.com.br\/tag\/iml\/\">IML<\/a>) em <a href=\"https:\/\/www.acordacidade.com.br\/tag\/bom-jesus-da-lapa\/\">Bom Jesus da Lapa<\/a> para ser necropsiado. As causas do acidente est\u00e3o sendo investigadas.<\/p>\n<p><em>Reportagem escrita pelo estagi\u00e1rio de jornalismo Jefferson Ara\u00fajo sob supervis\u00e3o<\/em>\u00a0<\/p>\n<p><em>Siga o Acorda Cidade no<\/em><a href=\"https:\/\/news.google.com\/search?q=acorda%20cidade&amp;hl=pt-BR&amp;gl=BR&amp;ceid=BR%3Apt-419\"><strong><em>\u00a0Google Not\u00edcias<\/em><\/strong><\/a><em>\u00a0e receba os principais destaques do dia. Participe tamb\u00e9m dos nossos canais no\u00a0<\/em><a href=\"https:\/\/www.whatsapp.com\/channel\/0029Va6Rb4v3WHTNnsh8WI3N\"><strong><em>WhatsApp<\/em><\/strong><\/a><em>\u00a0e\u00a0<\/em><a href=\"https:\/\/www.youtube.com\/@acordacidadenoticias\/videos\"><strong>Youtube<\/strong><\/a><em>\u00a0e grupo de\u00a0<\/em><a href=\"https:\/\/t.me\/+sSz0khrgARA0ZmRh\"><strong><em>Telegram<\/em><\/strong><\/a><\/p>\n<\/div>\n","protected":false},"excerpt":{"rendered":"<div>\n<div>\n<figure><img decoding=\"async\" src=\"https:\/\/uploads.acordacidade.com.br\/2025\/07\/motorista-morre-apos-cacamba-tombar-foto-reproducao-achei-sudoeste-.png\" alt=\"motorista\"><figcaption>Foto: Reprodu\u00e7\u00e3o \/ Achei Sudoeste <\/figcaption><\/figure>\n<\/div>\n<p>A v\u00edtima foi identificada como Paulo A. V., de 53 anos. A PM confirmou que o motorista perdeu o controle da dire\u00e7\u00e3o do ve\u00edculo.<\/p><\/div>\n","protected":false},"author":1,"featured_media":92061,"comment_status":"closed","ping_status":"closed","sticky":false,"template":"","format":"gallery","meta":{"footnotes":""},"categories":[8,9,6,57,56,10],"tags":[],"class_list":["post-92060","post","type-post","status-publish","format-gallery","has-post-thumbnail","hentry","category-bahia","category-brasil","category-feira-de-santana","category-mundo","category-policia","category-politica","post_format-post-format-gallery"],"featured_image_urls":{"full":["https:\/\/noticiasbahia360.com.br\/wp-content\/uploads\/2025\/07\/motorista-morre-apos-cacamba-tombar-foto-reproducao-achei-sudoeste-.png",1200,800,false],"thumbnail":["https:\/\/noticiasbahia360.com.br\/wp-content\/uploads\/2025\/07\/motorista-morre-apos-cacamba-tombar-foto-reproducao-achei-sudoeste--150x150.png",150,150,true],"medium":["https:\/\/noticiasbahia360.com.br\/wp-content\/uploads\/2025\/07\/motorista-morre-apos-cacamba-tombar-foto-reproducao-achei-sudoeste--300x200.png",300,200,true],"medium_large":["https:\/\/noticiasbahia360.com.br\/wp-content\/uploads\/2025\/07\/motorista-morre-apos-cacamba-tombar-foto-reproducao-achei-sudoeste--768x512.png",640,427,true],"large":["https:\/\/noticiasbahia360.com.br\/wp-content\/uploads\/2025\/07\/motorista-morre-apos-cacamba-tombar-foto-reproducao-achei-sudoeste--1024x683.png",640,427,true],"1536x1536":["https:\/\/noticiasbahia360.com.br\/wp-content\/uploads\/2025\/07\/motorista-morre-apos-cacamba-tombar-foto-reproducao-achei-sudoeste-.png",1200,800,false],"2048x2048":["https:\/\/noticiasbahia360.com.br\/wp-content\/uploads\/2025\/07\/motorista-morre-apos-cacamba-tombar-foto-reproducao-achei-sudoeste-.png",1200,800,false],"chromenews-featured":["https:\/\/noticiasbahia360.com.br\/wp-content\/uploads\/2025\/07\/motorista-morre-apos-cacamba-tombar-foto-reproducao-achei-sudoeste--1024x683.png",1024,683,true],"chromenews-large":["https:\/\/noticiasbahia360.com.br\/wp-content\/uploads\/2025\/07\/motorista-morre-apos-cacamba-tombar-foto-reproducao-achei-sudoeste--825x575.png",825,575,true],"chromenews-medium":["https:\/\/noticiasbahia360.com.br\/wp-content\/uploads\/2025\/07\/motorista-morre-apos-cacamba-tombar-foto-reproducao-achei-sudoeste--590x410.png",590,410,true]},"author_info":{"display_name":"noticiasbahia360.com.br","author_link":"https:\/\/noticiasbahia360.com.br\/?author=1"},"category_info":"<a href=\"https:\/\/noticiasbahia360.com.br\/?cat=8\" rel=\"category\">Bahia<\/a> <a href=\"https:\/\/noticiasbahia360.com.br\/?cat=9\" rel=\"category\">Brasil<\/a> <a href=\"https:\/\/noticiasbahia360.com.br\/?cat=6\" rel=\"category\">Feira de Santana<\/a> <a href=\"https:\/\/noticiasbahia360.com.br\/?cat=57\" rel=\"category\">Mundo<\/a> <a href=\"https:\/\/noticiasbahia360.com.br\/?cat=56\" rel=\"category\">Pol\u00edcia<\/a> <a href=\"https:\/\/noticiasbahia360.com.br\/?cat=10\" rel=\"category\">Pol\u00edtica<\/a>","tag_info":"Pol\u00edtica","comment_count":"0","_links":{"self":[{"href":"https:\/\/noticiasbahia360.com.br\/index.php?rest_route=\/wp\/v2\/posts\/92060","targetHints":{"allow":["GET"]}}],"collection":[{"href":"https:\/\/noticiasbahia360.com.br\/index.php?rest_route=\/wp\/v2\/posts"}],"about":[{"href":"https:\/\/noticiasbahia360.com.br\/index.php?rest_route=\/wp\/v2\/types\/post"}],"author":[{"embeddable":true,"href":"https:\/\/noticiasbahia360.com.br\/index.php?rest_route=\/wp\/v2\/users\/1"}],"replies":[{"embeddable":true,"href":"https:\/\/noticiasbahia360.com.br\/index.php?rest_route=%2Fwp%2Fv2%2Fcomments&post=92060"}],"version-history":[{"count":0,"href":"https:\/\/noticiasbahia360.com.br\/index.php?rest_route=\/wp\/v2\/posts\/92060\/revisions"}],"wp:featuredmedia":[{"embeddable":true,"href":"https:\/\/noticiasbahia360.com.br\/index.php?rest_route=\/wp\/v2\/media\/92061"}],"wp:attachment":[{"href":"https:\/\/noticiasbahia360.com.br\/index.php?rest_route=%2Fwp%2Fv2%2Fmedia&parent=92060"}],"wp:term":[{"taxonomy":"category","embeddable":true,"href":"https:\/\/noticiasbahia360.com.br\/index.php?rest_route=%2Fwp%2Fv2%2Fcategories&post=92060"},{"taxonomy":"post_tag","embeddable":true,"href":"https:\/\/noticiasbahia360.com.br\/index.php?rest_route=%2Fwp%2Fv2%2Ftags&post=92060"}],"curies":[{"name":"wp","href":"https:\/\/api.w.org\/{rel}","templated":true}]}}