{"id":92062,"date":"2025-07-04T10:00:18","date_gmt":"2025-07-04T13:00:18","guid":{"rendered":"https:\/\/noticiasbahia360.com.br\/?p=92062"},"modified":"2025-07-04T10:00:18","modified_gmt":"2025-07-04T13:00:18","slug":"descarte-irregular-de-lixo-em-feira-de-santana-volta-a-preocupar-moradores-e-a-mesma-reclamacao-de-sempre","status":"publish","type":"post","link":"https:\/\/noticiasbahia360.com.br\/?p=92062","title":{"rendered":"Descarte irregular de lixo em Feira de Santana volta a preocupar moradores: \u201c\u00c9 a mesma reclama\u00e7\u00e3o de sempre\u201d"},"content":{"rendered":"<div>\n<div>\n<figure><img decoding=\"async\" src=\"http:\/\/noticiasbahia360.com.br\/wp-content\/uploads\/2025\/07\/Feirinha-da-Estacao-ft-paulo-jose-acorda-cidade-4.webp\" alt=\"Feirinha da Esta\u00e7\u00e3o - descarte irregular de lixo\"><figcaption>Foto: Paulo Jos\u00e9\/Acorda Cidade<\/figcaption><\/figure>\n<\/div>\n<p>Mesmo ap\u00f3s diversas reportagens e den\u00fancias feitas ao longo dos anos, o problema do descarte irregular de lixo na <a href=\"https:\/\/www.acordacidade.com.br\/tag\/feirinha-da-estacao-nova\/\">Feirinha da Esta\u00e7\u00e3o Nova<\/a>, em Feira de Santana, continua sem uma solu\u00e7\u00e3o definitiva. A reportagem do Acorda Cidade retornou ao local nesta sexta-feira (4) e conversou com moradores que, mais uma vez, cobraram provid\u00eancias do poder p\u00fablico.<\/p>\n<p><a href=\"https:\/\/www.acordacidade.com.br\/feira-de-santana\/descarte-irregular-de-cocos-volta-a-incomodar-moradores-do-bairro-estacao-nova-em-feira-de-santana\/\" target=\"_blank\" rel=\"noreferrer noopener\">Dono de uma paci\u00eancia persistente e morador da regi\u00e3o h\u00e1 d\u00e9cadas, J\u00falio C\u00e9sar voltou a pedir aten\u00e7\u00e3o das autoridades para o problema frequente.<\/a> \u201cA reclama\u00e7\u00e3o aqui \u00e9 a mesma de sempre. \u00c9 o lixo. Essa reclama\u00e7\u00e3o \u00e9 recorrente. \u00c9 antiga, j\u00e1 est\u00e1 fazendo mais um anivers\u00e1rio, porque o lixo a prefeitura vem e limpa, o dono do terreno n\u00e3o d\u00e1 provid\u00eancia, at\u00e9 a\u00ed tudo bem, porque ele j\u00e1 murou, agora eu culpo a prefeitura\u201d, disse o morador.<\/p>\n<figure class=\"wp-block-image size-full\"><img fetchpriority=\"high\" data-dominant-color=\"7f7a70\" data-has-transparency=\"false\" style=\"--dominant-color: #7f7a70;\" fetchpriority=\"high\" decoding=\"async\" width=\"1200\" height=\"554\" sizes=\"(max-width: 1200px) 100vw, 1200px\" src=\"http:\/\/noticiasbahia360.com.br\/wp-content\/uploads\/2025\/07\/Feirinha-da-Estacao-ft-paulo-jose-acorda-cidade.webp\" alt=\"Feirinha da Esta\u00e7\u00e3o - descarte irregular de lixo\" class=\"wp-image-571388 not-transparent\" srcset=\"https:\/\/uploads.acordacidade.com.br\/2025\/07\/Feirinha-da-Estacao-ft-paulo-jose-acorda-cidade-648x299.webp 648w, https:\/\/uploads.acordacidade.com.br\/2025\/07\/Feirinha-da-Estacao-ft-paulo-jose-acorda-cidade-984x454.webp 984w, https:\/\/uploads.acordacidade.com.br\/2025\/07\/Feirinha-da-Estacao-ft-paulo-jose-acorda-cidade-150x69.webp 150w, http:\/\/noticiasbahia360.com.br\/wp-content\/uploads\/2025\/07\/Feirinha-da-Estacao-ft-paulo-jose-acorda-cidade.webp 1200w\"><figcaption class=\"wp-element-caption\">Foto: Paulo Jos\u00e9\/Acorda Cidade<\/figcaption><\/figure>\n<p>C\u00e9sar contou que populares derrubaram o muro e levaram at\u00e9 mesmo os blocos. Agora, o espa\u00e7o volta a estar desprotegido \u00e0 merc\u00ea da falta de educa\u00e7\u00e3o das pessoas.\u00a0<\/p>\n<p>De acordo com ele, a prefeitura realiza a limpeza da \u00e1rea, mas o problema persiste por falta de medidas mais eficazes. Para seu J\u00falio, uma solu\u00e7\u00e3o seria transformar o espa\u00e7o em uma \u00e1rea de conviv\u00eancia, ocupando o espa\u00e7o de forma saud\u00e1vel para evitar o descarte irregular de lixo.<\/p>\n<figure class=\"wp-block-image size-full\"><img data-dominant-color=\"7a7773\" data-has-transparency=\"false\" style=\"--dominant-color: #7a7773;\" decoding=\"async\" width=\"1200\" height=\"554\" sizes=\"(max-width: 1200px) 100vw, 1200px\" src=\"http:\/\/noticiasbahia360.com.br\/wp-content\/uploads\/2025\/07\/Feirinha-da-Estacao-ft-paulo-jose-acorda-cidade-.webp\" alt=\"Feirinha da Esta\u00e7\u00e3o - descarte irregular de lixo\" class=\"wp-image-571387 not-transparent\" srcset=\"https:\/\/uploads.acordacidade.com.br\/2025\/07\/Feirinha-da-Estacao-ft-paulo-jose-acorda-cidade--648x299.webp 648w, https:\/\/uploads.acordacidade.com.br\/2025\/07\/Feirinha-da-Estacao-ft-paulo-jose-acorda-cidade--984x454.webp 984w, https:\/\/uploads.acordacidade.com.br\/2025\/07\/Feirinha-da-Estacao-ft-paulo-jose-acorda-cidade--150x69.webp 150w, http:\/\/noticiasbahia360.com.br\/wp-content\/uploads\/2025\/07\/Feirinha-da-Estacao-ft-paulo-jose-acorda-cidade-.webp 1200w\"><figcaption class=\"wp-element-caption\">Foto: Paulo Jos\u00e9\/Acorda Cidade<\/figcaption><\/figure>\n<p>Al\u00e9m do lixo, os moradores tamb\u00e9m enfrentam outros problemas no local. \u201cAgora, como se n\u00e3o bastasse o lixo, tem um toldo no meio da rua, empatando o tr\u00e2nsito.\u201d Ele disse n\u00e3o saber quem \u00e9 o respons\u00e1vel. Segundo o morador, at\u00e9 a mobilidade dos ve\u00edculos est\u00e1 comprometida.\u00a0<\/p>\n<p>\u201cFicou ruim porque a rua est\u00e1 cheia de buracos. Est\u00e1 chovendo, n\u00e3o pode consertar os buracos no asfalto,\u00a0a gente tem que olhar esse lado da prefeitura.\u201d<\/p>\n<figure class=\"wp-block-image size-full\"><img data-dominant-color=\"807d72\" data-has-transparency=\"false\" style=\"--dominant-color: #807d72;\" decoding=\"async\" width=\"1200\" height=\"554\" sizes=\"(max-width: 1200px) 100vw, 1200px\" src=\"http:\/\/noticiasbahia360.com.br\/wp-content\/uploads\/2025\/07\/Feirinha-da-Estacao-ft-paulo-jose-acorda-cidade-1.webp\" alt=\"Feirinha da Esta\u00e7\u00e3o - descarte irregular de lixo\" class=\"wp-image-571386 not-transparent\" srcset=\"https:\/\/uploads.acordacidade.com.br\/2025\/07\/Feirinha-da-Estacao-ft-paulo-jose-acorda-cidade-1-648x299.webp 648w, https:\/\/uploads.acordacidade.com.br\/2025\/07\/Feirinha-da-Estacao-ft-paulo-jose-acorda-cidade-1-984x454.webp 984w, https:\/\/uploads.acordacidade.com.br\/2025\/07\/Feirinha-da-Estacao-ft-paulo-jose-acorda-cidade-1-150x69.webp 150w, http:\/\/noticiasbahia360.com.br\/wp-content\/uploads\/2025\/07\/Feirinha-da-Estacao-ft-paulo-jose-acorda-cidade-1.webp 1200w\"><figcaption class=\"wp-element-caption\">Foto: Paulo Jos\u00e9\/Acorda Cidade<\/figcaption><\/figure>\n<p>Outro fator que contribui para o inc\u00f4modo na \u00e1rea \u00e9 a presen\u00e7a de muitos pombos, insetos pesticiosos e animais prejudiciais \u00e0 sa\u00fade p\u00fablica. J\u00falio C\u00e9sar ainda lembra que os animais se mant\u00eam dos restos de alimentos, principalmente, dos restos de cocos que s\u00e3o jogados no local h\u00e1 anos.<\/p>\n<figure class=\"wp-block-image size-full\"><img data-dominant-color=\"767772\" data-has-transparency=\"false\" style=\"--dominant-color: #767772;\" decoding=\"async\" width=\"1200\" height=\"554\" sizes=\"(max-width: 1200px) 100vw, 1200px\" src=\"http:\/\/noticiasbahia360.com.br\/wp-content\/uploads\/2025\/07\/Feirinha-da-Estacao-ft-paulo-jose-acorda-cidade-2.webp\" alt=\"Feirinha da Esta\u00e7\u00e3o - descarte irregular de lixo\" class=\"wp-image-571385 not-transparent\" srcset=\"https:\/\/uploads.acordacidade.com.br\/2025\/07\/Feirinha-da-Estacao-ft-paulo-jose-acorda-cidade-2-648x299.webp 648w, https:\/\/uploads.acordacidade.com.br\/2025\/07\/Feirinha-da-Estacao-ft-paulo-jose-acorda-cidade-2-984x454.webp 984w, https:\/\/uploads.acordacidade.com.br\/2025\/07\/Feirinha-da-Estacao-ft-paulo-jose-acorda-cidade-2-150x69.webp 150w, http:\/\/noticiasbahia360.com.br\/wp-content\/uploads\/2025\/07\/Feirinha-da-Estacao-ft-paulo-jose-acorda-cidade-2.webp 1200w\"><figcaption class=\"wp-element-caption\">Foto: Paulo Jos\u00e9\/Acorda Cidade<\/figcaption><\/figure>\n<p>Ainda segundo ele, o descarte feito pelos carroceiros agrava o cen\u00e1rio. Al\u00e9m dos restos de alimentos, tem entulhos, m\u00f3veis velhos, muito lixo que, inclusive, pode ser um risco para o surgimento de doen\u00e7as como a dengue nessa \u00e9poca de chuva. Para ele, \u00e9 hora do poder p\u00fablico dar uma resposta mais efetiva \u00e0 comunidade.\u00a0<\/p>\n<p>Em abril deste ano, a Secretaria de Servi\u00e7os P\u00fablicos, anunciou a cria\u00e7\u00e3o de <a href=\"https:\/\/www.acordacidade.com.br\/feira-de-santana\/feira-de-santana-tera-ecopontos-para-descarte-de-entulhos-por-carroceiros\/\" target=\"_blank\" rel=\"noreferrer noopener\">ecopontos <\/a>para facilitar o descarte correto de entulhos por carroceiros, mas at\u00e9 o momento n\u00e3o foi informado os espa\u00e7os.<\/p>\n<figure class=\"wp-block-image size-full\"><img loading=\"lazy\" data-dominant-color=\"807e76\" data-has-transparency=\"false\" style=\"--dominant-color: #807e76;\" decoding=\"async\" width=\"1200\" height=\"554\" sizes=\"(max-width: 1200px) 100vw, 1200px\" src=\"http:\/\/noticiasbahia360.com.br\/wp-content\/uploads\/2025\/07\/Feirinha-da-Estacao-ft-paulo-jose-acorda-cidade-3.webp\" alt=\"Feirinha da Esta\u00e7\u00e3o - descarte irregular de lixo\" class=\"wp-image-571384 not-transparent\" srcset=\"https:\/\/uploads.acordacidade.com.br\/2025\/07\/Feirinha-da-Estacao-ft-paulo-jose-acorda-cidade-3-648x299.webp 648w, https:\/\/uploads.acordacidade.com.br\/2025\/07\/Feirinha-da-Estacao-ft-paulo-jose-acorda-cidade-3-984x454.webp 984w, https:\/\/uploads.acordacidade.com.br\/2025\/07\/Feirinha-da-Estacao-ft-paulo-jose-acorda-cidade-3-150x69.webp 150w, http:\/\/noticiasbahia360.com.br\/wp-content\/uploads\/2025\/07\/Feirinha-da-Estacao-ft-paulo-jose-acorda-cidade-3.webp 1200w\"><figcaption class=\"wp-element-caption\">Foto: Paulo Jos\u00e9\/Acorda Cidade<\/figcaption><\/figure>\n<p><em>Com informa\u00e7\u00f5es do rep\u00f3rter Paulo Jos\u00e9 do Acorda Cidade<\/em><\/p>\n<p><strong>Leia tamb\u00e9m: <\/strong><\/p>\n<p><a href=\"https:\/\/www.acordacidade.com.br\/feira-de-santana\/feira-de-santana-tera-ecopontos-para-descarte-de-entulhos-por-carroceiros\/\" target=\"_blank\" rel=\"noreferrer noopener\">Feira de Santana ter\u00e1 ecopontos para descarte de entulhos por carroceiros<\/a><\/p>\n<p><a href=\"https:\/\/www.acordacidade.com.br\/feira-de-santana\/descarte-irregular-de-cocos-volta-a-incomodar-moradores-do-bairro-estacao-nova-em-feira-de-santana\/\" target=\"_blank\" rel=\"noreferrer noopener\">Descarte irregular de cocos volta a incomodar moradores do bairro Esta\u00e7\u00e3o Nova em Feira de Santana<\/a><\/p>\n<p><a href=\"https:\/\/www.acordacidade.com.br\/feira-de-santana\/mau-cheiro-continua-no-bairro-estacao-nova-moradores-voltam-a-denunciar-descarte-irregular-de-lixo\/\">Mau cheiro continua no bairro Esta\u00e7\u00e3o Nova; moradores voltam a denunciar descarte irregular de lixo<\/a><\/p>\n<p><a href=\"https:\/\/www.acordacidade.com.br\/feira-de-santana\/moradores-voltam-a-reclamar-do-lixo-acumulado-proximo-da-feirinha-da-estacao-nova-ninguem-aguenta-mais\/\">Moradores voltam a reclamar do lixo acumulado pr\u00f3ximo \u00e0 Feirinha da Esta\u00e7\u00e3o Nova: \u201cNingu\u00e9m aguenta mais\u201d<\/a><\/p>\n<p><a href=\"https:\/\/www.acordacidade.com.br\/feira-de-santana\/flagrantes-do-whatsapp\/lixo-buracos-e-descarte-de-cocos-confira-os-principais-flagrantes-desta-semana\/\" target=\"_blank\" rel=\"noreferrer noopener\">Lixo, buracos e descarte de cocos; confira os principais flagrantes desta semana<\/a><\/p>\n<p><a href=\"https:\/\/www.acordacidade.com.br\/feira-de-santana\/milhares-de-cocos-e-lixo-causam-transtornos-a-moradores-do-bairro-estacao-nova\/\" target=\"_blank\" rel=\"noreferrer noopener\">Milhares de cocos e lixo causam transtornos a moradores do bairro Esta\u00e7\u00e3o Nova<\/a><\/p>\n<p><em>Siga o Acorda Cidade no<\/em><a href=\"https:\/\/news.google.com\/search?q=acorda%20cidade&amp;hl=pt-BR&amp;gl=BR&amp;ceid=BR%3Apt-419\"><strong><em>\u00a0Google Not\u00edcias<\/em><\/strong><\/a><em>\u00a0e receba os principais destaques do dia. Participe tamb\u00e9m dos nossos canais no\u00a0<\/em><a href=\"https:\/\/whatsapp.com\/channel\/0029Va6Rb4v3WHTNnsh8WI3N\"><strong><em>WhatsApp<\/em><\/strong><\/a><em>\u00a0e\u00a0<\/em><a href=\"https:\/\/www.youtube.com\/@acordacidadenoticias\/videos\"><strong>Youtube<\/strong><\/a><em>\u00a0e grupo de\u00a0<\/em><a href=\"https:\/\/t.me\/+sSz0khrgARA0ZmRh\"><strong><em>Telegram<\/em><\/strong><\/a><em>.<\/em><\/p>\n<\/div>\n","protected":false},"excerpt":{"rendered":"<div>\n<div>\n<figure><img decoding=\"async\" src=\"https:\/\/uploads.acordacidade.com.br\/2025\/07\/Feirinha-da-Estacao-ft-paulo-jose-acorda-cidade-4.webp\" alt=\"Feirinha da Esta\u00e7\u00e3o - descarte irregular de lixo\"><figcaption>Foto: Paulo Jos\u00e9\/Acorda Cidade<\/figcaption><\/figure>\n<\/div>\n<p>Al\u00e9m do lixo, os moradores tamb\u00e9m enfrentam outros problemas no local, como buracos e animais que podem trazer riscos a sa\u00fade.<\/p><\/div>\n","protected":false},"author":1,"featured_media":92063,"comment_status":"closed","ping_status":"closed","sticky":false,"template":"","format":"gallery","meta":{"footnotes":""},"categories":[8,9,6,57,56,10],"tags":[],"class_list":["post-92062","post","type-post","status-publish","format-gallery","has-post-thumbnail","hentry","category-bahia","category-brasil","category-feira-de-santana","category-mundo","category-policia","category-politica","post_format-post-format-gallery"],"featured_image_urls":{"full":["https:\/\/noticiasbahia360.com.br\/wp-content\/uploads\/2025\/07\/Feirinha-da-Estacao-ft-paulo-jose-acorda-cidade-4.webp",1200,554,false],"thumbnail":["https:\/\/noticiasbahia360.com.br\/wp-content\/uploads\/2025\/07\/Feirinha-da-Estacao-ft-paulo-jose-acorda-cidade-4-150x150.webp",150,150,true],"medium":["https:\/\/noticiasbahia360.com.br\/wp-content\/uploads\/2025\/07\/Feirinha-da-Estacao-ft-paulo-jose-acorda-cidade-4-300x139.webp",300,139,true],"medium_large":["https:\/\/noticiasbahia360.com.br\/wp-content\/uploads\/2025\/07\/Feirinha-da-Estacao-ft-paulo-jose-acorda-cidade-4-768x355.webp",640,296,true],"large":["https:\/\/noticiasbahia360.com.br\/wp-content\/uploads\/2025\/07\/Feirinha-da-Estacao-ft-paulo-jose-acorda-cidade-4-1024x473.webp",640,296,true],"1536x1536":["https:\/\/noticiasbahia360.com.br\/wp-content\/uploads\/2025\/07\/Feirinha-da-Estacao-ft-paulo-jose-acorda-cidade-4.webp",1200,554,false],"2048x2048":["https:\/\/noticiasbahia360.com.br\/wp-content\/uploads\/2025\/07\/Feirinha-da-Estacao-ft-paulo-jose-acorda-cidade-4.webp",1200,554,false],"chromenews-featured":["https:\/\/noticiasbahia360.com.br\/wp-content\/uploads\/2025\/07\/Feirinha-da-Estacao-ft-paulo-jose-acorda-cidade-4-1024x473.webp",1024,473,true],"chromenews-large":["https:\/\/noticiasbahia360.com.br\/wp-content\/uploads\/2025\/07\/Feirinha-da-Estacao-ft-paulo-jose-acorda-cidade-4-825x554.webp",825,554,true],"chromenews-medium":["https:\/\/noticiasbahia360.com.br\/wp-content\/uploads\/2025\/07\/Feirinha-da-Estacao-ft-paulo-jose-acorda-cidade-4-590x410.webp",590,410,true]},"author_info":{"display_name":"noticiasbahia360.com.br","author_link":"https:\/\/noticiasbahia360.com.br\/?author=1"},"category_info":"<a href=\"https:\/\/noticiasbahia360.com.br\/?cat=8\" rel=\"category\">Bahia<\/a> <a href=\"https:\/\/noticiasbahia360.com.br\/?cat=9\" rel=\"category\">Brasil<\/a> <a href=\"https:\/\/noticiasbahia360.com.br\/?cat=6\" rel=\"category\">Feira de Santana<\/a> <a href=\"https:\/\/noticiasbahia360.com.br\/?cat=57\" rel=\"category\">Mundo<\/a> <a href=\"https:\/\/noticiasbahia360.com.br\/?cat=56\" rel=\"category\">Pol\u00edcia<\/a> <a href=\"https:\/\/noticiasbahia360.com.br\/?cat=10\" rel=\"category\">Pol\u00edtica<\/a>","tag_info":"Pol\u00edtica","comment_count":"0","_links":{"self":[{"href":"https:\/\/noticiasbahia360.com.br\/index.php?rest_route=\/wp\/v2\/posts\/92062","targetHints":{"allow":["GET"]}}],"collection":[{"href":"https:\/\/noticiasbahia360.com.br\/index.php?rest_route=\/wp\/v2\/posts"}],"about":[{"href":"https:\/\/noticiasbahia360.com.br\/index.php?rest_route=\/wp\/v2\/types\/post"}],"author":[{"embeddable":true,"href":"https:\/\/noticiasbahia360.com.br\/index.php?rest_route=\/wp\/v2\/users\/1"}],"replies":[{"embeddable":true,"href":"https:\/\/noticiasbahia360.com.br\/index.php?rest_route=%2Fwp%2Fv2%2Fcomments&post=92062"}],"version-history":[{"count":0,"href":"https:\/\/noticiasbahia360.com.br\/index.php?rest_route=\/wp\/v2\/posts\/92062\/revisions"}],"wp:featuredmedia":[{"embeddable":true,"href":"https:\/\/noticiasbahia360.com.br\/index.php?rest_route=\/wp\/v2\/media\/92063"}],"wp:attachment":[{"href":"https:\/\/noticiasbahia360.com.br\/index.php?rest_route=%2Fwp%2Fv2%2Fmedia&parent=92062"}],"wp:term":[{"taxonomy":"category","embeddable":true,"href":"https:\/\/noticiasbahia360.com.br\/index.php?rest_route=%2Fwp%2Fv2%2Fcategories&post=92062"},{"taxonomy":"post_tag","embeddable":true,"href":"https:\/\/noticiasbahia360.com.br\/index.php?rest_route=%2Fwp%2Fv2%2Ftags&post=92062"}],"curies":[{"name":"wp","href":"https:\/\/api.w.org\/{rel}","templated":true}]}}