{"id":92069,"date":"2025-07-04T10:10:57","date_gmt":"2025-07-04T13:10:57","guid":{"rendered":"https:\/\/noticiasbahia360.com.br\/?p=92069"},"modified":"2025-07-04T10:10:57","modified_gmt":"2025-07-04T13:10:57","slug":"falso-policial-sequestra-dois-irmaos-em-abaira-criancas-tem-2-e-4-anos","status":"publish","type":"post","link":"https:\/\/noticiasbahia360.com.br\/?p=92069","title":{"rendered":"Falso policial sequestra dois irm\u00e3os em Aba\u00edra; crian\u00e7as tem 2 e 4 anos"},"content":{"rendered":"<div>\n<div>\n<figure><img decoding=\"async\" src=\"http:\/\/noticiasbahia360.com.br\/wp-content\/uploads\/2025\/07\/palio-sequestro-de-irmaos-foto-reproducao-achei-sudoeste.jpg\" alt=\"irm\u00e3os\"><figcaption>Foto: Reprodu\u00e7\u00e3o \/ Achei Sudoeste <\/figcaption><\/figure>\n<\/div>\n<p>Duas crian\u00e7as foram sequestradas por um falso policial no munic\u00edpio baiano de <a href=\"https:\/\/www.acordacidade.com.br\/tag\/abaira\/\">Aba\u00edra<\/a>. O fato ocorreu na tarde de quarta-feira (2). Os irm\u00e3os, que t\u00eam 2 e 4 anos, estavam na casa da av\u00f3 quando foram capturados.<\/p>\n<p>Segundo o Achei Sudoeste, parceiro do Acorda Cidade, a av\u00f3 det\u00e9m a guarda legal das crian\u00e7as desde que elas tinham seis meses de idade. A mulher relatou que um carro modelo Palio Weekend branco parou em frente \u00e0 resid\u00eancia dela e um homem, que estava armado e se identificou como policial, desceu do ve\u00edculo e exigiu ver as crian\u00e7as.<\/p>\n<p>Ainda segundo o Achei Sudoeste, a m\u00e3e biol\u00f3gica das crian\u00e7as, que n\u00e3o possui legalmente a guarda dos filhos, apareceu acompanhada de uma tia, colocou os meninos no carro e deixou o local com rapidez. O caso \u00e9 tratado como <strong>subtra\u00e7\u00e3o de incapazes<\/strong>.<\/p>\n<h3 class=\"wp-block-heading\" id=\"h-voce-sabe-o-que-e-subtracao-de-incapazes\">Voc\u00ea sabe o que \u00e9 subtra\u00e7\u00e3o de incapazes? <\/h3>\n<p>De acordo com o C\u00f3digo Penal Brasileiro, a\u00a0<strong>subtra\u00e7\u00e3o de incapaz<\/strong>\u00a0\u00e9 um crime previsto no artigo 249 e consiste em\u00a0<strong>retirar, de forma ilegal e contra a vontade de quem tem a guarda, um menor de 18 anos ou pessoa interditada<\/strong>\u00a0<strong>(incapaz)<\/strong>. A pena prevista para esse crime \u00e9 de deten\u00e7\u00e3o de dois meses a dois anos.<\/p>\n<p><strong>At\u00e9 o momento da publica\u00e7\u00e3o desta mat\u00e9ria, n\u00e3o havia informa\u00e7\u00f5es sobre o paradeiro das crian\u00e7as.<\/strong><\/p>\n<p><em>Reportagem escrita pelo estagi\u00e1rio de jornalismo Jefferson Ara\u00fajo sob supervis\u00e3o<\/em>\u00a0<\/p>\n<p><em>Siga o Acorda Cidade no<\/em><a href=\"https:\/\/news.google.com\/search?q=acorda%20cidade&amp;hl=pt-BR&amp;gl=BR&amp;ceid=BR%3Apt-419\"><strong><em>\u00a0Google Not\u00edcias<\/em><\/strong><\/a><em>\u00a0e receba os principais destaques do dia. Participe tamb\u00e9m dos nossos canais no\u00a0<\/em><a href=\"https:\/\/www.whatsapp.com\/channel\/0029Va6Rb4v3WHTNnsh8WI3N\"><strong><em>WhatsApp<\/em><\/strong><\/a><em>\u00a0e\u00a0<\/em><a href=\"https:\/\/www.youtube.com\/@acordacidadenoticias\/videos\"><strong>Youtube<\/strong><\/a><em>\u00a0e grupo de\u00a0<\/em><a href=\"https:\/\/t.me\/+sSz0khrgARA0ZmRh\"><strong><em>Telegram<\/em><\/strong><\/a><\/p>\n<\/div>\n","protected":false},"excerpt":{"rendered":"<div>\n<div>\n<figure><img decoding=\"async\" src=\"https:\/\/uploads.acordacidade.com.br\/2025\/07\/palio-sequestro-de-irmaos-foto-reproducao-achei-sudoeste.jpg\" alt=\"irm\u00e3os\"><figcaption>Foto: Reprodu\u00e7\u00e3o \/ Achei Sudoeste <\/figcaption><\/figure>\n<\/div>\n<p>As crian\u00e7as estavam na casa da av\u00f3 quando foram capturados. Ela possui a guarda dos netos.<\/p><\/div>\n","protected":false},"author":1,"featured_media":92070,"comment_status":"closed","ping_status":"closed","sticky":false,"template":"","format":"gallery","meta":{"footnotes":""},"categories":[8,9,6,57,56,10],"tags":[],"class_list":["post-92069","post","type-post","status-publish","format-gallery","has-post-thumbnail","hentry","category-bahia","category-brasil","category-feira-de-santana","category-mundo","category-policia","category-politica","post_format-post-format-gallery"],"featured_image_urls":{"full":["https:\/\/noticiasbahia360.com.br\/wp-content\/uploads\/2025\/07\/palio-sequestro-de-irmaos-foto-reproducao-achei-sudoeste.jpg",1200,800,false],"thumbnail":["https:\/\/noticiasbahia360.com.br\/wp-content\/uploads\/2025\/07\/palio-sequestro-de-irmaos-foto-reproducao-achei-sudoeste-150x150.jpg",150,150,true],"medium":["https:\/\/noticiasbahia360.com.br\/wp-content\/uploads\/2025\/07\/palio-sequestro-de-irmaos-foto-reproducao-achei-sudoeste-300x200.jpg",300,200,true],"medium_large":["https:\/\/noticiasbahia360.com.br\/wp-content\/uploads\/2025\/07\/palio-sequestro-de-irmaos-foto-reproducao-achei-sudoeste-768x512.jpg",640,427,true],"large":["https:\/\/noticiasbahia360.com.br\/wp-content\/uploads\/2025\/07\/palio-sequestro-de-irmaos-foto-reproducao-achei-sudoeste-1024x683.jpg",640,427,true],"1536x1536":["https:\/\/noticiasbahia360.com.br\/wp-content\/uploads\/2025\/07\/palio-sequestro-de-irmaos-foto-reproducao-achei-sudoeste.jpg",1200,800,false],"2048x2048":["https:\/\/noticiasbahia360.com.br\/wp-content\/uploads\/2025\/07\/palio-sequestro-de-irmaos-foto-reproducao-achei-sudoeste.jpg",1200,800,false],"chromenews-featured":["https:\/\/noticiasbahia360.com.br\/wp-content\/uploads\/2025\/07\/palio-sequestro-de-irmaos-foto-reproducao-achei-sudoeste-1024x683.jpg",1024,683,true],"chromenews-large":["https:\/\/noticiasbahia360.com.br\/wp-content\/uploads\/2025\/07\/palio-sequestro-de-irmaos-foto-reproducao-achei-sudoeste-825x575.jpg",825,575,true],"chromenews-medium":["https:\/\/noticiasbahia360.com.br\/wp-content\/uploads\/2025\/07\/palio-sequestro-de-irmaos-foto-reproducao-achei-sudoeste-590x410.jpg",590,410,true]},"author_info":{"display_name":"noticiasbahia360.com.br","author_link":"https:\/\/noticiasbahia360.com.br\/?author=1"},"category_info":"<a href=\"https:\/\/noticiasbahia360.com.br\/?cat=8\" rel=\"category\">Bahia<\/a> <a href=\"https:\/\/noticiasbahia360.com.br\/?cat=9\" rel=\"category\">Brasil<\/a> <a href=\"https:\/\/noticiasbahia360.com.br\/?cat=6\" rel=\"category\">Feira de Santana<\/a> <a href=\"https:\/\/noticiasbahia360.com.br\/?cat=57\" rel=\"category\">Mundo<\/a> <a href=\"https:\/\/noticiasbahia360.com.br\/?cat=56\" rel=\"category\">Pol\u00edcia<\/a> <a href=\"https:\/\/noticiasbahia360.com.br\/?cat=10\" rel=\"category\">Pol\u00edtica<\/a>","tag_info":"Pol\u00edtica","comment_count":"0","_links":{"self":[{"href":"https:\/\/noticiasbahia360.com.br\/index.php?rest_route=\/wp\/v2\/posts\/92069","targetHints":{"allow":["GET"]}}],"collection":[{"href":"https:\/\/noticiasbahia360.com.br\/index.php?rest_route=\/wp\/v2\/posts"}],"about":[{"href":"https:\/\/noticiasbahia360.com.br\/index.php?rest_route=\/wp\/v2\/types\/post"}],"author":[{"embeddable":true,"href":"https:\/\/noticiasbahia360.com.br\/index.php?rest_route=\/wp\/v2\/users\/1"}],"replies":[{"embeddable":true,"href":"https:\/\/noticiasbahia360.com.br\/index.php?rest_route=%2Fwp%2Fv2%2Fcomments&post=92069"}],"version-history":[{"count":0,"href":"https:\/\/noticiasbahia360.com.br\/index.php?rest_route=\/wp\/v2\/posts\/92069\/revisions"}],"wp:featuredmedia":[{"embeddable":true,"href":"https:\/\/noticiasbahia360.com.br\/index.php?rest_route=\/wp\/v2\/media\/92070"}],"wp:attachment":[{"href":"https:\/\/noticiasbahia360.com.br\/index.php?rest_route=%2Fwp%2Fv2%2Fmedia&parent=92069"}],"wp:term":[{"taxonomy":"category","embeddable":true,"href":"https:\/\/noticiasbahia360.com.br\/index.php?rest_route=%2Fwp%2Fv2%2Fcategories&post=92069"},{"taxonomy":"post_tag","embeddable":true,"href":"https:\/\/noticiasbahia360.com.br\/index.php?rest_route=%2Fwp%2Fv2%2Ftags&post=92069"}],"curies":[{"name":"wp","href":"https:\/\/api.w.org\/{rel}","templated":true}]}}