{"id":92071,"date":"2025-07-04T10:16:18","date_gmt":"2025-07-04T13:16:18","guid":{"rendered":"https:\/\/noticiasbahia360.com.br\/?p=92071"},"modified":"2025-07-04T10:16:18","modified_gmt":"2025-07-04T13:16:18","slug":"banco-de-perfis-geneticos-da-policia-tecnica-correlaciona-crimes-cometidos-na-bahia-e-em-pernambuco","status":"publish","type":"post","link":"https:\/\/noticiasbahia360.com.br\/?p=92071","title":{"rendered":"Banco de Perfis Gen\u00e9ticos da Pol\u00edcia T\u00e9cnica correlaciona crimes cometidos na Bahia e em Pernambuco"},"content":{"rendered":"<div>\n<div>\n<figure><img decoding=\"async\" src=\"http:\/\/noticiasbahia360.com.br\/wp-content\/uploads\/2025\/07\/Banco-de-Perfis-Geneticos-da-Policia-Tecnica-correlaciona-crimes-cometidos-na-Bahia-e-em-Pernambuco.jpg\" alt=\"Banco de Perfis Gen\u00e9ticos da Pol\u00edcia T\u00e9cnica correlaciona crimes cometidos na Bahia e em Pernambuco\"><figcaption>Foto: Ascom<\/figcaption><\/figure>\n<\/div>\n<p>A Pol\u00edcia T\u00e9cnica da Bahia identificou o autor de um <a href=\"https:\/\/www.acordacidade.com.br\/tag\/estupro\/\">estupro <\/a>cometido em 2014 por meio de vest\u00edgios gen\u00e9ticos coletados na roupa \u00edntima da v\u00edtima. O resultado foi obtido ap\u00f3s a inser\u00e7\u00e3o de uma nova amostra no Banco de Perfis Gen\u00e9ticos de Crimes Sexuais, que gerou uma correspond\u00eancia autom\u00e1tica com o material coletado na \u00e9poca do crime.<\/p>\n<p>A coleta da nova amostra foi realizada por peritos da Coordenadoria Regional de Pol\u00edcia T\u00e9cnica (CRPT) de <a href=\"https:\/\/www.acordacidade.com.br\/tag\/juazeiro\/\">Juazeiro<\/a>, no interior de um pres\u00eddio da cidade, por determina\u00e7\u00e3o judicial do estado de Pernambuco. O custodiado, preso na Bahia pelo crime de homic\u00eddio, \u00e9 investigado por outros crimes sexuais.<\/p>\n<p>\u201cQuando inserimos a amostra no banco de dados, o sistema identificou um perfil compat\u00edvel com um caso de estupro de 2014 que ainda estava sem autoria. A coincid\u00eancia s\u00f3 foi poss\u00edvel gra\u00e7as ao vest\u00edgio gen\u00e9tico coletado e inserido na \u00e9poca dos fatos\u201d, explicou o perito criminal e coordenador de Gen\u00e9tica Forense, Luis Rog\u00e9rio Machado.<\/p>\n<p>Al\u00e9m de esclarecer o caso antigo, o laudo tamb\u00e9m aponta a liga\u00e7\u00e3o do custodiado com outro crime ocorrido no estado de Pernambuco. \u201cCasos como esse refor\u00e7am a import\u00e2ncia da atua\u00e7\u00e3o integrada entre os \u00f3rg\u00e3os de seguran\u00e7a p\u00fablica e a indispensabilidade da v\u00edtima procurar os \u00f3rg\u00e3os policiais para viabilizar a coleta de material biol\u00f3gico\u201d, pontuou o Diretor Geral da Policia T\u00e9cnica, Osvaldo Silva.<\/p>\n<p>O Banco de Perfis Gen\u00e9ticos permite compara\u00e7\u00f5es autom\u00e1ticas entre milhares de perfis cadastrados, contribuindo diretamente para a elucida\u00e7\u00e3o de crimes e o fortalecimento da justi\u00e7a.<\/p>\n<p><em>Siga o Acorda Cidade no<\/em><a href=\"https:\/\/news.google.com\/search?q=acorda%20cidade&amp;hl=pt-BR&amp;gl=BR&amp;ceid=BR%3Apt-419\"><strong><em>\u00a0Google Not\u00edcias<\/em><\/strong><\/a><em>\u00a0e receba os principais destaques do dia. Participe tamb\u00e9m dos nossos canais no\u00a0<\/em><a href=\"https:\/\/www.whatsapp.com\/channel\/0029Va6Rb4v3WHTNnsh8WI3N\"><strong><em>WhatsApp<\/em><\/strong><\/a><em>\u00a0e\u00a0<\/em><a href=\"https:\/\/www.youtube.com\/@acordacidadenoticias\/videos\"><strong>Youtube<\/strong><\/a><em>\u00a0e grupo de\u00a0<\/em><a href=\"https:\/\/t.me\/+sSz0khrgARA0ZmRh\"><strong><em>Telegram<\/em><\/strong><\/a><em>.<\/em><\/p>\n<\/div>\n","protected":false},"excerpt":{"rendered":"<div>\n<div>\n<figure><img decoding=\"async\" src=\"https:\/\/uploads.acordacidade.com.br\/2025\/07\/Banco-de-Perfis-Geneticos-da-Policia-Tecnica-correlaciona-crimes-cometidos-na-Bahia-e-em-Pernambuco.jpg\" alt=\"Banco de Perfis Gen\u00e9ticos da Pol\u00edcia T\u00e9cnica correlaciona crimes cometidos na Bahia e em Pernambuco\"><figcaption>Foto: Ascom<\/figcaption><\/figure>\n<\/div>\n<p>A coleta da nova amostra foi realizada por peritos da Coordenadoria Regional de Pol\u00edcia T\u00e9cnica (CRPT) de Juazeiro, no interior de um pres\u00eddio<\/p><\/div>\n","protected":false},"author":1,"featured_media":92072,"comment_status":"closed","ping_status":"closed","sticky":false,"template":"","format":"gallery","meta":{"footnotes":""},"categories":[8,9,6,57,56,10],"tags":[],"class_list":["post-92071","post","type-post","status-publish","format-gallery","has-post-thumbnail","hentry","category-bahia","category-brasil","category-feira-de-santana","category-mundo","category-policia","category-politica","post_format-post-format-gallery"],"featured_image_urls":{"full":["https:\/\/noticiasbahia360.com.br\/wp-content\/uploads\/2025\/07\/Banco-de-Perfis-Geneticos-da-Policia-Tecnica-correlaciona-crimes-cometidos-na-Bahia-e-em-Pernambuco.jpg",1200,900,false],"thumbnail":["https:\/\/noticiasbahia360.com.br\/wp-content\/uploads\/2025\/07\/Banco-de-Perfis-Geneticos-da-Policia-Tecnica-correlaciona-crimes-cometidos-na-Bahia-e-em-Pernambuco-150x150.jpg",150,150,true],"medium":["https:\/\/noticiasbahia360.com.br\/wp-content\/uploads\/2025\/07\/Banco-de-Perfis-Geneticos-da-Policia-Tecnica-correlaciona-crimes-cometidos-na-Bahia-e-em-Pernambuco-300x225.jpg",300,225,true],"medium_large":["https:\/\/noticiasbahia360.com.br\/wp-content\/uploads\/2025\/07\/Banco-de-Perfis-Geneticos-da-Policia-Tecnica-correlaciona-crimes-cometidos-na-Bahia-e-em-Pernambuco-768x576.jpg",640,480,true],"large":["https:\/\/noticiasbahia360.com.br\/wp-content\/uploads\/2025\/07\/Banco-de-Perfis-Geneticos-da-Policia-Tecnica-correlaciona-crimes-cometidos-na-Bahia-e-em-Pernambuco-1024x768.jpg",640,480,true],"1536x1536":["https:\/\/noticiasbahia360.com.br\/wp-content\/uploads\/2025\/07\/Banco-de-Perfis-Geneticos-da-Policia-Tecnica-correlaciona-crimes-cometidos-na-Bahia-e-em-Pernambuco.jpg",1200,900,false],"2048x2048":["https:\/\/noticiasbahia360.com.br\/wp-content\/uploads\/2025\/07\/Banco-de-Perfis-Geneticos-da-Policia-Tecnica-correlaciona-crimes-cometidos-na-Bahia-e-em-Pernambuco.jpg",1200,900,false],"chromenews-featured":["https:\/\/noticiasbahia360.com.br\/wp-content\/uploads\/2025\/07\/Banco-de-Perfis-Geneticos-da-Policia-Tecnica-correlaciona-crimes-cometidos-na-Bahia-e-em-Pernambuco-1024x768.jpg",1024,768,true],"chromenews-large":["https:\/\/noticiasbahia360.com.br\/wp-content\/uploads\/2025\/07\/Banco-de-Perfis-Geneticos-da-Policia-Tecnica-correlaciona-crimes-cometidos-na-Bahia-e-em-Pernambuco-825x575.jpg",825,575,true],"chromenews-medium":["https:\/\/noticiasbahia360.com.br\/wp-content\/uploads\/2025\/07\/Banco-de-Perfis-Geneticos-da-Policia-Tecnica-correlaciona-crimes-cometidos-na-Bahia-e-em-Pernambuco-590x410.jpg",590,410,true]},"author_info":{"display_name":"noticiasbahia360.com.br","author_link":"https:\/\/noticiasbahia360.com.br\/?author=1"},"category_info":"<a href=\"https:\/\/noticiasbahia360.com.br\/?cat=8\" rel=\"category\">Bahia<\/a> <a href=\"https:\/\/noticiasbahia360.com.br\/?cat=9\" rel=\"category\">Brasil<\/a> <a href=\"https:\/\/noticiasbahia360.com.br\/?cat=6\" rel=\"category\">Feira de Santana<\/a> <a href=\"https:\/\/noticiasbahia360.com.br\/?cat=57\" rel=\"category\">Mundo<\/a> <a href=\"https:\/\/noticiasbahia360.com.br\/?cat=56\" rel=\"category\">Pol\u00edcia<\/a> <a href=\"https:\/\/noticiasbahia360.com.br\/?cat=10\" rel=\"category\">Pol\u00edtica<\/a>","tag_info":"Pol\u00edtica","comment_count":"0","_links":{"self":[{"href":"https:\/\/noticiasbahia360.com.br\/index.php?rest_route=\/wp\/v2\/posts\/92071","targetHints":{"allow":["GET"]}}],"collection":[{"href":"https:\/\/noticiasbahia360.com.br\/index.php?rest_route=\/wp\/v2\/posts"}],"about":[{"href":"https:\/\/noticiasbahia360.com.br\/index.php?rest_route=\/wp\/v2\/types\/post"}],"author":[{"embeddable":true,"href":"https:\/\/noticiasbahia360.com.br\/index.php?rest_route=\/wp\/v2\/users\/1"}],"replies":[{"embeddable":true,"href":"https:\/\/noticiasbahia360.com.br\/index.php?rest_route=%2Fwp%2Fv2%2Fcomments&post=92071"}],"version-history":[{"count":0,"href":"https:\/\/noticiasbahia360.com.br\/index.php?rest_route=\/wp\/v2\/posts\/92071\/revisions"}],"wp:featuredmedia":[{"embeddable":true,"href":"https:\/\/noticiasbahia360.com.br\/index.php?rest_route=\/wp\/v2\/media\/92072"}],"wp:attachment":[{"href":"https:\/\/noticiasbahia360.com.br\/index.php?rest_route=%2Fwp%2Fv2%2Fmedia&parent=92071"}],"wp:term":[{"taxonomy":"category","embeddable":true,"href":"https:\/\/noticiasbahia360.com.br\/index.php?rest_route=%2Fwp%2Fv2%2Fcategories&post=92071"},{"taxonomy":"post_tag","embeddable":true,"href":"https:\/\/noticiasbahia360.com.br\/index.php?rest_route=%2Fwp%2Fv2%2Ftags&post=92071"}],"curies":[{"name":"wp","href":"https:\/\/api.w.org\/{rel}","templated":true}]}}