{"id":92073,"date":"2025-07-04T10:22:25","date_gmt":"2025-07-04T13:22:25","guid":{"rendered":"https:\/\/noticiasbahia360.com.br\/?p=92073"},"modified":"2025-07-04T10:22:25","modified_gmt":"2025-07-04T13:22:25","slug":"operador-de-ti-recebeu-r-15-mil-para-entregar-senha-a-hackers-diz-policia-sobre-ataque-ao-sistema-do-pix","status":"publish","type":"post","link":"https:\/\/noticiasbahia360.com.br\/?p=92073","title":{"rendered":"Operador de TI recebeu R$ 15 mil para entregar senha a hackers, diz pol\u00edcia sobre ataque ao sistema do PIX"},"content":{"rendered":"<div>\n<div>\n<figure><img decoding=\"async\" src=\"http:\/\/noticiasbahia360.com.br\/wp-content\/uploads\/2025\/07\/policia-civil-de-Sao-Paulo-.webp\" alt=\"Ataque hacker - pol\u00edcia civil de S\u00e3o Paulo investiga\"><figcaption>Foto: Divulga\u00e7\u00e3o\/SSP<\/figcaption><\/figure>\n<\/div>\n<p>A Pol\u00edcia Civil de S\u00e3o Paulo prendeu na sexta-feira (3) um funcion\u00e1rio\u00a0suspeito de facilitar o maior ataque hacker j\u00e1 registrado contra o sistema de transfer\u00eancias via pix no pa\u00eds.<\/p>\n<p>O homem, de 48 anos, \u00e9 operador de TI da C&amp;M, uma empresa de tecnologia que conecta bancos menores e fintechs aos sistemas PIX, do Banco Central.<\/p>\n<p>Ele foi detido no bairro City Jaragu\u00e1, na zona norte da capital, e \u00e9 acusado de entregar senhas e credenciais que permitiram\u00a0<strong>o desvio de R$ 541 milh\u00f5es em transfer\u00eancias fraudulentas<\/strong>\u00a0da empresa BMP Institui\u00e7\u00e3o de Pagamentos S\/A, segundo a Pol\u00edcia Civil de S\u00e3o Paulo.<\/p>\n<p><strong>O ataque cibern\u00e9tico que afetou pelo menos seis institui\u00e7\u00f5es financeiras causou alvoro\u00e7o no mercado financeiro na quarta-feira (2).<\/strong><\/p>\n<p>De acordo com os investigadores, o preso \u00e9 funcion\u00e1rio de uma empresa terceirizada que deu acesso pela m\u00e1quina dele ao sistema sigiloso do banco para os hackers que efetuaram o ataque.<\/p>\n<p>O suspeito de facilitar o ataque hacker tem 20 anos de experi\u00eancia como eletricista predial e residencial, leitura e interpreta\u00e7\u00e3o de projetos no autoCad, segundo perfil na rede social Linkedin. Ele tamb\u00e9m atuou durante quatro anos como t\u00e9cnico de instala\u00e7\u00e3o de TV a cabo NET.<\/p>\n<p>Em seu perfil, diz que tem uma \u2018pequena experi\u00eancia com tecnologia, relacionada a liga\u00e7\u00e3o de c\u00e2meras, computadores e distribui\u00e7\u00e3o de ramais na su\u00edte de rede\u2019 e que iniciou um curso de Tecnologia da Informa\u00e7\u00e3o aos 42 anos.<\/p>\n<p>Ele confirmou informalmente \u00e0 pol\u00edcia que entregou a senha de acesso para terceiros, que cometeram a fraude.<\/p>\n<p>Segundo a pol\u00edcia, o homem confessou que foi abordado por criminosos interessados em acessar o sistema e, em troca de pagamentos via motoboy, entregou login e senha de uso interno da empresa.<\/p>\n<h2 class=\"wp-block-heading\" id=\"h-suspeito-recebeu-r-15-mil\">Suspeito recebeu R$ 15 mil<\/h2>\n<p>Em depoimento ao Deic, ele afirmou que o primeiro contato aconteceu em mar\u00e7o, quando um homem o abordou na rua e demonstrou conhecer detalhes sobre seu trabalho.<\/p>\n<p>Dias depois, ele recebeu uma liga\u00e7\u00e3o via WhatsApp com a proposta de entregar suas credenciais em troca de R$ 5 mil. Ap\u00f3s o pagamento, ele forneceu login e senha corporativos. Duas semanas depois, criou uma conta na plataforma Notion para receber instru\u00e7\u00f5es sobre como operar o sistema remotamente e, em seguida, passou a executar comandos a partir do pr\u00f3prio computador.<\/p>\n<p>De acordo com o depoimento do suspeito, ele recebeu dois pagamentos:<\/p>\n<ul class=\"wp-block-list\">\n<li>R$ 5 mil pelo fornecimento do login e senha corporativos da empresa C&amp;M. O pagamento foi feito via motoboy, que tamb\u00e9m recolheu os dados de acesso.<\/li>\n<li>R$ 10 mil por continuar inserindo comandos no sistema a partir do pr\u00f3prio computador, a servi\u00e7o do grupo criminoso. Esse segundo valor tamb\u00e9m foi pago em notas de R$ 100,00, novamente via Motoboy.<\/li>\n<\/ul>\n<h2 class=\"wp-block-heading\" id=\"h-o-que-diz-a-c-amp-m-software\">O que diz a C&amp;M Software<\/h2>\n<p>A empregadora do suspeito informou em nota que segue colaborando com as autoridades competentes nas investiga\u00e7\u00f5es.<\/p>\n<blockquote class=\"wp-block-quote is-layout-flow wp-block-quote-is-layout-flow\">\n<p>\u201cDesde o primeiro momento, foram adotadas todas as medidas t\u00e9cnicas e legais cab\u00edveis, mantendo os sistemas da empresa sob rigoroso monitoramento e controle de seguran\u00e7a\u201d, diz trecho do comunicado.<\/p>\n<\/blockquote>\n<p>Segundo a empresa, a estrutura de prote\u00e7\u00e3o da CMSW foi decisiva para identificar a origem do acesso indevido e contribuir com o avan\u00e7o das apura\u00e7\u00f5es em curso.<\/p>\n<blockquote class=\"wp-block-quote is-layout-flow wp-block-quote-is-layout-flow\">\n<p>\u201cAt\u00e9 o momento, as evid\u00eancias apontam que o incidente decorreu do uso de t\u00e9cnicas de engenharia social para o compartilhamento indevido de credenciais de acesso, e n\u00e3o de falhas nos sistemas ou na tecnologia da CMSW. Refor\u00e7amos que a CMSW n\u00e3o foi a origem do incidente e permanece plenamente operacional, com todos os seus produtos e servi\u00e7os funcionando normalmente\u201d, completou a C&amp;M na nota.<\/p>\n<\/blockquote>\n<p><em>Fonte: g1<\/em><\/p>\n<p><em>Siga o Acorda Cidade no<\/em><a href=\"https:\/\/news.google.com\/search?q=acorda%20cidade&amp;hl=pt-BR&amp;gl=BR&amp;ceid=BR%3Apt-419\"><strong><em>\u00a0Google Not\u00edcias<\/em><\/strong><\/a><em>\u00a0e receba os principais destaques do dia. Participe tamb\u00e9m dos nossos canais no\u00a0<\/em><a href=\"https:\/\/whatsapp.com\/channel\/0029Va6Rb4v3WHTNnsh8WI3N\"><strong><em>WhatsApp<\/em><\/strong><\/a><em>\u00a0e\u00a0<\/em><a href=\"https:\/\/www.youtube.com\/@acordacidadenoticias\/videos\"><strong>Youtube<\/strong><\/a><em>\u00a0e grupo de\u00a0<\/em><a href=\"https:\/\/t.me\/+sSz0khrgARA0ZmRh\"><strong><em>Telegram<\/em><\/strong><\/a><em>.<\/em><\/p>\n<\/div>\n","protected":false},"excerpt":{"rendered":"<div>\n<div>\n<figure><img decoding=\"async\" src=\"https:\/\/uploads.acordacidade.com.br\/2025\/07\/policia-civil-de-Sao-Paulo-.webp\" alt=\"Ataque hacker - pol\u00edcia civil de S\u00e3o Paulo investiga\"><figcaption>Foto: Divulga\u00e7\u00e3o\/SSP<\/figcaption><\/figure>\n<\/div>\n<p>Ataque cibern\u00e9tico permitiu o o desvio de R$ 541 milh\u00f5es em transfer\u00eancias fraudulentas e causou alvoro\u00e7o no mercado financeiro na quarta-feira (2).<\/p><\/div>\n","protected":false},"author":1,"featured_media":92074,"comment_status":"closed","ping_status":"closed","sticky":false,"template":"","format":"gallery","meta":{"footnotes":""},"categories":[8,9,6,57,56,10],"tags":[],"class_list":["post-92073","post","type-post","status-publish","format-gallery","has-post-thumbnail","hentry","category-bahia","category-brasil","category-feira-de-santana","category-mundo","category-policia","category-politica","post_format-post-format-gallery"],"featured_image_urls":{"full":["https:\/\/noticiasbahia360.com.br\/wp-content\/uploads\/2025\/07\/policia-civil-de-Sao-Paulo-.webp",1200,700,false],"thumbnail":["https:\/\/noticiasbahia360.com.br\/wp-content\/uploads\/2025\/07\/policia-civil-de-Sao-Paulo--150x150.webp",150,150,true],"medium":["https:\/\/noticiasbahia360.com.br\/wp-content\/uploads\/2025\/07\/policia-civil-de-Sao-Paulo--300x175.webp",300,175,true],"medium_large":["https:\/\/noticiasbahia360.com.br\/wp-content\/uploads\/2025\/07\/policia-civil-de-Sao-Paulo--768x448.webp",640,373,true],"large":["https:\/\/noticiasbahia360.com.br\/wp-content\/uploads\/2025\/07\/policia-civil-de-Sao-Paulo--1024x597.webp",640,373,true],"1536x1536":["https:\/\/noticiasbahia360.com.br\/wp-content\/uploads\/2025\/07\/policia-civil-de-Sao-Paulo-.webp",1200,700,false],"2048x2048":["https:\/\/noticiasbahia360.com.br\/wp-content\/uploads\/2025\/07\/policia-civil-de-Sao-Paulo-.webp",1200,700,false],"chromenews-featured":["https:\/\/noticiasbahia360.com.br\/wp-content\/uploads\/2025\/07\/policia-civil-de-Sao-Paulo--1024x597.webp",1024,597,true],"chromenews-large":["https:\/\/noticiasbahia360.com.br\/wp-content\/uploads\/2025\/07\/policia-civil-de-Sao-Paulo--825x575.webp",825,575,true],"chromenews-medium":["https:\/\/noticiasbahia360.com.br\/wp-content\/uploads\/2025\/07\/policia-civil-de-Sao-Paulo--590x410.webp",590,410,true]},"author_info":{"display_name":"noticiasbahia360.com.br","author_link":"https:\/\/noticiasbahia360.com.br\/?author=1"},"category_info":"<a href=\"https:\/\/noticiasbahia360.com.br\/?cat=8\" rel=\"category\">Bahia<\/a> <a href=\"https:\/\/noticiasbahia360.com.br\/?cat=9\" rel=\"category\">Brasil<\/a> <a href=\"https:\/\/noticiasbahia360.com.br\/?cat=6\" rel=\"category\">Feira de Santana<\/a> <a href=\"https:\/\/noticiasbahia360.com.br\/?cat=57\" rel=\"category\">Mundo<\/a> <a href=\"https:\/\/noticiasbahia360.com.br\/?cat=56\" rel=\"category\">Pol\u00edcia<\/a> <a href=\"https:\/\/noticiasbahia360.com.br\/?cat=10\" rel=\"category\">Pol\u00edtica<\/a>","tag_info":"Pol\u00edtica","comment_count":"0","_links":{"self":[{"href":"https:\/\/noticiasbahia360.com.br\/index.php?rest_route=\/wp\/v2\/posts\/92073","targetHints":{"allow":["GET"]}}],"collection":[{"href":"https:\/\/noticiasbahia360.com.br\/index.php?rest_route=\/wp\/v2\/posts"}],"about":[{"href":"https:\/\/noticiasbahia360.com.br\/index.php?rest_route=\/wp\/v2\/types\/post"}],"author":[{"embeddable":true,"href":"https:\/\/noticiasbahia360.com.br\/index.php?rest_route=\/wp\/v2\/users\/1"}],"replies":[{"embeddable":true,"href":"https:\/\/noticiasbahia360.com.br\/index.php?rest_route=%2Fwp%2Fv2%2Fcomments&post=92073"}],"version-history":[{"count":0,"href":"https:\/\/noticiasbahia360.com.br\/index.php?rest_route=\/wp\/v2\/posts\/92073\/revisions"}],"wp:featuredmedia":[{"embeddable":true,"href":"https:\/\/noticiasbahia360.com.br\/index.php?rest_route=\/wp\/v2\/media\/92074"}],"wp:attachment":[{"href":"https:\/\/noticiasbahia360.com.br\/index.php?rest_route=%2Fwp%2Fv2%2Fmedia&parent=92073"}],"wp:term":[{"taxonomy":"category","embeddable":true,"href":"https:\/\/noticiasbahia360.com.br\/index.php?rest_route=%2Fwp%2Fv2%2Fcategories&post=92073"},{"taxonomy":"post_tag","embeddable":true,"href":"https:\/\/noticiasbahia360.com.br\/index.php?rest_route=%2Fwp%2Fv2%2Ftags&post=92073"}],"curies":[{"name":"wp","href":"https:\/\/api.w.org\/{rel}","templated":true}]}}