{"id":92075,"date":"2025-07-04T10:22:30","date_gmt":"2025-07-04T13:22:30","guid":{"rendered":"https:\/\/noticiasbahia360.com.br\/?p=92075"},"modified":"2025-07-04T10:22:30","modified_gmt":"2025-07-04T13:22:30","slug":"acidente-entre-carro-e-micro-onibus-deixa-quatro-mortos-no-sul-da-bahia","status":"publish","type":"post","link":"https:\/\/noticiasbahia360.com.br\/?p=92075","title":{"rendered":"Acidente entre carro e micro-\u00f4nibus deixa quatro mortos no sul da Bahia"},"content":{"rendered":"<div>\n<div>\n<figure><img decoding=\"async\" src=\"http:\/\/noticiasbahia360.com.br\/wp-content\/uploads\/2025\/07\/acidente_santacruz_reproducao-1.jpg\" alt=\"Acidente\"><figcaption>Foto: Reprodu\u00e7\u00e3o\/TV Santa Cruz<\/figcaption><\/figure>\n<\/div>\n<p>Quatro pessoas morreram e uma ficou gravemente ferida ap\u00f3s um acidente envolvendo um carro e um micro-\u00f4nibus na BR-101, no trecho do munic\u00edpio de Mascote, no sul da Bahia. A colis\u00e3o ocorreu na manh\u00e3 de quinta-feira (3) e resultou na morte de tr\u00eas pessoas da mesma fam\u00edlia.<\/p>\n<p>Segundo informa\u00e7\u00f5es da TV Santa Cruz, as v\u00edtimas foram identificadas como Ana Paula Silva Oliveira, de 36 anos, seus filhos Davi Oliveira de S\u00e1, de 17, e Eduarda Vit\u00f3ria Oliveira dos Santos, cuja idade n\u00e3o foi divulgada, todos naturais de Buerarema. A quarta v\u00edtima fatal, Ronaldo M\u00e1rio de Jesus, era morador de Alcoba\u00e7a. N\u00e3o h\u00e1 confirma\u00e7\u00e3o se ele possu\u00eda algum v\u00ednculo familiar com os demais ocupantes do ve\u00edculo.<\/p>\n<p>De acordo com a Pol\u00edcia Rodovi\u00e1ria Federal da Bahia (PRF-BA), o acidente foi uma colis\u00e3o frontal, o que agravou a gravidade do impacto. Imagens registradas no local mostram o carro onde estavam as v\u00edtimas com a parte frontal completamente destru\u00edda.<\/p>\n<p>Todas as v\u00edtimas fatais e a pessoa que ficou gravemente ferida estavam no carro de passeio. No micro-\u00f4nibus, que pertence a uma empresa de turismo, ningu\u00e9m se feriu.<\/p>\n<p>O acidente ocorreu por volta das 11h30 e causou a interdi\u00e7\u00e3o da BR-101 por aproximadamente quatro horas e meia. As circunst\u00e2ncias que levaram \u00e0 colis\u00e3o ainda n\u00e3o foram esclarecidas.<\/p>\n<\/div>\n","protected":false},"excerpt":{"rendered":"<div>\n<div>\n<figure><img decoding=\"async\" src=\"https:\/\/uploads.acordacidade.com.br\/2025\/07\/acidente_santacruz_reproducao-1.jpg\" alt=\"Acidente\"><figcaption>Foto: Reprodu\u00e7\u00e3o\/TV Santa Cruz<\/figcaption><\/figure>\n<\/div>\n<p>Quatro pessoas morreram e uma ficou gravemente ferida ap\u00f3s um acidente envolvendo um carro e um micro-\u00f4nibus na BR-101, no trecho do munic\u00edpio de Mascote, no sul da Bahia. A colis\u00e3o ocorreu na manh\u00e3 de quinta-feira (3) e resultou na morte de tr\u00eas pessoas da mesma fam\u00edlia. Segundo informa\u00e7\u00f5es da TV Santa Cruz, as v\u00edtimas [\u2026]<\/p><\/div>\n","protected":false},"author":1,"featured_media":92076,"comment_status":"closed","ping_status":"closed","sticky":false,"template":"","format":"gallery","meta":{"footnotes":""},"categories":[8,9,6,57,56,10],"tags":[],"class_list":["post-92075","post","type-post","status-publish","format-gallery","has-post-thumbnail","hentry","category-bahia","category-brasil","category-feira-de-santana","category-mundo","category-policia","category-politica","post_format-post-format-gallery"],"featured_image_urls":{"full":["https:\/\/noticiasbahia360.com.br\/wp-content\/uploads\/2025\/07\/acidente_santacruz_reproducao-1.jpg",984,590,false],"thumbnail":["https:\/\/noticiasbahia360.com.br\/wp-content\/uploads\/2025\/07\/acidente_santacruz_reproducao-1-150x150.jpg",150,150,true],"medium":["https:\/\/noticiasbahia360.com.br\/wp-content\/uploads\/2025\/07\/acidente_santacruz_reproducao-1-300x180.jpg",300,180,true],"medium_large":["https:\/\/noticiasbahia360.com.br\/wp-content\/uploads\/2025\/07\/acidente_santacruz_reproducao-1-768x460.jpg",640,383,true],"large":["https:\/\/noticiasbahia360.com.br\/wp-content\/uploads\/2025\/07\/acidente_santacruz_reproducao-1.jpg",640,384,false],"1536x1536":["https:\/\/noticiasbahia360.com.br\/wp-content\/uploads\/2025\/07\/acidente_santacruz_reproducao-1.jpg",984,590,false],"2048x2048":["https:\/\/noticiasbahia360.com.br\/wp-content\/uploads\/2025\/07\/acidente_santacruz_reproducao-1.jpg",984,590,false],"chromenews-featured":["https:\/\/noticiasbahia360.com.br\/wp-content\/uploads\/2025\/07\/acidente_santacruz_reproducao-1.jpg",984,590,false],"chromenews-large":["https:\/\/noticiasbahia360.com.br\/wp-content\/uploads\/2025\/07\/acidente_santacruz_reproducao-1-825x575.jpg",825,575,true],"chromenews-medium":["https:\/\/noticiasbahia360.com.br\/wp-content\/uploads\/2025\/07\/acidente_santacruz_reproducao-1-590x410.jpg",590,410,true]},"author_info":{"display_name":"noticiasbahia360.com.br","author_link":"https:\/\/noticiasbahia360.com.br\/?author=1"},"category_info":"<a href=\"https:\/\/noticiasbahia360.com.br\/?cat=8\" rel=\"category\">Bahia<\/a> <a href=\"https:\/\/noticiasbahia360.com.br\/?cat=9\" rel=\"category\">Brasil<\/a> <a href=\"https:\/\/noticiasbahia360.com.br\/?cat=6\" rel=\"category\">Feira de Santana<\/a> <a href=\"https:\/\/noticiasbahia360.com.br\/?cat=57\" rel=\"category\">Mundo<\/a> <a href=\"https:\/\/noticiasbahia360.com.br\/?cat=56\" rel=\"category\">Pol\u00edcia<\/a> <a href=\"https:\/\/noticiasbahia360.com.br\/?cat=10\" rel=\"category\">Pol\u00edtica<\/a>","tag_info":"Pol\u00edtica","comment_count":"0","_links":{"self":[{"href":"https:\/\/noticiasbahia360.com.br\/index.php?rest_route=\/wp\/v2\/posts\/92075","targetHints":{"allow":["GET"]}}],"collection":[{"href":"https:\/\/noticiasbahia360.com.br\/index.php?rest_route=\/wp\/v2\/posts"}],"about":[{"href":"https:\/\/noticiasbahia360.com.br\/index.php?rest_route=\/wp\/v2\/types\/post"}],"author":[{"embeddable":true,"href":"https:\/\/noticiasbahia360.com.br\/index.php?rest_route=\/wp\/v2\/users\/1"}],"replies":[{"embeddable":true,"href":"https:\/\/noticiasbahia360.com.br\/index.php?rest_route=%2Fwp%2Fv2%2Fcomments&post=92075"}],"version-history":[{"count":0,"href":"https:\/\/noticiasbahia360.com.br\/index.php?rest_route=\/wp\/v2\/posts\/92075\/revisions"}],"wp:featuredmedia":[{"embeddable":true,"href":"https:\/\/noticiasbahia360.com.br\/index.php?rest_route=\/wp\/v2\/media\/92076"}],"wp:attachment":[{"href":"https:\/\/noticiasbahia360.com.br\/index.php?rest_route=%2Fwp%2Fv2%2Fmedia&parent=92075"}],"wp:term":[{"taxonomy":"category","embeddable":true,"href":"https:\/\/noticiasbahia360.com.br\/index.php?rest_route=%2Fwp%2Fv2%2Fcategories&post=92075"},{"taxonomy":"post_tag","embeddable":true,"href":"https:\/\/noticiasbahia360.com.br\/index.php?rest_route=%2Fwp%2Fv2%2Ftags&post=92075"}],"curies":[{"name":"wp","href":"https:\/\/api.w.org\/{rel}","templated":true}]}}