{"id":92077,"date":"2025-07-04T10:22:32","date_gmt":"2025-07-04T13:22:32","guid":{"rendered":"https:\/\/noticiasbahia360.com.br\/?p=92077"},"modified":"2025-07-04T10:22:32","modified_gmt":"2025-07-04T13:22:32","slug":"tj-suspende-sentenca-que-mandou-derrubar-a-passarela-do-helyos","status":"publish","type":"post","link":"https:\/\/noticiasbahia360.com.br\/?p=92077","title":{"rendered":"TJ suspende senten\u00e7a que mandou derrubar a passarela do Helyos"},"content":{"rendered":"<div>\n<div>\n<figure><img decoding=\"async\" src=\"http:\/\/noticiasbahia360.com.br\/wp-content\/uploads\/2025\/07\/N3dOFIrU-Colegio-Helyos-20230324.webp\" alt=\"Col\u00e9gio Helyos - Feira de Santana - passarela\"><figcaption>Foto: Ascom<\/figcaption><\/figure>\n<\/div>\n<p>O desembargador Jos\u00e9 C\u00edcero Landin Neto, da 2\u00aa C\u00e2mara C\u00edvel do Tribunal de Justi\u00e7a da Bahia (<a href=\"https:\/\/www.acordacidade.com.br\/tag\/tj\/\">TJ<\/a>), suspendeu a senten\u00e7a proferida pelo juiz Nunisvaldo dos Santos, da 2\u00aa Vara da Fazenda P\u00fablica de Feira de Santana, que determinava a demoli\u00e7\u00e3o, em at\u00e9 90 dias, das passarelas que interligam os pr\u00e9dios do Col\u00e9gio Helyos.<\/p>\n<p>As passarelas, em funcionamento h\u00e1 mais de oito anos, s\u00e3o utilizadas diariamente por crian\u00e7as, adolescentes e funcion\u00e1rios do Col\u00e9gio Helyos para evitar a travessia de ruas e exposi\u00e7\u00e3o ao tr\u00e1fego, protegendo alunos e funcion\u00e1rios de acidentes e assaltos. No entanto, a Prefeitura de Feira de Santana nunca concedeu formalmente o licenciamento das passarelas.<\/p>\n<p>Em 20 de abril de 2021, o Tribunal de Justi\u00e7a da Bahia, por meio da relatora Lisbeth Maria Teixeira Almeida C\u00e9zar Santos, determinou que a Prefeitura e o Col\u00e9gio firmassem um acordo administrativo para regularizar a instala\u00e7\u00e3o das passarelas. A solu\u00e7\u00e3o inclu\u00eda o pagamento de compensa\u00e7\u00e3o financeira \u00e0 Prefeitura pelo uso do espa\u00e7o p\u00fablico, conforme previsto na Lei Municipal 118\/2018, que regulamenta a constru\u00e7\u00e3o de equipamentos dessa natureza. Apesar disso, a Prefeitura continuou se recusando a liberar os documentos exigidos. Diante da in\u00e9rcia, o Col\u00e9gio ingressou com um processo de cumprimento de senten\u00e7a junto \u00e0 2\u00aa Vara da Fazenda P\u00fablica, que ficou sob responsabilidade do juiz Nunisvaldo dos Santos.<\/p>\n<p>Em paralelo, o promotor Anselmo Lima entrou com uma nova a\u00e7\u00e3o na mesma Vara, questionando a exist\u00eancia das passarelas com base em supostos danos ambientais. Al\u00e9m disso, solicitou a invers\u00e3o do \u00f4nus da prova \u2014 recurso jur\u00eddico normalmente reservado \u00e0 parte hipossuficiente \u2014 o que causou estranhamento, j\u00e1 que o Minist\u00e9rio P\u00fablico n\u00e3o se enquadra nessa condi\u00e7\u00e3o processual.<\/p>\n<p>Chama a aten\u00e7\u00e3o o fato de o juiz ter marcado, para a mesma data e hor\u00e1rio, uma audi\u00eancia dupla para os dois processos: o de execu\u00e7\u00e3o da senten\u00e7a que garantia a manuten\u00e7\u00e3o das passarelas, e o processo do Minist\u00e9rio P\u00fablico, que pedia sua retirada. Durante a audi\u00eancia, o juiz questionou a exist\u00eancia de lei municipal que embasasse a perman\u00eancia das estruturas. Representantes da Prefeitura e do Col\u00e9gio confirmaram a vig\u00eancia da Lei 118\/2018, enquanto o promotor negou sua exist\u00eancia \u2014 apesar de a pr\u00f3pria lei constar nos autos iniciais e ter sido usada tanto por ele quanto pela desembargadora do TJ-BA em suas manifesta\u00e7\u00f5es.<\/p>\n<p>A ata da audi\u00eancia registra que o juiz n\u00e3o havia lido o processo original at\u00e9 aquele momento. Ainda assim, ap\u00f3s o encontro, e mesmo com encaminhamentos feitos pelo col\u00e9gio \u00e0 Corregedoria do TJ, o juiz optou por decidir apenas sobre o segundo processo, movido pelo MP, ignorando o pedido de cumprimento de senten\u00e7a.<\/p>\n<p>Diante desses fatos, surgem perguntas inevit\u00e1veis: por que o juiz Nunisvaldo dos Santos escolheu julgar o segundo processo, contr\u00e1rio ao cumprimento da senten\u00e7a anterior? Como justificar a realiza\u00e7\u00e3o de uma audi\u00eancia dupla para duas a\u00e7\u00f5es com objetivos opostos? Por que ignorar um TAC homologado judicialmente, cuja execu\u00e7\u00e3o dependia exclusivamente do cumprimento por parte da Prefeitura? Essas s\u00e3o quest\u00f5es que ainda aguardam esclarecimentos por parte do Poder Judici\u00e1rio feirense.<\/p>\n<p><em>Siga o Acorda Cidade no<\/em><a href=\"https:\/\/news.google.com\/search?q=acorda%20cidade&amp;hl=pt-BR&amp;gl=BR&amp;ceid=BR%3Apt-419\"><strong><em> Google Not\u00edcias<\/em><\/strong><\/a><em> e receba os principais destaques do dia. Participe tamb\u00e9m dos nossos canais no <\/em><a href=\"https:\/\/whatsapp.com\/channel\/0029Va6Rb4v3WHTNnsh8WI3N\"><strong><em>WhatsApp<\/em><\/strong><\/a><em> e <\/em><a href=\"https:\/\/www.youtube.com\/@acordacidadenoticias\/videos\"><strong>Youtube<\/strong><\/a><em> e grupo de <\/em><a href=\"https:\/\/t.me\/+sSz0khrgARA0ZmRh\"><strong><em>Telegram<\/em><\/strong><\/a><em>.<\/em><\/p>\n<\/div>\n","protected":false},"excerpt":{"rendered":"<div>\n<div>\n<figure><img decoding=\"async\" src=\"https:\/\/uploads.acordacidade.com.br\/2025\/06\/N3dOFIrU-Colegio-Helyos-20230324.webp\" alt=\"Col\u00e9gio Helyos - Feira de Santana - passarela\"><figcaption>Foto: Ascom<\/figcaption><\/figure>\n<\/div>\n<p>Juiz priorizou nova a\u00e7\u00e3o do MP e n\u00e3o cumpriu senten\u00e7a j\u00e1 transitada, revela decis\u00e3o do TJ<\/p><\/div>\n","protected":false},"author":1,"featured_media":92078,"comment_status":"closed","ping_status":"closed","sticky":false,"template":"","format":"gallery","meta":{"footnotes":""},"categories":[8,9,6,57,56,10],"tags":[],"class_list":["post-92077","post","type-post","status-publish","format-gallery","has-post-thumbnail","hentry","category-bahia","category-brasil","category-feira-de-santana","category-mundo","category-policia","category-politica","post_format-post-format-gallery"],"featured_image_urls":{"full":["https:\/\/noticiasbahia360.com.br\/wp-content\/uploads\/2025\/07\/N3dOFIrU-Colegio-Helyos-20230324.webp",2048,1365,false],"thumbnail":["https:\/\/noticiasbahia360.com.br\/wp-content\/uploads\/2025\/07\/N3dOFIrU-Colegio-Helyos-20230324-150x150.webp",150,150,true],"medium":["https:\/\/noticiasbahia360.com.br\/wp-content\/uploads\/2025\/07\/N3dOFIrU-Colegio-Helyos-20230324-300x200.webp",300,200,true],"medium_large":["https:\/\/noticiasbahia360.com.br\/wp-content\/uploads\/2025\/07\/N3dOFIrU-Colegio-Helyos-20230324-768x512.webp",640,427,true],"large":["https:\/\/noticiasbahia360.com.br\/wp-content\/uploads\/2025\/07\/N3dOFIrU-Colegio-Helyos-20230324-1024x683.webp",640,427,true],"1536x1536":["https:\/\/noticiasbahia360.com.br\/wp-content\/uploads\/2025\/07\/N3dOFIrU-Colegio-Helyos-20230324-1536x1024.webp",1536,1024,true],"2048x2048":["https:\/\/noticiasbahia360.com.br\/wp-content\/uploads\/2025\/07\/N3dOFIrU-Colegio-Helyos-20230324.webp",2048,1365,false],"chromenews-featured":["https:\/\/noticiasbahia360.com.br\/wp-content\/uploads\/2025\/07\/N3dOFIrU-Colegio-Helyos-20230324-1024x683.webp",1024,683,true],"chromenews-large":["https:\/\/noticiasbahia360.com.br\/wp-content\/uploads\/2025\/07\/N3dOFIrU-Colegio-Helyos-20230324-825x575.webp",825,575,true],"chromenews-medium":["https:\/\/noticiasbahia360.com.br\/wp-content\/uploads\/2025\/07\/N3dOFIrU-Colegio-Helyos-20230324-590x410.webp",590,410,true]},"author_info":{"display_name":"noticiasbahia360.com.br","author_link":"https:\/\/noticiasbahia360.com.br\/?author=1"},"category_info":"<a href=\"https:\/\/noticiasbahia360.com.br\/?cat=8\" rel=\"category\">Bahia<\/a> <a href=\"https:\/\/noticiasbahia360.com.br\/?cat=9\" rel=\"category\">Brasil<\/a> <a href=\"https:\/\/noticiasbahia360.com.br\/?cat=6\" rel=\"category\">Feira de Santana<\/a> <a href=\"https:\/\/noticiasbahia360.com.br\/?cat=57\" rel=\"category\">Mundo<\/a> <a href=\"https:\/\/noticiasbahia360.com.br\/?cat=56\" rel=\"category\">Pol\u00edcia<\/a> <a href=\"https:\/\/noticiasbahia360.com.br\/?cat=10\" rel=\"category\">Pol\u00edtica<\/a>","tag_info":"Pol\u00edtica","comment_count":"0","_links":{"self":[{"href":"https:\/\/noticiasbahia360.com.br\/index.php?rest_route=\/wp\/v2\/posts\/92077","targetHints":{"allow":["GET"]}}],"collection":[{"href":"https:\/\/noticiasbahia360.com.br\/index.php?rest_route=\/wp\/v2\/posts"}],"about":[{"href":"https:\/\/noticiasbahia360.com.br\/index.php?rest_route=\/wp\/v2\/types\/post"}],"author":[{"embeddable":true,"href":"https:\/\/noticiasbahia360.com.br\/index.php?rest_route=\/wp\/v2\/users\/1"}],"replies":[{"embeddable":true,"href":"https:\/\/noticiasbahia360.com.br\/index.php?rest_route=%2Fwp%2Fv2%2Fcomments&post=92077"}],"version-history":[{"count":0,"href":"https:\/\/noticiasbahia360.com.br\/index.php?rest_route=\/wp\/v2\/posts\/92077\/revisions"}],"wp:featuredmedia":[{"embeddable":true,"href":"https:\/\/noticiasbahia360.com.br\/index.php?rest_route=\/wp\/v2\/media\/92078"}],"wp:attachment":[{"href":"https:\/\/noticiasbahia360.com.br\/index.php?rest_route=%2Fwp%2Fv2%2Fmedia&parent=92077"}],"wp:term":[{"taxonomy":"category","embeddable":true,"href":"https:\/\/noticiasbahia360.com.br\/index.php?rest_route=%2Fwp%2Fv2%2Fcategories&post=92077"},{"taxonomy":"post_tag","embeddable":true,"href":"https:\/\/noticiasbahia360.com.br\/index.php?rest_route=%2Fwp%2Fv2%2Ftags&post=92077"}],"curies":[{"name":"wp","href":"https:\/\/api.w.org\/{rel}","templated":true}]}}