{"id":92081,"date":"2025-07-04T10:35:04","date_gmt":"2025-07-04T13:35:04","guid":{"rendered":"https:\/\/noticiasbahia360.com.br\/?p=92081"},"modified":"2025-07-04T10:35:04","modified_gmt":"2025-07-04T13:35:04","slug":"quatro-homens-morrem-em-confronto-com-a-policia-militar-na-estrada-do-derba-em-salvador","status":"publish","type":"post","link":"https:\/\/noticiasbahia360.com.br\/?p=92081","title":{"rendered":"Quatro homens morrem em confronto com a Pol\u00edcia Militar na Estrada do Derba, em Salvador"},"content":{"rendered":"<div>\n<div>\n<figure><img decoding=\"async\" src=\"http:\/\/noticiasbahia360.com.br\/wp-content\/uploads\/2025\/07\/Quatro-homens-morrem-apos-confronto-com-policiais-militares-em-Salvador.jpg\" alt=\"Quatro homens morrem ap\u00f3s confronto com policiais militares em Salvador\"><figcaption>Foto: Reprodu\u00e7\u00e3o\/Redes Sociais<\/figcaption><\/figure>\n<\/div>\n<p>Quatro homens morreram ap\u00f3s um confronto com policiais militares na BA-528, conhecida como Estrada do Derba, em <a href=\"https:\/\/www.acordacidade.com.br\/bahia\/salvador\/\">Salvador<\/a>. O incidente ocorreu por volta das 20h, da noite da \u00faltima quinta-feira (3), durante uma abordagem realizada por equipes do Batalh\u00e3o Apolo (BPFRv) e do Batalh\u00e3o de Pol\u00edcia Rodovi\u00e1ria (BPRv).<\/p>\n<p>Segundo informa\u00e7\u00f5es da Pol\u00edcia Militar, o confronto come\u00e7ou quando os policiais identificaram um carro com placa clonada. Ao constatarem a irregularidade na consulta veicular, as equipes tentaram realizar a abordagem, mas foram recebidas a tiros pelos ocupantes do ve\u00edculo.<\/p>\n<p>De acordo com o portal g1, tr\u00eas dos suspeitos foram baleados dentro do carro e, em seguida, socorridos para o Hospital do Sub\u00farbio. No entanto, nenhum deles resistiu aos ferimentos. O quarto homem, ap\u00f3s fugir do ve\u00edculo, entrou em uma resid\u00eancia pr\u00f3xima e voltou a trocar tiros com os policiais. Ele tamb\u00e9m foi atingido, levado ao hospital e morreu.<\/p>\n<p>De acordo com apura\u00e7\u00f5es da TV Bahia, dois dos suspeitos mortos foram identificados como Claudio de Jesus Silva J\u00fanior, conhecido como \u201cDumbo\u201d, e Rodrigo Silva Moreira, apelidado de \u201cBolol\u00f4\u201d.<\/p>\n<h2 class=\"wp-block-heading\" id=\"h-durante-a-acao-os-policiais-apreenderam\">Durante a a\u00e7\u00e3o, os policiais apreenderam:<\/h2>\n<p>\u2013 Duas pistolas calibre .380;<\/p>\n<p>\u2013 Dois rev\u00f3lveres calibre .38;<\/p>\n<p>\u2013 Um simulacro de arma de fogo;<\/p>\n<p>\u2013 Balaclavas;<\/p>\n<p>\u2013 Um carro branco com placa clonada.<\/p>\n<p>Todo o material apreendido foi encaminhado ao Departamento de Homic\u00eddios e Prote\u00e7\u00e3o \u00e0 Pessoa (DHPP), enquanto o ve\u00edculo foi apresentado na Delegacia de Repress\u00e3o a Furtos e Roubos de Ve\u00edculos (DRFRV).<\/p>\n<p><em>Siga o Acorda Cidade no<\/em><a href=\"https:\/\/news.google.com\/search?q=acorda%20cidade&amp;hl=pt-BR&amp;gl=BR&amp;ceid=BR%3Apt-419\"><strong><em>\u00a0Google Not\u00edcias<\/em><\/strong><\/a><em>\u00a0e receba os principais destaques do dia. Participe tamb\u00e9m dos nossos canais no\u00a0<\/em><a href=\"https:\/\/www.whatsapp.com\/channel\/0029Va6Rb4v3WHTNnsh8WI3N\"><strong><em>WhatsApp<\/em><\/strong><\/a><em>\u00a0e\u00a0<\/em><a href=\"https:\/\/www.youtube.com\/@acordacidadenoticias\/videos\"><strong>Youtube<\/strong><\/a><em>\u00a0e grupo de\u00a0<\/em><a href=\"https:\/\/t.me\/+sSz0khrgARA0ZmRh\"><strong><em>Telegram<\/em><\/strong><\/a><em>.<\/em><\/p>\n<\/div>\n","protected":false},"excerpt":{"rendered":"<div>\n<div>\n<figure><img decoding=\"async\" src=\"https:\/\/uploads.acordacidade.com.br\/2025\/07\/Quatro-homens-morrem-apos-confronto-com-policiais-militares-em-Salvador.jpg\" alt=\"Quatro homens morrem ap\u00f3s confronto com policiais militares em Salvador\"><figcaption>Foto: Reprodu\u00e7\u00e3o\/Redes Sociais<\/figcaption><\/figure>\n<\/div>\n<p>Segundo informa\u00e7\u00f5es da Pol\u00edcia Militar, o confronto come\u00e7ou quando os policiais identificaram um carro com placa clonada.<\/p><\/div>\n","protected":false},"author":1,"featured_media":92082,"comment_status":"closed","ping_status":"closed","sticky":false,"template":"","format":"gallery","meta":{"footnotes":""},"categories":[8,9,6,57,56,10],"tags":[],"class_list":["post-92081","post","type-post","status-publish","format-gallery","has-post-thumbnail","hentry","category-bahia","category-brasil","category-feira-de-santana","category-mundo","category-policia","category-politica","post_format-post-format-gallery"],"featured_image_urls":{"full":["https:\/\/noticiasbahia360.com.br\/wp-content\/uploads\/2025\/07\/Quatro-homens-morrem-apos-confronto-com-policiais-militares-em-Salvador.jpg",1200,751,false],"thumbnail":["https:\/\/noticiasbahia360.com.br\/wp-content\/uploads\/2025\/07\/Quatro-homens-morrem-apos-confronto-com-policiais-militares-em-Salvador-150x150.jpg",150,150,true],"medium":["https:\/\/noticiasbahia360.com.br\/wp-content\/uploads\/2025\/07\/Quatro-homens-morrem-apos-confronto-com-policiais-militares-em-Salvador-300x188.jpg",300,188,true],"medium_large":["https:\/\/noticiasbahia360.com.br\/wp-content\/uploads\/2025\/07\/Quatro-homens-morrem-apos-confronto-com-policiais-militares-em-Salvador-768x481.jpg",640,401,true],"large":["https:\/\/noticiasbahia360.com.br\/wp-content\/uploads\/2025\/07\/Quatro-homens-morrem-apos-confronto-com-policiais-militares-em-Salvador-1024x641.jpg",640,401,true],"1536x1536":["https:\/\/noticiasbahia360.com.br\/wp-content\/uploads\/2025\/07\/Quatro-homens-morrem-apos-confronto-com-policiais-militares-em-Salvador.jpg",1200,751,false],"2048x2048":["https:\/\/noticiasbahia360.com.br\/wp-content\/uploads\/2025\/07\/Quatro-homens-morrem-apos-confronto-com-policiais-militares-em-Salvador.jpg",1200,751,false],"chromenews-featured":["https:\/\/noticiasbahia360.com.br\/wp-content\/uploads\/2025\/07\/Quatro-homens-morrem-apos-confronto-com-policiais-militares-em-Salvador-1024x641.jpg",1024,641,true],"chromenews-large":["https:\/\/noticiasbahia360.com.br\/wp-content\/uploads\/2025\/07\/Quatro-homens-morrem-apos-confronto-com-policiais-militares-em-Salvador-825x575.jpg",825,575,true],"chromenews-medium":["https:\/\/noticiasbahia360.com.br\/wp-content\/uploads\/2025\/07\/Quatro-homens-morrem-apos-confronto-com-policiais-militares-em-Salvador-590x410.jpg",590,410,true]},"author_info":{"display_name":"noticiasbahia360.com.br","author_link":"https:\/\/noticiasbahia360.com.br\/?author=1"},"category_info":"<a href=\"https:\/\/noticiasbahia360.com.br\/?cat=8\" rel=\"category\">Bahia<\/a> <a href=\"https:\/\/noticiasbahia360.com.br\/?cat=9\" rel=\"category\">Brasil<\/a> <a href=\"https:\/\/noticiasbahia360.com.br\/?cat=6\" rel=\"category\">Feira de Santana<\/a> <a href=\"https:\/\/noticiasbahia360.com.br\/?cat=57\" rel=\"category\">Mundo<\/a> <a href=\"https:\/\/noticiasbahia360.com.br\/?cat=56\" rel=\"category\">Pol\u00edcia<\/a> <a href=\"https:\/\/noticiasbahia360.com.br\/?cat=10\" rel=\"category\">Pol\u00edtica<\/a>","tag_info":"Pol\u00edtica","comment_count":"0","_links":{"self":[{"href":"https:\/\/noticiasbahia360.com.br\/index.php?rest_route=\/wp\/v2\/posts\/92081","targetHints":{"allow":["GET"]}}],"collection":[{"href":"https:\/\/noticiasbahia360.com.br\/index.php?rest_route=\/wp\/v2\/posts"}],"about":[{"href":"https:\/\/noticiasbahia360.com.br\/index.php?rest_route=\/wp\/v2\/types\/post"}],"author":[{"embeddable":true,"href":"https:\/\/noticiasbahia360.com.br\/index.php?rest_route=\/wp\/v2\/users\/1"}],"replies":[{"embeddable":true,"href":"https:\/\/noticiasbahia360.com.br\/index.php?rest_route=%2Fwp%2Fv2%2Fcomments&post=92081"}],"version-history":[{"count":0,"href":"https:\/\/noticiasbahia360.com.br\/index.php?rest_route=\/wp\/v2\/posts\/92081\/revisions"}],"wp:featuredmedia":[{"embeddable":true,"href":"https:\/\/noticiasbahia360.com.br\/index.php?rest_route=\/wp\/v2\/media\/92082"}],"wp:attachment":[{"href":"https:\/\/noticiasbahia360.com.br\/index.php?rest_route=%2Fwp%2Fv2%2Fmedia&parent=92081"}],"wp:term":[{"taxonomy":"category","embeddable":true,"href":"https:\/\/noticiasbahia360.com.br\/index.php?rest_route=%2Fwp%2Fv2%2Fcategories&post=92081"},{"taxonomy":"post_tag","embeddable":true,"href":"https:\/\/noticiasbahia360.com.br\/index.php?rest_route=%2Fwp%2Fv2%2Ftags&post=92081"}],"curies":[{"name":"wp","href":"https:\/\/api.w.org\/{rel}","templated":true}]}}