{"id":92083,"date":"2025-07-04T10:52:57","date_gmt":"2025-07-04T13:52:57","guid":{"rendered":"https:\/\/noticiasbahia360.com.br\/?p=92083"},"modified":"2025-07-04T10:52:57","modified_gmt":"2025-07-04T13:52:57","slug":"ops-dei-uma-bronca-jeitos-certos-e-errados-de-chamar-a-atencao-das-criancas","status":"publish","type":"post","link":"https:\/\/noticiasbahia360.com.br\/?p=92083","title":{"rendered":"Ops, dei uma bronca! Jeitos certos e errados de chamar a aten\u00e7\u00e3o das crian\u00e7as"},"content":{"rendered":"<div>\n<div>\n<figure><img decoding=\"async\" src=\"http:\/\/noticiasbahia360.com.br\/wp-content\/uploads\/2025\/07\/pai-mae-dando-bronca-foto-reproducao-freepik.jpg\" alt=\"crian\u00e7as\"><figcaption>Foto: Reprodu\u00e7\u00e3o<br \/>\n<\/figcaption><\/figure>\n<\/div>\n<p>Chamar a aten\u00e7\u00e3o das crian\u00e7as pode ser desafiador. Em momentos de frustra\u00e7\u00e3o, \u00e9 f\u00e1cil cair na armadilha das broncas, e logo surgem os olhinhos marejados e at\u00e9 carinhas emburradas por parte dos pequeninos que s\u00e3o alvo dos serm\u00f5es. Mas ser\u00e1 que essa \u00e9 sempre a melhor abordagem? Entender os jeitos certos e errados de disciplinar os pequenos pode transformar n\u00e3o apenas o comportamento deles, mas tamb\u00e9m a rela\u00e7\u00e3o entre adultos e crian\u00e7as.<\/p>\n<p>Voc\u00ea j\u00e1 ouviu falar em disciplina positiva? Sim, \u00e9 poss\u00edvel redirecionar o comportamento das crian\u00e7as transformando os comportamentos em benef\u00edcios para elas mesmas sem precisar recorrer aos gritos e broncas, como explica a professora do curso de Pedagogia da Est\u00e1cio, Grace Kelly. \u201cSe a crian\u00e7a est\u00e1 correndo dentro de casa, sugira brincadeiras que possam ser feitas sentadas ou em movimento controlado, por exemplo. D\u00ea tamb\u00e9m \u00e0 crian\u00e7a op\u00e7\u00f5es limitadas, como \u2018voc\u00ea prefere guardar os brinquedos agora ou depois do lanche?\u201d, explica.<\/p>\n<p>Dizer que sem broncas n\u00e3o d\u00e1 para construir uma rela\u00e7\u00e3o de respeito com os pequenos \u00e9 mito. A verdade \u00e9 que dizer \u2018n\u00e3o\u2019 com muita frequ\u00eancia pode at\u00e9 atrapalhar em vez de ajudar. Em vez disso, ofere\u00e7a alternativas positivas. Por exemplo: em vez de \u2018N\u00e3o corra!\u2019, diga \u2018Vamos andar devagar dentro de casa\u2019. \u201cSer inconsistente com as regras, punir de forma exagerada, gerando medo, ou comparar o seu pequeno com outras crian\u00e7as n\u00e3o s\u00e3o atitudes nada saud\u00e1veis\u201d, explica Grace Kelly.<\/p>\n<p>E at\u00e9 a comunica\u00e7\u00e3o n\u00e3o verbal se torna aliada na hora de mudar as broncas por estrat\u00e9gias positivas no dia a dia. Afinal, n\u00e3o s\u00f3 o que se diz, mas a forma de se expressar sem palavras tamb\u00e9m impacta (e muito) no comportamento da crian\u00e7a. \u201cMantenha um tom de voz calmo, isso ajuda a crian\u00e7a a se sentir segura e mais receptiva. Tamb\u00e9m \u00e9 interessante se abaixar ao n\u00edvel da crian\u00e7a, olhar nos olhos dela demonstrando respeito e aten\u00e7\u00e3o a ela. Al\u00e9m disso, use express\u00f5es faciais amig\u00e1veis, como um sorriso ou uma express\u00e3o suave, aliviando a tens\u00e3o\u201d, finaliza a professora.<\/p>\n<p><em>Siga o Acorda Cidade no<\/em><a href=\"https:\/\/news.google.com\/search?q=acorda%20cidade&amp;hl=pt-BR&amp;gl=BR&amp;ceid=BR%3Apt-419\"><strong><em>\u00a0Google Not\u00edcias<\/em><\/strong><\/a><em>\u00a0e receba os principais destaques do dia. Participe tamb\u00e9m dos nossos canais no\u00a0<\/em><a href=\"https:\/\/www.whatsapp.com\/channel\/0029Va6Rb4v3WHTNnsh8WI3N\"><strong><em>WhatsApp<\/em><\/strong><\/a><em>\u00a0e\u00a0<\/em><a href=\"https:\/\/www.youtube.com\/@acordacidadenoticias\/videos\"><strong>Youtube<\/strong><\/a><em>\u00a0e grupo de\u00a0<\/em><a href=\"https:\/\/t.me\/+sSz0khrgARA0ZmRh\"><strong><em>Telegram<\/em><\/strong><\/a><\/p>\n<\/div>\n","protected":false},"excerpt":{"rendered":"<div>\n<div>\n<figure><img decoding=\"async\" src=\"https:\/\/uploads.acordacidade.com.br\/2025\/07\/pai-mae-dando-bronca-foto-reproducao-freepik.jpg\" alt=\"crian\u00e7as\"><figcaption>Foto: Reprodu\u00e7\u00e3o<br \/>\n<\/figcaption><\/figure>\n<\/div>\n<p>\u00c9 poss\u00edvel redirecionar o comportamento das crian\u00e7as transformando os comportamentos em benef\u00edcios para elas mesmas.<\/p><\/div>\n","protected":false},"author":1,"featured_media":92084,"comment_status":"closed","ping_status":"closed","sticky":false,"template":"","format":"gallery","meta":{"footnotes":""},"categories":[8,9,6,57,56,10],"tags":[],"class_list":["post-92083","post","type-post","status-publish","format-gallery","has-post-thumbnail","hentry","category-bahia","category-brasil","category-feira-de-santana","category-mundo","category-policia","category-politica","post_format-post-format-gallery"],"featured_image_urls":{"full":["https:\/\/noticiasbahia360.com.br\/wp-content\/uploads\/2025\/07\/pai-mae-dando-bronca-foto-reproducao-freepik.jpg",1200,800,false],"thumbnail":["https:\/\/noticiasbahia360.com.br\/wp-content\/uploads\/2025\/07\/pai-mae-dando-bronca-foto-reproducao-freepik-150x150.jpg",150,150,true],"medium":["https:\/\/noticiasbahia360.com.br\/wp-content\/uploads\/2025\/07\/pai-mae-dando-bronca-foto-reproducao-freepik-300x200.jpg",300,200,true],"medium_large":["https:\/\/noticiasbahia360.com.br\/wp-content\/uploads\/2025\/07\/pai-mae-dando-bronca-foto-reproducao-freepik-768x512.jpg",640,427,true],"large":["https:\/\/noticiasbahia360.com.br\/wp-content\/uploads\/2025\/07\/pai-mae-dando-bronca-foto-reproducao-freepik-1024x683.jpg",640,427,true],"1536x1536":["https:\/\/noticiasbahia360.com.br\/wp-content\/uploads\/2025\/07\/pai-mae-dando-bronca-foto-reproducao-freepik.jpg",1200,800,false],"2048x2048":["https:\/\/noticiasbahia360.com.br\/wp-content\/uploads\/2025\/07\/pai-mae-dando-bronca-foto-reproducao-freepik.jpg",1200,800,false],"chromenews-featured":["https:\/\/noticiasbahia360.com.br\/wp-content\/uploads\/2025\/07\/pai-mae-dando-bronca-foto-reproducao-freepik-1024x683.jpg",1024,683,true],"chromenews-large":["https:\/\/noticiasbahia360.com.br\/wp-content\/uploads\/2025\/07\/pai-mae-dando-bronca-foto-reproducao-freepik-825x575.jpg",825,575,true],"chromenews-medium":["https:\/\/noticiasbahia360.com.br\/wp-content\/uploads\/2025\/07\/pai-mae-dando-bronca-foto-reproducao-freepik-590x410.jpg",590,410,true]},"author_info":{"display_name":"noticiasbahia360.com.br","author_link":"https:\/\/noticiasbahia360.com.br\/?author=1"},"category_info":"<a href=\"https:\/\/noticiasbahia360.com.br\/?cat=8\" rel=\"category\">Bahia<\/a> <a href=\"https:\/\/noticiasbahia360.com.br\/?cat=9\" rel=\"category\">Brasil<\/a> <a href=\"https:\/\/noticiasbahia360.com.br\/?cat=6\" rel=\"category\">Feira de Santana<\/a> <a href=\"https:\/\/noticiasbahia360.com.br\/?cat=57\" rel=\"category\">Mundo<\/a> <a href=\"https:\/\/noticiasbahia360.com.br\/?cat=56\" rel=\"category\">Pol\u00edcia<\/a> <a href=\"https:\/\/noticiasbahia360.com.br\/?cat=10\" rel=\"category\">Pol\u00edtica<\/a>","tag_info":"Pol\u00edtica","comment_count":"0","_links":{"self":[{"href":"https:\/\/noticiasbahia360.com.br\/index.php?rest_route=\/wp\/v2\/posts\/92083","targetHints":{"allow":["GET"]}}],"collection":[{"href":"https:\/\/noticiasbahia360.com.br\/index.php?rest_route=\/wp\/v2\/posts"}],"about":[{"href":"https:\/\/noticiasbahia360.com.br\/index.php?rest_route=\/wp\/v2\/types\/post"}],"author":[{"embeddable":true,"href":"https:\/\/noticiasbahia360.com.br\/index.php?rest_route=\/wp\/v2\/users\/1"}],"replies":[{"embeddable":true,"href":"https:\/\/noticiasbahia360.com.br\/index.php?rest_route=%2Fwp%2Fv2%2Fcomments&post=92083"}],"version-history":[{"count":0,"href":"https:\/\/noticiasbahia360.com.br\/index.php?rest_route=\/wp\/v2\/posts\/92083\/revisions"}],"wp:featuredmedia":[{"embeddable":true,"href":"https:\/\/noticiasbahia360.com.br\/index.php?rest_route=\/wp\/v2\/media\/92084"}],"wp:attachment":[{"href":"https:\/\/noticiasbahia360.com.br\/index.php?rest_route=%2Fwp%2Fv2%2Fmedia&parent=92083"}],"wp:term":[{"taxonomy":"category","embeddable":true,"href":"https:\/\/noticiasbahia360.com.br\/index.php?rest_route=%2Fwp%2Fv2%2Fcategories&post=92083"},{"taxonomy":"post_tag","embeddable":true,"href":"https:\/\/noticiasbahia360.com.br\/index.php?rest_route=%2Fwp%2Fv2%2Ftags&post=92083"}],"curies":[{"name":"wp","href":"https:\/\/api.w.org\/{rel}","templated":true}]}}