{"id":92085,"date":"2025-07-04T11:36:41","date_gmt":"2025-07-04T14:36:41","guid":{"rendered":"https:\/\/noticiasbahia360.com.br\/?p=92085"},"modified":"2025-07-04T11:36:41","modified_gmt":"2025-07-04T14:36:41","slug":"idosa-e-encontrada-morta-dentro-de-casa-na-zona-rural-de-rafael-jambeiro-familia-denuncia-carcere-privado","status":"publish","type":"post","link":"https:\/\/noticiasbahia360.com.br\/?p=92085","title":{"rendered":"Idosa \u00e9 encontrada morta dentro de casa na zona rural de Rafael Jambeiro; fam\u00edlia denuncia c\u00e1rcere privado"},"content":{"rendered":"<div>\n<div>\n<figure><img decoding=\"async\" src=\"http:\/\/noticiasbahia360.com.br\/wp-content\/uploads\/2025\/07\/mariajosecostadealmeida_idosa.jpeg\" alt=\"Idosa encontrada morta em Rafael Jambeiro\"><figcaption>Foto: Reprodu\u00e7\u00e3o<\/figcaption><\/figure>\n<\/div>\n<p>Uma mulher de 67 anos, identificada como Maria Jos\u00e9 Costa de Almeida, foi encontrada morta dentro de uma resid\u00eancia localizada na zona rural de Rafael Jambeiro, no interior da <a href=\"https:\/\/www.acordacidade.com.br\/tag\/bahia\/\">Bahia<\/a>. O caso foi registrado por volta das 21h30 da \u00faltima quinta-feira (3).<\/p>\n<p>Natural do munic\u00edpio de Castro Alves, a idosa teve o corpo removido pelo servi\u00e7o funer\u00e1rio e encaminhado ao Hospital Municipal de Rafael Jambeiro. No entanto, o m\u00e9dico plantonista da unidade se recusou a atestar o \u00f3bito, e o Departamento de Pol\u00edcia T\u00e9cnica (DPT) foi acionado para realizar os procedimentos necess\u00e1rios.<\/p>\n<p>Familiares da v\u00edtima relataram que Maria Jos\u00e9 vivia em situa\u00e7\u00e3o de c\u00e1rcere privado, embora as circunst\u00e2ncias dessa den\u00fancia ainda n\u00e3o estejam completamente esclarecidas. O caso ser\u00e1 investigado pelas autoridades locais.<\/p>\n<p><em>Com informa\u00e7\u00f5es do rep\u00f3rter Ed Santos do Acorda Cidade<\/em><\/p>\n<p><em>Siga o Acorda Cidade no<\/em><a href=\"https:\/\/news.google.com\/search?q=acorda%20cidade&amp;hl=pt-BR&amp;gl=BR&amp;ceid=BR%3Apt-419\"><strong><em> Google Not\u00edcias<\/em><\/strong><\/a><em> e receba os principais destaques do dia. Participe tamb\u00e9m dos nossos canais no <\/em><a href=\"https:\/\/whatsapp.com\/channel\/0029Va6Rb4v3WHTNnsh8WI3N\"><strong><em>WhatsApp<\/em><\/strong><\/a><em> e <\/em><a href=\"https:\/\/www.youtube.com\/@acordacidadenoticias\/videos\"><strong>Youtube<\/strong><\/a><em> e grupo de <\/em><a href=\"https:\/\/t.me\/+sSz0khrgARA0ZmRh\"><strong><em>Telegram<\/em><\/strong><\/a><em>.<\/em><\/p>\n<\/div>\n","protected":false},"excerpt":{"rendered":"<div>\n<div>\n<figure><img decoding=\"async\" src=\"https:\/\/uploads.acordacidade.com.br\/2025\/07\/mariajosecostadealmeida_idosa.jpeg\" alt=\"Idosa encontrada morta em Rafael Jambeiro\"><figcaption>Foto: Reprodu\u00e7\u00e3o<\/figcaption><\/figure>\n<\/div>\n<p>Natural de Castro Alves, a idosa teve o corpo removido pelo servi\u00e7o funer\u00e1rio e encaminhado ao Hospital Municipal de Rafael Jambeiro.<\/p><\/div>\n","protected":false},"author":1,"featured_media":92086,"comment_status":"closed","ping_status":"closed","sticky":false,"template":"","format":"gallery","meta":{"footnotes":""},"categories":[8,9,6,57,56,10],"tags":[],"class_list":["post-92085","post","type-post","status-publish","format-gallery","has-post-thumbnail","hentry","category-bahia","category-brasil","category-feira-de-santana","category-mundo","category-policia","category-politica","post_format-post-format-gallery"],"featured_image_urls":{"full":["https:\/\/noticiasbahia360.com.br\/wp-content\/uploads\/2025\/07\/mariajosecostadealmeida_idosa.jpeg",627,451,false],"thumbnail":["https:\/\/noticiasbahia360.com.br\/wp-content\/uploads\/2025\/07\/mariajosecostadealmeida_idosa-150x150.jpeg",150,150,true],"medium":["https:\/\/noticiasbahia360.com.br\/wp-content\/uploads\/2025\/07\/mariajosecostadealmeida_idosa-300x216.jpeg",300,216,true],"medium_large":["https:\/\/noticiasbahia360.com.br\/wp-content\/uploads\/2025\/07\/mariajosecostadealmeida_idosa.jpeg",627,451,false],"large":["https:\/\/noticiasbahia360.com.br\/wp-content\/uploads\/2025\/07\/mariajosecostadealmeida_idosa.jpeg",627,451,false],"1536x1536":["https:\/\/noticiasbahia360.com.br\/wp-content\/uploads\/2025\/07\/mariajosecostadealmeida_idosa.jpeg",627,451,false],"2048x2048":["https:\/\/noticiasbahia360.com.br\/wp-content\/uploads\/2025\/07\/mariajosecostadealmeida_idosa.jpeg",627,451,false],"chromenews-featured":["https:\/\/noticiasbahia360.com.br\/wp-content\/uploads\/2025\/07\/mariajosecostadealmeida_idosa.jpeg",627,451,false],"chromenews-large":["https:\/\/noticiasbahia360.com.br\/wp-content\/uploads\/2025\/07\/mariajosecostadealmeida_idosa.jpeg",627,451,false],"chromenews-medium":["https:\/\/noticiasbahia360.com.br\/wp-content\/uploads\/2025\/07\/mariajosecostadealmeida_idosa-590x410.jpeg",590,410,true]},"author_info":{"display_name":"noticiasbahia360.com.br","author_link":"https:\/\/noticiasbahia360.com.br\/?author=1"},"category_info":"<a href=\"https:\/\/noticiasbahia360.com.br\/?cat=8\" rel=\"category\">Bahia<\/a> <a href=\"https:\/\/noticiasbahia360.com.br\/?cat=9\" rel=\"category\">Brasil<\/a> <a href=\"https:\/\/noticiasbahia360.com.br\/?cat=6\" rel=\"category\">Feira de Santana<\/a> <a href=\"https:\/\/noticiasbahia360.com.br\/?cat=57\" rel=\"category\">Mundo<\/a> <a href=\"https:\/\/noticiasbahia360.com.br\/?cat=56\" rel=\"category\">Pol\u00edcia<\/a> <a href=\"https:\/\/noticiasbahia360.com.br\/?cat=10\" rel=\"category\">Pol\u00edtica<\/a>","tag_info":"Pol\u00edtica","comment_count":"0","_links":{"self":[{"href":"https:\/\/noticiasbahia360.com.br\/index.php?rest_route=\/wp\/v2\/posts\/92085","targetHints":{"allow":["GET"]}}],"collection":[{"href":"https:\/\/noticiasbahia360.com.br\/index.php?rest_route=\/wp\/v2\/posts"}],"about":[{"href":"https:\/\/noticiasbahia360.com.br\/index.php?rest_route=\/wp\/v2\/types\/post"}],"author":[{"embeddable":true,"href":"https:\/\/noticiasbahia360.com.br\/index.php?rest_route=\/wp\/v2\/users\/1"}],"replies":[{"embeddable":true,"href":"https:\/\/noticiasbahia360.com.br\/index.php?rest_route=%2Fwp%2Fv2%2Fcomments&post=92085"}],"version-history":[{"count":0,"href":"https:\/\/noticiasbahia360.com.br\/index.php?rest_route=\/wp\/v2\/posts\/92085\/revisions"}],"wp:featuredmedia":[{"embeddable":true,"href":"https:\/\/noticiasbahia360.com.br\/index.php?rest_route=\/wp\/v2\/media\/92086"}],"wp:attachment":[{"href":"https:\/\/noticiasbahia360.com.br\/index.php?rest_route=%2Fwp%2Fv2%2Fmedia&parent=92085"}],"wp:term":[{"taxonomy":"category","embeddable":true,"href":"https:\/\/noticiasbahia360.com.br\/index.php?rest_route=%2Fwp%2Fv2%2Fcategories&post=92085"},{"taxonomy":"post_tag","embeddable":true,"href":"https:\/\/noticiasbahia360.com.br\/index.php?rest_route=%2Fwp%2Fv2%2Ftags&post=92085"}],"curies":[{"name":"wp","href":"https:\/\/api.w.org\/{rel}","templated":true}]}}