{"id":92087,"date":"2025-07-04T12:05:09","date_gmt":"2025-07-04T15:05:09","guid":{"rendered":"https:\/\/noticiasbahia360.com.br\/?p=92087"},"modified":"2025-07-04T12:05:09","modified_gmt":"2025-07-04T15:05:09","slug":"pre-selecionados-do-minha-casa-minha-vida-devem-ficar-atentos-ao-agendamento-para-apresentar-documentacao","status":"publish","type":"post","link":"https:\/\/noticiasbahia360.com.br\/?p=92087","title":{"rendered":"Pr\u00e9-selecionados do Minha Casa, Minha Vida devem ficar atentos ao agendamento para apresentar documenta\u00e7\u00e3o"},"content":{"rendered":"<div>\n<div>\n<figure><img decoding=\"async\" src=\"http:\/\/noticiasbahia360.com.br\/wp-content\/uploads\/2025\/07\/MCMV-Minha-Casa-Minha-Vida-foto-Foto-Aescom-MCid.jpg\" alt=\"MCMV Minha Casa Minha Vida\"><figcaption>Foto: Aescom MCid<\/figcaption><\/figure>\n<\/div>\n<p>A <strong><a href=\"https:\/\/www.acordacidade.com.br\/tag\/prefeitura-de-feira-de-santana\/\">Prefeitura de Feira de Santana<\/a><\/strong>, por meio da Secretaria Municipal de Habita\u00e7\u00e3o, est\u00e1 convocando os candidatos selecionados para o Programa Minha Casa, Minha Vida (PMCMV) a comparecerem na data e hor\u00e1rio indicados em seus respectivos agendamentos, que est\u00e3o disponibilizados em arquivos separados conforme cada residencial. O comparecimento deve ocorrer na sede da <strong>Secretaria de Habita\u00e7\u00e3o<\/strong>, <strong>localizada na Avenida Senhor dos Passos, n\u00ba 212, em frente ao Col\u00e9gio Padre Ov\u00eddio.<\/strong><\/p>\n<p>\u00c9 fundamental que os convocados consultem <strong>o link correspondente ao seu residencial<\/strong> para verificar a <strong>data exata do atendimento<\/strong>, e compare\u00e7am com toda a <strong>documenta\u00e7\u00e3o exigida<\/strong> no processo seletivo. O n\u00e3o comparecimento implica desist\u00eancia do processo, salvo em caso de justificativa comprovada, com prazo m\u00e1ximo de 10 dias ap\u00f3s a data marcada.<\/p>\n<p>A apresenta\u00e7\u00e3o dos documentos tem como objetivo comprovar as informa\u00e7\u00f5es prestadas no momento da inscri\u00e7\u00e3o. Aqueles que comparecerem, mas estiverem com a documenta\u00e7\u00e3o incompleta, ter\u00e3o at\u00e9 20 dias para regularizar a situa\u00e7\u00e3o. Ap\u00f3s esse per\u00edodo, caso n\u00e3o retornem ou ainda estejam com pend\u00eancias, ser\u00e3o exclu\u00eddos do processo atual.<\/p>\n<p><strong>Confira abaixo os links de cada residencial com os nomes dos convocados e suas respectivas datas de agendamento:<\/strong><\/p>\n<ul class=\"wp-block-list\">\n<li><strong>Residencial Vivendas Panorama I<\/strong> \u2013 200 unidades \u2013 Bairro Liberdade<br \/><a class=\"\" href=\"https:\/\/diariooficial.feiradesantana.ba.gov.br\/atos\/executivo\/anexos\/3278183024.%20PANORAMA%20I.pdf\">Lista de convocados e datas de agendamento<\/a><\/li>\n<li><strong>Residencial Vivendas Panorama II<\/strong> \u2013 200 unidades \u2013 Bairro Liberdade<br \/><a class=\"\" href=\"https:\/\/diariooficial.feiradesantana.ba.gov.br\/atos\/executivo\/anexos\/32781830105.%20PANORAMA%20II.pdf\">Lista de convocados e datas de agendamento<\/a><\/li>\n<li><strong>Residencial Rio de Janeiro I<\/strong> \u2013 286 unidades \u2013 Bairro Gabriela<br \/><a class=\"\" href=\"https:\/\/diariooficial.feiradesantana.ba.gov.br\/atos\/executivo\/anexos\/32781829472.%20RESIDENCIAL%20RIO%20DE%20JANEIRO%20I.pdf\">Lista de convocados e datas de agendamento<\/a><\/li>\n<li><strong>Residencial Rio de Janeiro II<\/strong> \u2013 226 unidades \u2013 Bairro Gabriela<br \/><a class=\"\" href=\"https:\/\/diariooficial.feiradesantana.ba.gov.br\/atos\/executivo\/anexos\/32781829472.%20RESIDENCIAL%20RIO%20DE%20JANEIRO%20I.pdf\">Lista de convocados e datas de agendamento<\/a><\/li>\n<li><strong>Residencial Parque Sabi\u00e1<\/strong> \u2013 192 unidades \u2013 Bairro Pedra Ferrada<br \/><a class=\"\" href=\"https:\/\/diariooficial.feiradesantana.ba.gov.br\/atos\/executivo\/anexos\/32781830298.%20PARQUE%20SABI%C3%81.pdf\">Lista de convocados e datas de agendamento<\/a><\/li>\n<li><strong>Residencial Parque das Cam\u00e9lias I<\/strong> \u2013 300 unidades \u2013 Bairro Lagoa do Sub\u00e1e<br \/><a class=\"\" href=\"https:\/\/diariooficial.feiradesantana.ba.gov.br\/atos\/executivo\/anexos\/32781830166.%20PARQUE%20DAS%20CAM%C3%89LIAS%20I.pdf\">Lista de convocados e datas de agendamento<\/a><\/li>\n<li><strong>Residencial Parque das Cam\u00e9lias II<\/strong> \u2013 300 unidades \u2013 Bairro Lagoa do Sub\u00e1e<br \/><a class=\"\" href=\"https:\/\/diariooficial.feiradesantana.ba.gov.br\/atos\/executivo\/anexos\/32781830237.%20PARQUE%20DAS%20CAM%C3%89LIAS%20II.pdf\">Lista de convocados e datas de agendamento<\/a><\/li>\n<li><strong>Residencial Lagoa Encantada<\/strong> \u2013 257 unidades \u2013 Bairro Campo Limpo<br \/><a class=\"\" href=\"https:\/\/diariooficial.feiradesantana.ba.gov.br\/atos\/executivo\/anexos\/32781829381.%20LAGOA%20ENCANTADA%20I.pdf\">Lista de convocados e datas de agendamento<\/a><\/li>\n<\/ul>\n<h3 class=\"wp-block-heading\" id=\"h-documentos-obrigatorios-para-o-programa-minha-casa-minha-vida\">Documentos obrigat\u00f3rios para o programa Minha Casa, Minha Vida:<\/h3>\n<ol class=\"wp-block-list\">\n<li><strong>Documento de identifica\u00e7\u00e3o oficial com foto e filia\u00e7\u00e3o<\/strong> (RG, CNH, etc.)<\/li>\n<li><strong>CPF<\/strong> ou documento que contenha o n\u00famero do CPF<\/li>\n<li><strong>Comprovante de estado civil<\/strong>, conforme a situa\u00e7\u00e3o:\n<ul class=\"wp-block-list\">\n<li>Certid\u00e3o de casamento<\/li>\n<li>Certid\u00e3o com averba\u00e7\u00e3o de separa\u00e7\u00e3o ou div\u00f3rcio<\/li>\n<li>Certid\u00e3o de \u00f3bito (em caso de viuvez)<\/li>\n<\/ul>\n<\/li>\n<li><strong>Declara\u00e7\u00e3o de uni\u00e3o est\u00e1vel<\/strong>, se for o caso<\/li>\n<li><strong>Procura\u00e7\u00e3o registrada em cart\u00f3rio<\/strong>, caso o candidato seja representado por terceiros<\/li>\n<li><strong>Atestado m\u00e9dico com CID<\/strong>, para pessoas com defici\u00eancia<\/li>\n<li><strong>Laudo m\u00e9dico atualizado<\/strong>, em caso de c\u00e2ncer, doen\u00e7as raras ou cr\u00f4nicas<\/li>\n<li><strong>Folha resumo atualizada do Cad\u00danico<\/strong><\/li>\n<li><strong>Comprovante de resid\u00eancia recente<\/strong> (at\u00e9 90 dias)<\/li>\n<\/ol>\n<h3 class=\"wp-block-heading\" id=\"h-documentacao-complementar-conforme-o-caso\">Documenta\u00e7\u00e3o complementar (conforme o caso):<\/h3>\n<ul class=\"wp-block-list\">\n<li><strong>Casados ou em uni\u00e3o est\u00e1vel<\/strong>: presen\u00e7a obrigat\u00f3ria do c\u00f4njuge, ambos com todos os documentos;<\/li>\n<li><strong>Separados ou divorciados<\/strong>: certid\u00e3o de casamento com averba\u00e7\u00e3o;<\/li>\n<li><strong>Casamento com separa\u00e7\u00e3o total de bens<\/strong>: certid\u00e3o e contrato antinupcial;<\/li>\n<li><strong>Vi\u00favos<\/strong>: certid\u00e3o de casamento e de \u00f3bito do c\u00f4njuge;<\/li>\n<li><strong>Com filhos<\/strong>: certid\u00f5es de nascimento das crian\u00e7as;<\/li>\n<li><strong>Fam\u00edlias em \u00e1rea de risco, insalubridade ou desabrigadas<\/strong>: declara\u00e7\u00e3o da Defesa Civil;<\/li>\n<li><strong>Fam\u00edlias em situa\u00e7\u00e3o de rua<\/strong>: declara\u00e7\u00e3o de institui\u00e7\u00e3o p\u00fablica ou privada que comprove o acompanhamento socioassistencial.<\/li>\n<\/ul>\n<p><strong>Leia tamb\u00e9m: <a href=\"https:\/\/www.acordacidade.com.br\/feira-de-santana\/prefeitura-divulga-convocacao-para-etapa-de-entrega-de-documentos-para-o-minha-casa-minha-vida-confira\/\">Prefeitura divulga convoca\u00e7\u00e3o para etapa de entrega de documentos para o Minha Casa, Minha Vida; confira<\/a><\/strong><\/p>\n<p><em>Siga o Acorda Cidade no<\/em><a href=\"https:\/\/news.google.com\/search?q=acorda%20cidade&amp;hl=pt-BR&amp;gl=BR&amp;ceid=BR%3Apt-419\"><strong><em>\u00a0Google Not\u00edcias<\/em><\/strong><\/a><em>\u00a0e receba os principais destaques do dia. Participe tamb\u00e9m dos nossos canais no\u00a0<\/em><a href=\"https:\/\/www.whatsapp.com\/channel\/0029Va6Rb4v3WHTNnsh8WI3N\"><strong><em>WhatsApp<\/em><\/strong><\/a><em>\u00a0e\u00a0<\/em><a href=\"https:\/\/www.youtube.com\/@acordacidadenoticias\/videos\"><strong>YouTube<\/strong><\/a><em>\u00a0e grupo de\u00a0<\/em><a href=\"https:\/\/t.me\/+sSz0khrgARA0ZmRh\"><strong><em>Telegram<\/em><\/strong><\/a><em>.<\/em><\/p>\n<\/div>\n","protected":false},"excerpt":{"rendered":"<div>\n<div>\n<figure><img decoding=\"async\" src=\"https:\/\/uploads.acordacidade.com.br\/2025\/04\/MCMV-Minha-Casa-Minha-Vida-foto-Foto-Aescom-MCid.jpg\" alt=\"MCMV Minha Casa Minha Vida\"><figcaption>Foto: Aescom MCid<\/figcaption><\/figure>\n<\/div>\n<p>O comparecimento deve ocorrer na sede da Secretaria de Habita\u00e7\u00e3o, localizada na Avenida Senhor dos Passos, n\u00ba 212, em frente ao Col\u00e9gio Padre Ov\u00eddio.<\/p><\/div>\n","protected":false},"author":1,"featured_media":92088,"comment_status":"closed","ping_status":"closed","sticky":false,"template":"","format":"gallery","meta":{"footnotes":""},"categories":[8,9,6,57,56,10],"tags":[],"class_list":["post-92087","post","type-post","status-publish","format-gallery","has-post-thumbnail","hentry","category-bahia","category-brasil","category-feira-de-santana","category-mundo","category-policia","category-politica","post_format-post-format-gallery"],"featured_image_urls":{"full":["https:\/\/noticiasbahia360.com.br\/wp-content\/uploads\/2025\/07\/MCMV-Minha-Casa-Minha-Vida-foto-Foto-Aescom-MCid.jpg",1200,694,false],"thumbnail":["https:\/\/noticiasbahia360.com.br\/wp-content\/uploads\/2025\/07\/MCMV-Minha-Casa-Minha-Vida-foto-Foto-Aescom-MCid-150x150.jpg",150,150,true],"medium":["https:\/\/noticiasbahia360.com.br\/wp-content\/uploads\/2025\/07\/MCMV-Minha-Casa-Minha-Vida-foto-Foto-Aescom-MCid-300x174.jpg",300,174,true],"medium_large":["https:\/\/noticiasbahia360.com.br\/wp-content\/uploads\/2025\/07\/MCMV-Minha-Casa-Minha-Vida-foto-Foto-Aescom-MCid-768x444.jpg",640,370,true],"large":["https:\/\/noticiasbahia360.com.br\/wp-content\/uploads\/2025\/07\/MCMV-Minha-Casa-Minha-Vida-foto-Foto-Aescom-MCid-1024x592.jpg",640,370,true],"1536x1536":["https:\/\/noticiasbahia360.com.br\/wp-content\/uploads\/2025\/07\/MCMV-Minha-Casa-Minha-Vida-foto-Foto-Aescom-MCid.jpg",1200,694,false],"2048x2048":["https:\/\/noticiasbahia360.com.br\/wp-content\/uploads\/2025\/07\/MCMV-Minha-Casa-Minha-Vida-foto-Foto-Aescom-MCid.jpg",1200,694,false],"chromenews-featured":["https:\/\/noticiasbahia360.com.br\/wp-content\/uploads\/2025\/07\/MCMV-Minha-Casa-Minha-Vida-foto-Foto-Aescom-MCid-1024x592.jpg",1024,592,true],"chromenews-large":["https:\/\/noticiasbahia360.com.br\/wp-content\/uploads\/2025\/07\/MCMV-Minha-Casa-Minha-Vida-foto-Foto-Aescom-MCid-825x575.jpg",825,575,true],"chromenews-medium":["https:\/\/noticiasbahia360.com.br\/wp-content\/uploads\/2025\/07\/MCMV-Minha-Casa-Minha-Vida-foto-Foto-Aescom-MCid-590x410.jpg",590,410,true]},"author_info":{"display_name":"noticiasbahia360.com.br","author_link":"https:\/\/noticiasbahia360.com.br\/?author=1"},"category_info":"<a href=\"https:\/\/noticiasbahia360.com.br\/?cat=8\" rel=\"category\">Bahia<\/a> <a href=\"https:\/\/noticiasbahia360.com.br\/?cat=9\" rel=\"category\">Brasil<\/a> <a href=\"https:\/\/noticiasbahia360.com.br\/?cat=6\" rel=\"category\">Feira de Santana<\/a> <a href=\"https:\/\/noticiasbahia360.com.br\/?cat=57\" rel=\"category\">Mundo<\/a> <a href=\"https:\/\/noticiasbahia360.com.br\/?cat=56\" rel=\"category\">Pol\u00edcia<\/a> <a href=\"https:\/\/noticiasbahia360.com.br\/?cat=10\" rel=\"category\">Pol\u00edtica<\/a>","tag_info":"Pol\u00edtica","comment_count":"0","_links":{"self":[{"href":"https:\/\/noticiasbahia360.com.br\/index.php?rest_route=\/wp\/v2\/posts\/92087","targetHints":{"allow":["GET"]}}],"collection":[{"href":"https:\/\/noticiasbahia360.com.br\/index.php?rest_route=\/wp\/v2\/posts"}],"about":[{"href":"https:\/\/noticiasbahia360.com.br\/index.php?rest_route=\/wp\/v2\/types\/post"}],"author":[{"embeddable":true,"href":"https:\/\/noticiasbahia360.com.br\/index.php?rest_route=\/wp\/v2\/users\/1"}],"replies":[{"embeddable":true,"href":"https:\/\/noticiasbahia360.com.br\/index.php?rest_route=%2Fwp%2Fv2%2Fcomments&post=92087"}],"version-history":[{"count":0,"href":"https:\/\/noticiasbahia360.com.br\/index.php?rest_route=\/wp\/v2\/posts\/92087\/revisions"}],"wp:featuredmedia":[{"embeddable":true,"href":"https:\/\/noticiasbahia360.com.br\/index.php?rest_route=\/wp\/v2\/media\/92088"}],"wp:attachment":[{"href":"https:\/\/noticiasbahia360.com.br\/index.php?rest_route=%2Fwp%2Fv2%2Fmedia&parent=92087"}],"wp:term":[{"taxonomy":"category","embeddable":true,"href":"https:\/\/noticiasbahia360.com.br\/index.php?rest_route=%2Fwp%2Fv2%2Fcategories&post=92087"},{"taxonomy":"post_tag","embeddable":true,"href":"https:\/\/noticiasbahia360.com.br\/index.php?rest_route=%2Fwp%2Fv2%2Ftags&post=92087"}],"curies":[{"name":"wp","href":"https:\/\/api.w.org\/{rel}","templated":true}]}} 