{"id":92089,"date":"2025-07-04T14:30:37","date_gmt":"2025-07-04T17:30:37","guid":{"rendered":"https:\/\/noticiasbahia360.com.br\/?p=92089"},"modified":"2025-07-04T14:30:37","modified_gmt":"2025-07-04T17:30:37","slug":"nova-universidade-federal-em-feira-oab-participa-de-1-encontro-da-comissao-especial","status":"publish","type":"post","link":"https:\/\/noticiasbahia360.com.br\/?p=92089","title":{"rendered":"Nova universidade Federal em Feira: OAB participa de 1\u00b0 encontro da Comiss\u00e3o Especial"},"content":{"rendered":"<div>\n<div>\n<figure><img decoding=\"async\" src=\"http:\/\/noticiasbahia360.com.br\/wp-content\/uploads\/2025\/07\/Comissao-Especial-da-OAB.webp\" alt=\"Comiss\u00e3o Especial da OAB\"><figcaption>Foto: Divulga\u00e7\u00e3o<\/figcaption><\/figure>\n<\/div>\n<p>\u201cA cria\u00e7\u00e3o de uma universidade federal em Feira de Santana representa um passo fundamental para a interioriza\u00e7\u00e3o do ensino p\u00fablico de qualidade e para o fortalecimento do desenvolvimento social, econ\u00f4mico e humano da nossa regi\u00e3o\u201d. A afirma\u00e7\u00e3o \u00e9 da tesoureira da OAB Subse\u00e7\u00e3o Feira de Santana, L\u00edsian Motta, que participou do primeiro encontro da Comiss\u00e3o Especial, designada pela Ordem de Servi\u00e7o n\u00ba 54 de 30 de maio de 2025, ocorrida na manh\u00e3 desta sexta-feira (4), na UFRB (Universidade Federal do Rec\u00f4ncavo da Bahia), campus Cetens.<\/p>\n<p>A comiss\u00e3o especial foi criada conforme o artigo 1\u00ba da Ordem de Servi\u00e7o, \u201cque estabelece a forma\u00e7\u00e3o da comiss\u00e3o respons\u00e1vel pela elabora\u00e7\u00e3o da proposta de cria\u00e7\u00e3o de uma nova Universidade Federal, com sede em Feira de Santana, composta por membros internos e externos \u00e0 comunidade acad\u00eamica do Cetens\/UFRB.<\/p>\n<figure class=\"wp-block-image size-large\"><img fetchpriority=\"high\" data-dominant-color=\"76716d\" data-has-transparency=\"false\" style=\"--dominant-color: #76716d;\" fetchpriority=\"high\" decoding=\"async\" width=\"1041\" height=\"768\" sizes=\"(max-width: 1041px) 100vw, 1041px\" src=\"http:\/\/noticiasbahia360.com.br\/wp-content\/uploads\/2025\/07\/Comissao-Especial-da-OAB-1041x768-1.webp\" alt=\"Comiss\u00e3o Especial da OAB\" class=\"wp-image-571491 not-transparent\" srcset=\"https:\/\/uploads.acordacidade.com.br\/2025\/07\/Comissao-Especial-da-OAB--495x365.webp 495w, http:\/\/noticiasbahia360.com.br\/wp-content\/uploads\/2025\/07\/Comissao-Especial-da-OAB-1041x768-1.webp 1041w, https:\/\/uploads.acordacidade.com.br\/2025\/07\/Comissao-Especial-da-OAB--750x553.webp 750w, https:\/\/uploads.acordacidade.com.br\/2025\/07\/Comissao-Especial-da-OAB--150x111.webp 150w, https:\/\/uploads.acordacidade.com.br\/2025\/07\/Comissao-Especial-da-OAB-.webp 1200w\"><figcaption class=\"wp-element-caption\">Foto: Divulga\u00e7\u00e3o<\/figcaption><\/figure>\n<p>Vale ressaltar que Feira de Santana j\u00e1 abriga a Uefs (Universidade Estadual de Feira de Santana), institui\u00e7\u00e3o considerada de excel\u00eancia, mas a demanda crescente por vagas e por novos cursos revela a urg\u00eancia de ampliar o acesso.<\/p>\n<p>\u201cPara al\u00e9m disso, ter mais uma universidade p\u00fablica com o curso de Direito \u00e9 garantir que mais estudantes, sobretudo aqueles de baixa renda, possam sonhar e realizar, sem precisar sair da cidade ou enfrentar ainda maiores barreiras socioecon\u00f4micas\u201d, enfatiza a tesoureira.<\/p>\n<p>Ela salienta ainda que, uma nova universidade federal trar\u00e1 oportunidades em diversas \u00e1reas do conhecimento \u2013 sa\u00fade, engenharias, tecnologia, educa\u00e7\u00e3o, ci\u00eancias humanas, \u201cfomentando a pesquisa, a inova\u00e7\u00e3o e a forma\u00e7\u00e3o de profissionais preparados para os desafios do Brasil\u201d.<\/p>\n<p>A cria\u00e7\u00e3o de uma nova universidade federal, destaca L\u00edsian, \u201c\u00e9 sobre justi\u00e7a social, \u00e9 sobre democratiza\u00e7\u00e3o do ensino, \u00e9 sobre transformar vidas atrav\u00e9s da educa\u00e7\u00e3o p\u00fablica, gratuita e de qualidade. Feira de Santana merece esse avan\u00e7o.\u201d, acredita.<\/p>\n<p><em>Siga o Acorda Cidade no<\/em><a href=\"https:\/\/news.google.com\/search?q=acorda%20cidade&amp;hl=pt-BR&amp;gl=BR&amp;ceid=BR%3Apt-419\"><strong><em> Google Not\u00edcias<\/em><\/strong><\/a><em> e receba os principais destaques do dia. Participe tamb\u00e9m dos nossos canais no <\/em><a href=\"https:\/\/www.whatsapp.com\/channel\/0029Va6Rb4v3WHTNnsh8WI3N\"><strong><em>WhatsApp<\/em><\/strong><\/a><em> e <\/em><a href=\"https:\/\/www.youtube.com\/@acordacidadenoticias\/videos\"><strong>Youtube<\/strong><\/a><em> e grupo de <\/em><a href=\"https:\/\/t.me\/+sSz0khrgARA0ZmRh\"><strong><em>Telegram<\/em><\/strong><\/a><em>.<\/em><\/p>\n<\/div>\n","protected":false},"excerpt":{"rendered":"<div>\n<div>\n<figure><img decoding=\"async\" src=\"https:\/\/uploads.acordacidade.com.br\/2025\/07\/Comissao-Especial-da-OAB.webp\" alt=\"Comiss\u00e3o Especial da OAB\"><figcaption>Foto: Divulga\u00e7\u00e3o<\/figcaption><\/figure>\n<\/div>\n<p>Vale ressaltar que Feira j\u00e1 abriga a Uefs, universidade considerada de excel\u00eancia, mas a demanda crescente por vagas e por novos cursos.<\/p><\/div>\n","protected":false},"author":1,"featured_media":92090,"comment_status":"closed","ping_status":"closed","sticky":false,"template":"","format":"gallery","meta":{"footnotes":""},"categories":[8,9,6,57,56,10],"tags":[],"class_list":["post-92089","post","type-post","status-publish","format-gallery","has-post-thumbnail","hentry","category-bahia","category-brasil","category-feira-de-santana","category-mundo","category-policia","category-politica","post_format-post-format-gallery"],"featured_image_urls":{"full":["https:\/\/noticiasbahia360.com.br\/wp-content\/uploads\/2025\/07\/Comissao-Especial-da-OAB.webp",1200,706,false],"thumbnail":["https:\/\/noticiasbahia360.com.br\/wp-content\/uploads\/2025\/07\/Comissao-Especial-da-OAB-150x150.webp",150,150,true],"medium":["https:\/\/noticiasbahia360.com.br\/wp-content\/uploads\/2025\/07\/Comissao-Especial-da-OAB-300x177.webp",300,177,true],"medium_large":["https:\/\/noticiasbahia360.com.br\/wp-content\/uploads\/2025\/07\/Comissao-Especial-da-OAB-768x452.webp",640,377,true],"large":["https:\/\/noticiasbahia360.com.br\/wp-content\/uploads\/2025\/07\/Comissao-Especial-da-OAB-1024x602.webp",640,376,true],"1536x1536":["https:\/\/noticiasbahia360.com.br\/wp-content\/uploads\/2025\/07\/Comissao-Especial-da-OAB.webp",1200,706,false],"2048x2048":["https:\/\/noticiasbahia360.com.br\/wp-content\/uploads\/2025\/07\/Comissao-Especial-da-OAB.webp",1200,706,false],"chromenews-featured":["https:\/\/noticiasbahia360.com.br\/wp-content\/uploads\/2025\/07\/Comissao-Especial-da-OAB-1024x602.webp",1024,602,true],"chromenews-large":["https:\/\/noticiasbahia360.com.br\/wp-content\/uploads\/2025\/07\/Comissao-Especial-da-OAB-825x575.webp",825,575,true],"chromenews-medium":["https:\/\/noticiasbahia360.com.br\/wp-content\/uploads\/2025\/07\/Comissao-Especial-da-OAB-590x410.webp",590,410,true]},"author_info":{"display_name":"noticiasbahia360.com.br","author_link":"https:\/\/noticiasbahia360.com.br\/?author=1"},"category_info":"<a href=\"https:\/\/noticiasbahia360.com.br\/?cat=8\" rel=\"category\">Bahia<\/a> <a href=\"https:\/\/noticiasbahia360.com.br\/?cat=9\" rel=\"category\">Brasil<\/a> <a href=\"https:\/\/noticiasbahia360.com.br\/?cat=6\" rel=\"category\">Feira de Santana<\/a> <a href=\"https:\/\/noticiasbahia360.com.br\/?cat=57\" rel=\"category\">Mundo<\/a> <a href=\"https:\/\/noticiasbahia360.com.br\/?cat=56\" rel=\"category\">Pol\u00edcia<\/a> <a href=\"https:\/\/noticiasbahia360.com.br\/?cat=10\" rel=\"category\">Pol\u00edtica<\/a>","tag_info":"Pol\u00edtica","comment_count":"0","_links":{"self":[{"href":"https:\/\/noticiasbahia360.com.br\/index.php?rest_route=\/wp\/v2\/posts\/92089","targetHints":{"allow":["GET"]}}],"collection":[{"href":"https:\/\/noticiasbahia360.com.br\/index.php?rest_route=\/wp\/v2\/posts"}],"about":[{"href":"https:\/\/noticiasbahia360.com.br\/index.php?rest_route=\/wp\/v2\/types\/post"}],"author":[{"embeddable":true,"href":"https:\/\/noticiasbahia360.com.br\/index.php?rest_route=\/wp\/v2\/users\/1"}],"replies":[{"embeddable":true,"href":"https:\/\/noticiasbahia360.com.br\/index.php?rest_route=%2Fwp%2Fv2%2Fcomments&post=92089"}],"version-history":[{"count":0,"href":"https:\/\/noticiasbahia360.com.br\/index.php?rest_route=\/wp\/v2\/posts\/92089\/revisions"}],"wp:featuredmedia":[{"embeddable":true,"href":"https:\/\/noticiasbahia360.com.br\/index.php?rest_route=\/wp\/v2\/media\/92090"}],"wp:attachment":[{"href":"https:\/\/noticiasbahia360.com.br\/index.php?rest_route=%2Fwp%2Fv2%2Fmedia&parent=92089"}],"wp:term":[{"taxonomy":"category","embeddable":true,"href":"https:\/\/noticiasbahia360.com.br\/index.php?rest_route=%2Fwp%2Fv2%2Fcategories&post=92089"},{"taxonomy":"post_tag","embeddable":true,"href":"https:\/\/noticiasbahia360.com.br\/index.php?rest_route=%2Fwp%2Fv2%2Ftags&post=92089"}],"curies":[{"name":"wp","href":"https:\/\/api.w.org\/{rel}","templated":true}]}}