{"id":92098,"date":"2025-07-04T14:36:47","date_gmt":"2025-07-04T17:36:47","guid":{"rendered":"https:\/\/noticiasbahia360.com.br\/?p=92098"},"modified":"2025-07-04T14:36:47","modified_gmt":"2025-07-04T17:36:47","slug":"morador-reivindica-piso-novo-para-trecho-da-avenida-fraga-maia","status":"publish","type":"post","link":"https:\/\/noticiasbahia360.com.br\/?p=92098","title":{"rendered":"Morador reivindica piso novo para trecho da Avenida Fraga Maia"},"content":{"rendered":"<div>\n<div>\n<figure><img decoding=\"async\" src=\"http:\/\/noticiasbahia360.com.br\/wp-content\/uploads\/2025\/07\/avfragamaia_irregularidades_piso_foto_paulojose.jpg\" alt=\"Avenida Fraga Maia, piso irregular\"><figcaption>Foto: Paulo Jos\u00e9<\/figcaption><\/figure>\n<\/div>\n<p>Na Avenida Francisco Fraga Maia em <a href=\"https:\/\/www.acordacidade.com.br\/tag\/feira-de-santana\/\">Feira de Santana<\/a>, a situa\u00e7\u00e3o do pavimento de um trecho da via preocupa quem transita frequentemente pela regi\u00e3o.\u00a0Nossa equipe de reportagem foi acionada por um morador da regi\u00e3o para falar sobre o assunto. <\/p>\n<p>Segundo Enderson Vicente que reside em uma das ruas transversais da avenida, o trecho fica em frente a uma academia de Crossfit. Ao longo de cerca de 200m, o piso frequentemente cede causando buracos que dificultam a locomo\u00e7\u00e3o.<\/p>\n<p>Enderson j\u00e1 procurou ve\u00edculos de imprensa antes para falar sobre os buracos, ele explica que a prefeitura realiza consertos paliativos, mas basta uma m\u00ednima quantidade de chuva para o piso ficar irregular.<\/p>\n<p>\u201cQuando chove, com pouco tempo, esse buraco abre novamente. A minha reivindica\u00e7\u00e3o \u00e9 um piso novo. Inclusive, eu quero destacar que esse asfalto aqui, quem colocou foi um condom\u00ednio h\u00e1 muitos anos atr\u00e1s, porque aqui era estrada de ch\u00e3o.\u201d<\/p>\n<p>Para o entrevistado a solu\u00e7\u00e3o \u00e9 a troca desse piso por um com material de melhor qualidade e durabilidade.<\/p>\n<p>No momento os buracos ainda n\u00e3o se formaram por conta dos recentes reparos, no entanto, como indica Enderson, j\u00e1 \u00e9 poss\u00edvel notar as irregularidades do asfalto. O morador teme que\u00a0nas pr\u00f3ximas chuvas a situa\u00e7\u00e3o piore.<\/p>\n<p>\u201cTem que colocar um asfalto de qualidade. A gente j\u00e1 paga tanto imposto, paga caro, \u00e9 reclama\u00e7\u00e3o di\u00e1ria. Eu moro aqui numa rua transversal mas tamb\u00e9m cabe a mim como cidad\u00e3o fazer essa reclama\u00e7\u00e3o.\u201d, explicou.<\/p>\n<p>O Acorda Cidade entrou em contato com a Superintend\u00eancia de Opera\u00e7\u00f5es e Manuten\u00e7\u00f5es (SOMA) e aguarda retorno.<\/p>\n<p><em>Siga o Acorda Cidade no<\/em><a href=\"https:\/\/news.google.com\/search?q=acorda%20cidade&amp;hl=pt-BR&amp;gl=BR&amp;ceid=BR%3Apt-419\"><strong><em> Google Not\u00edcias<\/em><\/strong><\/a><em> e receba os principais destaques do dia. Participe tamb\u00e9m dos nossos canais no <\/em><a href=\"https:\/\/whatsapp.com\/channel\/0029Va6Rb4v3WHTNnsh8WI3N\"><strong><em>WhatsApp<\/em><\/strong><\/a><em> e <\/em><a href=\"https:\/\/www.youtube.com\/@acordacidadenoticias\/videos\"><strong>Youtube<\/strong><\/a><em> e grupo de <\/em><a href=\"https:\/\/t.me\/+sSz0khrgARA0ZmRh\"><strong><em>Telegram<\/em><\/strong><\/a><em>.<\/em><\/p>\n<\/div>\n","protected":false},"excerpt":{"rendered":"<div>\n<div>\n<figure><img decoding=\"async\" src=\"https:\/\/uploads.acordacidade.com.br\/2025\/07\/avfragamaia_irregularidades_piso_foto_paulojose.jpg\" alt=\"Avenida Fraga Maia, piso irregular\"><figcaption>Foto: Paulo Jos\u00e9<\/figcaption><\/figure>\n<\/div>\n<p>Segundo o morador, os reparos paliativos n\u00e3o est\u00e3o durando muito tempo, e o piso come\u00e7a a ceder causando buracos<\/p><\/div>\n","protected":false},"author":1,"featured_media":92099,"comment_status":"closed","ping_status":"closed","sticky":false,"template":"","format":"gallery","meta":{"footnotes":""},"categories":[8,9,6,57,56,10],"tags":[],"class_list":["post-92098","post","type-post","status-publish","format-gallery","has-post-thumbnail","hentry","category-bahia","category-brasil","category-feira-de-santana","category-mundo","category-policia","category-politica","post_format-post-format-gallery"],"featured_image_urls":{"full":["https:\/\/noticiasbahia360.com.br\/wp-content\/uploads\/2025\/07\/avfragamaia_irregularidades_piso_foto_paulojose.jpg",1200,554,false],"thumbnail":["https:\/\/noticiasbahia360.com.br\/wp-content\/uploads\/2025\/07\/avfragamaia_irregularidades_piso_foto_paulojose-150x150.jpg",150,150,true],"medium":["https:\/\/noticiasbahia360.com.br\/wp-content\/uploads\/2025\/07\/avfragamaia_irregularidades_piso_foto_paulojose-300x139.jpg",300,139,true],"medium_large":["https:\/\/noticiasbahia360.com.br\/wp-content\/uploads\/2025\/07\/avfragamaia_irregularidades_piso_foto_paulojose-768x355.jpg",640,296,true],"large":["https:\/\/noticiasbahia360.com.br\/wp-content\/uploads\/2025\/07\/avfragamaia_irregularidades_piso_foto_paulojose-1024x473.jpg",640,296,true],"1536x1536":["https:\/\/noticiasbahia360.com.br\/wp-content\/uploads\/2025\/07\/avfragamaia_irregularidades_piso_foto_paulojose.jpg",1200,554,false],"2048x2048":["https:\/\/noticiasbahia360.com.br\/wp-content\/uploads\/2025\/07\/avfragamaia_irregularidades_piso_foto_paulojose.jpg",1200,554,false],"chromenews-featured":["https:\/\/noticiasbahia360.com.br\/wp-content\/uploads\/2025\/07\/avfragamaia_irregularidades_piso_foto_paulojose-1024x473.jpg",1024,473,true],"chromenews-large":["https:\/\/noticiasbahia360.com.br\/wp-content\/uploads\/2025\/07\/avfragamaia_irregularidades_piso_foto_paulojose-825x554.jpg",825,554,true],"chromenews-medium":["https:\/\/noticiasbahia360.com.br\/wp-content\/uploads\/2025\/07\/avfragamaia_irregularidades_piso_foto_paulojose-590x410.jpg",590,410,true]},"author_info":{"display_name":"noticiasbahia360.com.br","author_link":"https:\/\/noticiasbahia360.com.br\/?author=1"},"category_info":"<a href=\"https:\/\/noticiasbahia360.com.br\/?cat=8\" rel=\"category\">Bahia<\/a> <a href=\"https:\/\/noticiasbahia360.com.br\/?cat=9\" rel=\"category\">Brasil<\/a> <a href=\"https:\/\/noticiasbahia360.com.br\/?cat=6\" rel=\"category\">Feira de Santana<\/a> <a href=\"https:\/\/noticiasbahia360.com.br\/?cat=57\" rel=\"category\">Mundo<\/a> <a href=\"https:\/\/noticiasbahia360.com.br\/?cat=56\" rel=\"category\">Pol\u00edcia<\/a> <a href=\"https:\/\/noticiasbahia360.com.br\/?cat=10\" rel=\"category\">Pol\u00edtica<\/a>","tag_info":"Pol\u00edtica","comment_count":"0","_links":{"self":[{"href":"https:\/\/noticiasbahia360.com.br\/index.php?rest_route=\/wp\/v2\/posts\/92098","targetHints":{"allow":["GET"]}}],"collection":[{"href":"https:\/\/noticiasbahia360.com.br\/index.php?rest_route=\/wp\/v2\/posts"}],"about":[{"href":"https:\/\/noticiasbahia360.com.br\/index.php?rest_route=\/wp\/v2\/types\/post"}],"author":[{"embeddable":true,"href":"https:\/\/noticiasbahia360.com.br\/index.php?rest_route=\/wp\/v2\/users\/1"}],"replies":[{"embeddable":true,"href":"https:\/\/noticiasbahia360.com.br\/index.php?rest_route=%2Fwp%2Fv2%2Fcomments&post=92098"}],"version-history":[{"count":0,"href":"https:\/\/noticiasbahia360.com.br\/index.php?rest_route=\/wp\/v2\/posts\/92098\/revisions"}],"wp:featuredmedia":[{"embeddable":true,"href":"https:\/\/noticiasbahia360.com.br\/index.php?rest_route=\/wp\/v2\/media\/92099"}],"wp:attachment":[{"href":"https:\/\/noticiasbahia360.com.br\/index.php?rest_route=%2Fwp%2Fv2%2Fmedia&parent=92098"}],"wp:term":[{"taxonomy":"category","embeddable":true,"href":"https:\/\/noticiasbahia360.com.br\/index.php?rest_route=%2Fwp%2Fv2%2Fcategories&post=92098"},{"taxonomy":"post_tag","embeddable":true,"href":"https:\/\/noticiasbahia360.com.br\/index.php?rest_route=%2Fwp%2Fv2%2Ftags&post=92098"}],"curies":[{"name":"wp","href":"https:\/\/api.w.org\/{rel}","templated":true}]}}