{"id":92100,"date":"2025-07-04T14:43:03","date_gmt":"2025-07-04T17:43:03","guid":{"rendered":"https:\/\/noticiasbahia360.com.br\/?p=92100"},"modified":"2025-07-04T14:43:03","modified_gmt":"2025-07-04T17:43:03","slug":"festa-do-vaqueiro-rural-eletrica-animara-os-festejos-de-curaca","status":"publish","type":"post","link":"https:\/\/noticiasbahia360.com.br\/?p=92100","title":{"rendered":"Festa do Vaqueiro: Rural El\u00e9trica animar\u00e1 os festejos de Cura\u00e7\u00e1"},"content":{"rendered":"<div>\n<div>\n<figure><img decoding=\"async\" src=\"http:\/\/noticiasbahia360.com.br\/wp-content\/uploads\/2025\/07\/Rural-Eletrica-ft-divulgacao-IA.webp\" alt=\"Rural El\u00e9trica\"><figcaption>Foto: Divulga\u00e7\u00e3o | IA<\/figcaption><\/figure>\n<\/div>\n<p>Durante a <a href=\"https:\/\/www.acordacidade.com.br\/tag\/festa-do-vaqueiro\/\">72\u00aa Festa do Vaqueiro<\/a> de Cura\u00e7\u00e1, que ser\u00e1 realizada entre esta sexta-feira (4) e domingo (6), a Xir\u00ea Produ\u00e7\u00f5es promove a Rural El\u00e9trica, uma a\u00e7\u00e3o m\u00f3vel que leva m\u00fasica e anima\u00e7\u00e3o \u00e0s ruas da cidade. Um carro cenografado e equipado com sistema de som potente circula em diferentes hor\u00e1rios com artistas locais, criando encontros entre moradores, visitantes e a cultura vaqueira.<\/p>\n<p>A Rural El\u00e9trica percorre pontos estrat\u00e9gicos da cidade em tr\u00eas momentos distintos, mantendo o clima festivo ativo mesmo fora do palco principal. A proposta visa ampliar a presen\u00e7a cultural da festa e promover a circula\u00e7\u00e3o da arte popular em espa\u00e7os urbanos.<\/p>\n<p>Com apoio do Governo do Estado da Bahia e da Prefeitura de Cura\u00e7\u00e1, a iniciativa integra uma s\u00e9rie de a\u00e7\u00f5es organizadas pela Xir\u00ea Produ\u00e7\u00f5es para o evento. Outras atividades tamb\u00e9m ser\u00e3o realizadas no circuito principal e \u00e0s margens do Rio S\u00e3o Francisco, incluindo apresenta\u00e7\u00f5es de DJs e uma exibi\u00e7\u00e3o de jet ski.<\/p>\n<p><em>Siga o Acorda Cidade no<\/em><a href=\"https:\/\/news.google.com\/search?q=acorda%20cidade&amp;hl=pt-BR&amp;gl=BR&amp;ceid=BR%3Apt-419\"><strong><em>\u00a0Google Not\u00edcias<\/em><\/strong><\/a><em>\u00a0e receba os principais destaques do dia. Participe tamb\u00e9m dos nossos canais no\u00a0<\/em><a href=\"https:\/\/whatsapp.com\/channel\/0029Va6Rb4v3WHTNnsh8WI3N\"><strong><em>WhatsApp<\/em><\/strong><\/a><em>\u00a0e\u00a0<\/em><a href=\"https:\/\/www.youtube.com\/@acordacidadenoticias\/videos\"><strong>Youtube<\/strong><\/a><em>\u00a0e grupo de\u00a0<\/em><a href=\"https:\/\/t.me\/+sSz0khrgARA0ZmRh\"><strong><em>Telegram<\/em><\/strong><\/a><em>.<\/em><\/p>\n<\/div>\n","protected":false},"excerpt":{"rendered":"<div>\n<div>\n<figure><img decoding=\"async\" src=\"https:\/\/uploads.acordacidade.com.br\/2025\/07\/Rural-Eletrica-ft-divulgacao-IA.webp\" alt=\"Rural El\u00e9trica\"><figcaption>Foto: Divulga\u00e7\u00e3o | IA<\/figcaption><\/figure>\n<\/div>\n<p>A Rural El\u00e9trica percorre pontos da cidade em tr\u00eas momentos distintos, mantendo o clima festivo ativo mesmo fora do palco principal.<\/p><\/div>\n","protected":false},"author":1,"featured_media":92101,"comment_status":"closed","ping_status":"closed","sticky":false,"template":"","format":"gallery","meta":{"footnotes":""},"categories":[8,9,6,57,56,10],"tags":[],"class_list":["post-92100","post","type-post","status-publish","format-gallery","has-post-thumbnail","hentry","category-bahia","category-brasil","category-feira-de-santana","category-mundo","category-policia","category-politica","post_format-post-format-gallery"],"featured_image_urls":{"full":["https:\/\/noticiasbahia360.com.br\/wp-content\/uploads\/2025\/07\/Rural-Eletrica-ft-divulgacao-IA.webp",1200,972,false],"thumbnail":["https:\/\/noticiasbahia360.com.br\/wp-content\/uploads\/2025\/07\/Rural-Eletrica-ft-divulgacao-IA-150x150.webp",150,150,true],"medium":["https:\/\/noticiasbahia360.com.br\/wp-content\/uploads\/2025\/07\/Rural-Eletrica-ft-divulgacao-IA-300x243.webp",300,243,true],"medium_large":["https:\/\/noticiasbahia360.com.br\/wp-content\/uploads\/2025\/07\/Rural-Eletrica-ft-divulgacao-IA-768x622.webp",640,518,true],"large":["https:\/\/noticiasbahia360.com.br\/wp-content\/uploads\/2025\/07\/Rural-Eletrica-ft-divulgacao-IA-1024x829.webp",640,518,true],"1536x1536":["https:\/\/noticiasbahia360.com.br\/wp-content\/uploads\/2025\/07\/Rural-Eletrica-ft-divulgacao-IA.webp",1200,972,false],"2048x2048":["https:\/\/noticiasbahia360.com.br\/wp-content\/uploads\/2025\/07\/Rural-Eletrica-ft-divulgacao-IA.webp",1200,972,false],"chromenews-featured":["https:\/\/noticiasbahia360.com.br\/wp-content\/uploads\/2025\/07\/Rural-Eletrica-ft-divulgacao-IA-1024x829.webp",1024,829,true],"chromenews-large":["https:\/\/noticiasbahia360.com.br\/wp-content\/uploads\/2025\/07\/Rural-Eletrica-ft-divulgacao-IA-825x575.webp",825,575,true],"chromenews-medium":["https:\/\/noticiasbahia360.com.br\/wp-content\/uploads\/2025\/07\/Rural-Eletrica-ft-divulgacao-IA-590x410.webp",590,410,true]},"author_info":{"display_name":"noticiasbahia360.com.br","author_link":"https:\/\/noticiasbahia360.com.br\/?author=1"},"category_info":"<a href=\"https:\/\/noticiasbahia360.com.br\/?cat=8\" rel=\"category\">Bahia<\/a> <a href=\"https:\/\/noticiasbahia360.com.br\/?cat=9\" rel=\"category\">Brasil<\/a> <a href=\"https:\/\/noticiasbahia360.com.br\/?cat=6\" rel=\"category\">Feira de Santana<\/a> <a href=\"https:\/\/noticiasbahia360.com.br\/?cat=57\" rel=\"category\">Mundo<\/a> <a href=\"https:\/\/noticiasbahia360.com.br\/?cat=56\" rel=\"category\">Pol\u00edcia<\/a> <a href=\"https:\/\/noticiasbahia360.com.br\/?cat=10\" rel=\"category\">Pol\u00edtica<\/a>","tag_info":"Pol\u00edtica","comment_count":"0","_links":{"self":[{"href":"https:\/\/noticiasbahia360.com.br\/index.php?rest_route=\/wp\/v2\/posts\/92100","targetHints":{"allow":["GET"]}}],"collection":[{"href":"https:\/\/noticiasbahia360.com.br\/index.php?rest_route=\/wp\/v2\/posts"}],"about":[{"href":"https:\/\/noticiasbahia360.com.br\/index.php?rest_route=\/wp\/v2\/types\/post"}],"author":[{"embeddable":true,"href":"https:\/\/noticiasbahia360.com.br\/index.php?rest_route=\/wp\/v2\/users\/1"}],"replies":[{"embeddable":true,"href":"https:\/\/noticiasbahia360.com.br\/index.php?rest_route=%2Fwp%2Fv2%2Fcomments&post=92100"}],"version-history":[{"count":0,"href":"https:\/\/noticiasbahia360.com.br\/index.php?rest_route=\/wp\/v2\/posts\/92100\/revisions"}],"wp:featuredmedia":[{"embeddable":true,"href":"https:\/\/noticiasbahia360.com.br\/index.php?rest_route=\/wp\/v2\/media\/92101"}],"wp:attachment":[{"href":"https:\/\/noticiasbahia360.com.br\/index.php?rest_route=%2Fwp%2Fv2%2Fmedia&parent=92100"}],"wp:term":[{"taxonomy":"category","embeddable":true,"href":"https:\/\/noticiasbahia360.com.br\/index.php?rest_route=%2Fwp%2Fv2%2Fcategories&post=92100"},{"taxonomy":"post_tag","embeddable":true,"href":"https:\/\/noticiasbahia360.com.br\/index.php?rest_route=%2Fwp%2Fv2%2Ftags&post=92100"}],"curies":[{"name":"wp","href":"https:\/\/api.w.org\/{rel}","templated":true}]}}