{"id":92102,"date":"2025-07-04T14:57:26","date_gmt":"2025-07-04T17:57:26","guid":{"rendered":"https:\/\/noticiasbahia360.com.br\/?p=92102"},"modified":"2025-07-04T14:57:26","modified_gmt":"2025-07-04T17:57:26","slug":"feira-de-santana-passa-a-aplicar-vacina-meningococica-acwy-como-reforco-aos-12-meses","status":"publish","type":"post","link":"https:\/\/noticiasbahia360.com.br\/?p=92102","title":{"rendered":"Feira de Santana passa a aplicar vacina meningoc\u00f3cica ACWY como refor\u00e7o aos 12 meses"},"content":{"rendered":"<div>\n<div>\n<figure><img decoding=\"async\" src=\"http:\/\/noticiasbahia360.com.br\/wp-content\/uploads\/2025\/07\/Vacina-040725.jpg\" alt=\"Feira de Santana passa a aplicar vacina meningoc\u00f3cica ACWY como refor\u00e7o aos 12 meses\"><figcaption>Foto: Sara Silva\/ Secom <\/figcaption><\/figure>\n<\/div>\n<p>A partir deste m\u00eas, as <a href=\"https:\/\/www.acordacidade.com.br\/tag\/ubs\/\">Unidades B\u00e1sicas de Sa\u00fade (UBS)<\/a> e <a href=\"https:\/\/www.acordacidade.com.br\/tag\/usf\/\">Unidades de Sa\u00fade da Fam\u00edlia (USF)<\/a> da rede municipal de Feira de Santana passam a ofertar a vacina meningoc\u00f3cica ACWY como dose de refor\u00e7o para crian\u00e7as aos 12 meses de idade.<\/p>\n<p>A medida, recomendada pelo Minist\u00e9rio da Sa\u00fade, amplia a prote\u00e7\u00e3o contra os principais sorogrupos da bact\u00e9ria causadora da meningite. A doen\u00e7a \u00e9 provocada pela inflama\u00e7\u00e3o das meninges \u2014 membranas que envolvem o c\u00e9rebro e a medula espinhal \u2014 e pode ser causada por v\u00edrus ou bact\u00e9rias, sendo a forma bacteriana a mais grave.<\/p>\n<p>Com a mudan\u00e7a, o novo esquema vacinal passa a ser composto por duas doses da vacina meningoc\u00f3cica C (conjugada) \u2013 sendo a 1\u00aa dose aos tr\u00eas meses e a 2\u00aa dose aos cinco meses \u2013 seguidas por uma dose de refor\u00e7o com a vacina meningoc\u00f3cica ACWY aos 12 meses. Crian\u00e7as que perderem a oportunidade de tomar o refor\u00e7o na idade indicada poder\u00e3o receber a dose at\u00e9 4 anos, 11 meses e 29 dias.<\/p>\n<p>Segundo a Nota T\u00e9cnica do Minist\u00e9rio da Sa\u00fade, crian\u00e7as que j\u00e1 receberam o esquema completo com a vacina meningoc\u00f3cica C (conjugada), incluindo a dose de refor\u00e7o, n\u00e3o precisam receber a vacina ACWY.<\/p>\n<p>Entre janeiro e junho deste ano, a Rede de Frio da Secretaria Municipal de Sa\u00fade aplicou 5.622 doses da vacina meningoc\u00f3cica C e 6.194 doses da vacina ACWY em Feira de Santana.<\/p>\n<p>O secret\u00e1rio municipal de Sa\u00fade, Rodrigo Matos, que \u00e9 m\u00e9dico, refor\u00e7a a import\u00e2ncia da vacina\u00e7\u00e3o na preven\u00e7\u00e3o de complica\u00e7\u00f5es neurol\u00f3gicas graves causadas pela meningite.<\/p>\n<p>\u201cA meningite pode causar danos neurol\u00f3gicos, convuls\u00f5es e sequelas permanentes. Por isso, a vacina\u00e7\u00e3o \u00e9 fundamental para prevenir essa doen\u00e7a infectocontagiosa\u201d, destaca o gestor.<\/p>\n<p>A enfermeira Vanessa Caju\u00ed, refer\u00eancia t\u00e9cnica em Imuniza\u00e7\u00e3o, explica que a inclus\u00e3o da vacina ACWY no refor\u00e7o amplia a cobertura contra diferentes variantes da bact\u00e9ria.<\/p>\n<p>\u201cAntes, a imuniza\u00e7\u00e3o protegia apenas contra a meningite do tipo C. Agora, com a ACWY, a crian\u00e7a estar\u00e1 protegida tamb\u00e9m contra os sorogrupos A, W e Y, al\u00e9m do C\u201d, afirma.<\/p>\n<p><em>As informa\u00e7\u00f5es s\u00e3o da Secretaria de Comunica\u00e7\u00e3o Social de Feira de Santana<\/em><\/p>\n<p><em>Siga o Acorda Cidade no<\/em><a href=\"https:\/\/news.google.com\/search?q=acorda%20cidade&amp;hl=pt-BR&amp;gl=BR&amp;ceid=BR%3Apt-419\"><strong><em>\u00a0Google Not\u00edcias<\/em><\/strong><\/a><em>\u00a0e receba os principais destaques do dia. Participe tamb\u00e9m dos nossos canais no\u00a0<\/em><a href=\"https:\/\/www.whatsapp.com\/channel\/0029Va6Rb4v3WHTNnsh8WI3N\"><strong><em>WhatsApp<\/em><\/strong><\/a><em>\u00a0e\u00a0<\/em><a href=\"https:\/\/www.youtube.com\/@acordacidadenoticias\/videos\"><strong>Youtube<\/strong><\/a><em>\u00a0e grupo de\u00a0<\/em><a href=\"https:\/\/t.me\/+sSz0khrgARA0ZmRh\"><strong><em>Telegram<\/em><\/strong><\/a><em>.<\/em><\/p>\n<\/div>\n","protected":false},"excerpt":{"rendered":"<div>\n<div>\n<figure><img decoding=\"async\" src=\"https:\/\/uploads.acordacidade.com.br\/2025\/07\/Vacina-040725.jpg\" alt=\"Feira de Santana passa a aplicar vacina meningoc\u00f3cica ACWY como refor\u00e7o aos 12 meses\"><figcaption>Foto: Sara Silva\/ Secom <\/figcaption><\/figure>\n<\/div>\n<p>A partir deste m\u00eas, as Unidades B\u00e1sicas de Sa\u00fade (UBS) e Unidades de Sa\u00fade da Fam\u00edlia (USF) da rede municipal de Feira de Santana passam a ofertar a vacina meningoc\u00f3cica ACWY como dose de refor\u00e7o para crian\u00e7as aos 12 meses de idade. A medida, recomendada pelo Minist\u00e9rio da Sa\u00fade, amplia a prote\u00e7\u00e3o contra os principais [\u2026]<\/p><\/div>\n","protected":false},"author":1,"featured_media":92103,"comment_status":"closed","ping_status":"closed","sticky":false,"template":"","format":"gallery","meta":{"footnotes":""},"categories":[8,9,6,57,56,10],"tags":[],"class_list":["post-92102","post","type-post","status-publish","format-gallery","has-post-thumbnail","hentry","category-bahia","category-brasil","category-feira-de-santana","category-mundo","category-policia","category-politica","post_format-post-format-gallery"],"featured_image_urls":{"full":["https:\/\/noticiasbahia360.com.br\/wp-content\/uploads\/2025\/07\/Vacina-040725.jpg",1200,800,false],"thumbnail":["https:\/\/noticiasbahia360.com.br\/wp-content\/uploads\/2025\/07\/Vacina-040725-150x150.jpg",150,150,true],"medium":["https:\/\/noticiasbahia360.com.br\/wp-content\/uploads\/2025\/07\/Vacina-040725-300x200.jpg",300,200,true],"medium_large":["https:\/\/noticiasbahia360.com.br\/wp-content\/uploads\/2025\/07\/Vacina-040725-768x512.jpg",640,427,true],"large":["https:\/\/noticiasbahia360.com.br\/wp-content\/uploads\/2025\/07\/Vacina-040725-1024x683.jpg",640,427,true],"1536x1536":["https:\/\/noticiasbahia360.com.br\/wp-content\/uploads\/2025\/07\/Vacina-040725.jpg",1200,800,false],"2048x2048":["https:\/\/noticiasbahia360.com.br\/wp-content\/uploads\/2025\/07\/Vacina-040725.jpg",1200,800,false],"chromenews-featured":["https:\/\/noticiasbahia360.com.br\/wp-content\/uploads\/2025\/07\/Vacina-040725-1024x683.jpg",1024,683,true],"chromenews-large":["https:\/\/noticiasbahia360.com.br\/wp-content\/uploads\/2025\/07\/Vacina-040725-825x575.jpg",825,575,true],"chromenews-medium":["https:\/\/noticiasbahia360.com.br\/wp-content\/uploads\/2025\/07\/Vacina-040725-590x410.jpg",590,410,true]},"author_info":{"display_name":"noticiasbahia360.com.br","author_link":"https:\/\/noticiasbahia360.com.br\/?author=1"},"category_info":"<a href=\"https:\/\/noticiasbahia360.com.br\/?cat=8\" rel=\"category\">Bahia<\/a> <a href=\"https:\/\/noticiasbahia360.com.br\/?cat=9\" rel=\"category\">Brasil<\/a> <a href=\"https:\/\/noticiasbahia360.com.br\/?cat=6\" rel=\"category\">Feira de Santana<\/a> <a href=\"https:\/\/noticiasbahia360.com.br\/?cat=57\" rel=\"category\">Mundo<\/a> <a href=\"https:\/\/noticiasbahia360.com.br\/?cat=56\" rel=\"category\">Pol\u00edcia<\/a> <a href=\"https:\/\/noticiasbahia360.com.br\/?cat=10\" rel=\"category\">Pol\u00edtica<\/a>","tag_info":"Pol\u00edtica","comment_count":"0","_links":{"self":[{"href":"https:\/\/noticiasbahia360.com.br\/index.php?rest_route=\/wp\/v2\/posts\/92102","targetHints":{"allow":["GET"]}}],"collection":[{"href":"https:\/\/noticiasbahia360.com.br\/index.php?rest_route=\/wp\/v2\/posts"}],"about":[{"href":"https:\/\/noticiasbahia360.com.br\/index.php?rest_route=\/wp\/v2\/types\/post"}],"author":[{"embeddable":true,"href":"https:\/\/noticiasbahia360.com.br\/index.php?rest_route=\/wp\/v2\/users\/1"}],"replies":[{"embeddable":true,"href":"https:\/\/noticiasbahia360.com.br\/index.php?rest_route=%2Fwp%2Fv2%2Fcomments&post=92102"}],"version-history":[{"count":0,"href":"https:\/\/noticiasbahia360.com.br\/index.php?rest_route=\/wp\/v2\/posts\/92102\/revisions"}],"wp:featuredmedia":[{"embeddable":true,"href":"https:\/\/noticiasbahia360.com.br\/index.php?rest_route=\/wp\/v2\/media\/92103"}],"wp:attachment":[{"href":"https:\/\/noticiasbahia360.com.br\/index.php?rest_route=%2Fwp%2Fv2%2Fmedia&parent=92102"}],"wp:term":[{"taxonomy":"category","embeddable":true,"href":"https:\/\/noticiasbahia360.com.br\/index.php?rest_route=%2Fwp%2Fv2%2Fcategories&post=92102"},{"taxonomy":"post_tag","embeddable":true,"href":"https:\/\/noticiasbahia360.com.br\/index.php?rest_route=%2Fwp%2Fv2%2Ftags&post=92102"}],"curies":[{"name":"wp","href":"https:\/\/api.w.org\/{rel}","templated":true}]}}