{"id":92104,"date":"2025-07-04T15:10:40","date_gmt":"2025-07-04T18:10:40","guid":{"rendered":"https:\/\/noticiasbahia360.com.br\/?p=92104"},"modified":"2025-07-04T15:10:40","modified_gmt":"2025-07-04T18:10:40","slug":"feira-de-arte-saude-e-bem-estar-acontece-dias-11-e-12-de-julho-em-feira-de-santana","status":"publish","type":"post","link":"https:\/\/noticiasbahia360.com.br\/?p=92104","title":{"rendered":"Feira de arte, sa\u00fade e bem estar acontece dias 11 e 12 de julho em Feira de Santana"},"content":{"rendered":"<div>\n<div>\n<figure><img decoding=\"async\" src=\"http:\/\/noticiasbahia360.com.br\/wp-content\/uploads\/2025\/07\/Feira-de-Arte.webp\" alt=\"Feira de Arte\"><figcaption>Foto: Divulga\u00e7\u00e3o<\/figcaption><\/figure>\n<\/div>\n<p>Nos dias 11 e 12 de julho, a cidade de <a href=\"https:\/\/www.acordacidade.com.br\/tag\/feira-de-santana\/\">Feira de Santana<\/a> recebe a Feira de Arte, Sa\u00fade e Bem-Estar, um evento gratuito e aberto ao p\u00fablico que re\u00fane experi\u00eancias de autocuidado, arte e conex\u00e3o em um s\u00f3 lugar.<\/p>\n<p>Aproveite esta oportunidade para desacelerar, cuidar de si e entrar em contato com pr\u00e1ticas que promovem sa\u00fade integral, express\u00e3o e arte. A entrada da Feira \u00e9 gratuita. <\/p>\n<p>Com uma programa\u00e7\u00e3o diversa e acolhedora, o evento contar\u00e1 com:<\/p>\n<ul class=\"wp-block-list\">\n<li>\u2728 Stands de artesanato, livros, aromaterapia, massoterapia e gastronomia<\/li>\n<li>\ud83c\udf3f Encontro Arom\u00e1tico com do Terra, para conhecer e vivenciar os benef\u00edcios dos \u00f3leos essenciais<\/li>\n<li>\ud83d\udd04 Viv\u00eancia de Dan\u00e7a Circular, promovendo conex\u00e3o e bem-estar coletivo<\/li>\n<li>\ud83e\uddd8 Momento Terap\u00eautico com pr\u00e1ticas de medita\u00e7\u00e3o, alongamento e respira\u00e7\u00e3o consciente<\/li>\n<li>\ud83d\udc83 Aul\u00e3o de Dan\u00e7a do Ventre, resgatando o poder e a alegria do movimento feminino<\/li>\n<\/ul>\n<p><strong>Hor\u00e1rio<br \/><\/strong>Sexta \u2013 das 08h \u00e0s 18h<br \/>S\u00e1bado \u2013 das 08h \u00e0s 16h<\/p>\n<p><strong>Local<\/strong><br \/>Galeria Avenida Center, Get\u00falio Vargas, 1\u00ba andar<br \/>(Entrada ao lado da Lucidata ou Chiquinho Sorvetes)<\/p>\n<p>Realiza\u00e7\u00e3o: Famba, Academia Terap\u00eautica Tradi\u00e7\u00e3o, Mariana Paw\u00e3ny.<\/p>\n<p>Para se inscrever nas atividades, <a href=\"https:\/\/forms.gle\/dhe4L8aZxYFFogXq8\" target=\"_blank\" rel=\"noreferrer noopener\">clique aqui.<\/a> <\/p>\n<p><em>Siga o Acorda Cidade no<\/em><a href=\"https:\/\/news.google.com\/search?q=acorda%20cidade&amp;hl=pt-BR&amp;gl=BR&amp;ceid=BR%3Apt-419\"><strong><em>\u00a0Google Not\u00edcias<\/em><\/strong><\/a><em>\u00a0e receba os principais destaques do dia. Participe tamb\u00e9m dos nossos canais no\u00a0<\/em><a href=\"https:\/\/whatsapp.com\/channel\/0029Va6Rb4v3WHTNnsh8WI3N\"><strong><em>WhatsApp<\/em><\/strong><\/a><em>\u00a0e\u00a0<\/em><a href=\"https:\/\/www.youtube.com\/@acordacidadenoticias\/videos\"><strong>Youtube<\/strong><\/a><em>\u00a0e grupo de\u00a0<\/em><a href=\"https:\/\/t.me\/+sSz0khrgARA0ZmRh\"><strong><em>Telegram<\/em><\/strong><\/a><em>.<\/em><\/p>\n<\/div>\n","protected":false},"excerpt":{"rendered":"<div>\n<div>\n<figure><img decoding=\"async\" src=\"https:\/\/uploads.acordacidade.com.br\/2025\/07\/Feira-de-Arte.webp\" alt=\"Feira de Arte\"><figcaption>Foto: Divulga\u00e7\u00e3o<\/figcaption><\/figure>\n<\/div>\n<p>Aproveite esta oportunidade para desacelerar, cuidar de si e entrar em contato com pr\u00e1ticas de sa\u00fade integra e arte. A entrada \u00e9 gratuita.<\/p><\/div>\n","protected":false},"author":1,"featured_media":92105,"comment_status":"closed","ping_status":"closed","sticky":false,"template":"","format":"gallery","meta":{"footnotes":""},"categories":[8,9,6,57,56,10],"tags":[],"class_list":["post-92104","post","type-post","status-publish","format-gallery","has-post-thumbnail","hentry","category-bahia","category-brasil","category-feira-de-santana","category-mundo","category-policia","category-politica","post_format-post-format-gallery"],"featured_image_urls":{"full":["https:\/\/noticiasbahia360.com.br\/wp-content\/uploads\/2025\/07\/Feira-de-Arte.webp",1200,1273,false],"thumbnail":["https:\/\/noticiasbahia360.com.br\/wp-content\/uploads\/2025\/07\/Feira-de-Arte-150x150.webp",150,150,true],"medium":["https:\/\/noticiasbahia360.com.br\/wp-content\/uploads\/2025\/07\/Feira-de-Arte-283x300.webp",283,300,true],"medium_large":["https:\/\/noticiasbahia360.com.br\/wp-content\/uploads\/2025\/07\/Feira-de-Arte-768x815.webp",640,679,true],"large":["https:\/\/noticiasbahia360.com.br\/wp-content\/uploads\/2025\/07\/Feira-de-Arte-965x1024.webp",640,679,true],"1536x1536":["https:\/\/noticiasbahia360.com.br\/wp-content\/uploads\/2025\/07\/Feira-de-Arte.webp",1200,1273,false],"2048x2048":["https:\/\/noticiasbahia360.com.br\/wp-content\/uploads\/2025\/07\/Feira-de-Arte.webp",1200,1273,false],"chromenews-featured":["https:\/\/noticiasbahia360.com.br\/wp-content\/uploads\/2025\/07\/Feira-de-Arte-1024x1086.webp",1024,1086,true],"chromenews-large":["https:\/\/noticiasbahia360.com.br\/wp-content\/uploads\/2025\/07\/Feira-de-Arte-825x575.webp",825,575,true],"chromenews-medium":["https:\/\/noticiasbahia360.com.br\/wp-content\/uploads\/2025\/07\/Feira-de-Arte-590x410.webp",590,410,true]},"author_info":{"display_name":"noticiasbahia360.com.br","author_link":"https:\/\/noticiasbahia360.com.br\/?author=1"},"category_info":"<a href=\"https:\/\/noticiasbahia360.com.br\/?cat=8\" rel=\"category\">Bahia<\/a> <a href=\"https:\/\/noticiasbahia360.com.br\/?cat=9\" rel=\"category\">Brasil<\/a> <a href=\"https:\/\/noticiasbahia360.com.br\/?cat=6\" rel=\"category\">Feira de Santana<\/a> <a href=\"https:\/\/noticiasbahia360.com.br\/?cat=57\" rel=\"category\">Mundo<\/a> <a href=\"https:\/\/noticiasbahia360.com.br\/?cat=56\" rel=\"category\">Pol\u00edcia<\/a> <a href=\"https:\/\/noticiasbahia360.com.br\/?cat=10\" rel=\"category\">Pol\u00edtica<\/a>","tag_info":"Pol\u00edtica","comment_count":"0","_links":{"self":[{"href":"https:\/\/noticiasbahia360.com.br\/index.php?rest_route=\/wp\/v2\/posts\/92104","targetHints":{"allow":["GET"]}}],"collection":[{"href":"https:\/\/noticiasbahia360.com.br\/index.php?rest_route=\/wp\/v2\/posts"}],"about":[{"href":"https:\/\/noticiasbahia360.com.br\/index.php?rest_route=\/wp\/v2\/types\/post"}],"author":[{"embeddable":true,"href":"https:\/\/noticiasbahia360.com.br\/index.php?rest_route=\/wp\/v2\/users\/1"}],"replies":[{"embeddable":true,"href":"https:\/\/noticiasbahia360.com.br\/index.php?rest_route=%2Fwp%2Fv2%2Fcomments&post=92104"}],"version-history":[{"count":0,"href":"https:\/\/noticiasbahia360.com.br\/index.php?rest_route=\/wp\/v2\/posts\/92104\/revisions"}],"wp:featuredmedia":[{"embeddable":true,"href":"https:\/\/noticiasbahia360.com.br\/index.php?rest_route=\/wp\/v2\/media\/92105"}],"wp:attachment":[{"href":"https:\/\/noticiasbahia360.com.br\/index.php?rest_route=%2Fwp%2Fv2%2Fmedia&parent=92104"}],"wp:term":[{"taxonomy":"category","embeddable":true,"href":"https:\/\/noticiasbahia360.com.br\/index.php?rest_route=%2Fwp%2Fv2%2Fcategories&post=92104"},{"taxonomy":"post_tag","embeddable":true,"href":"https:\/\/noticiasbahia360.com.br\/index.php?rest_route=%2Fwp%2Fv2%2Ftags&post=92104"}],"curies":[{"name":"wp","href":"https:\/\/api.w.org\/{rel}","templated":true}]}}