{"id":92106,"date":"2025-07-04T15:10:46","date_gmt":"2025-07-04T18:10:46","guid":{"rendered":"https:\/\/noticiasbahia360.com.br\/?p=92106"},"modified":"2025-07-04T15:10:46","modified_gmt":"2025-07-04T18:10:46","slug":"ipva-confira-as-datas-de-vencimento-neste-mes-de-julho","status":"publish","type":"post","link":"https:\/\/noticiasbahia360.com.br\/?p=92106","title":{"rendered":"IPVA: confira as datas de vencimento neste m\u00eas de julho"},"content":{"rendered":"<div>\n<div>\n<figure><img decoding=\"async\" src=\"http:\/\/noticiasbahia360.com.br\/wp-content\/uploads\/2025\/07\/ipva-GIV-BAHIA-RODOVIAS-.webp\" alt=\"ipva - rodovias\"><figcaption>Foto: Divulga\u00e7\u00e3o\/Gov-BA<\/figcaption><\/figure>\n<\/div>\n<p><a href=\"https:\/\/www.facebook.com\/sharer\/sharer.php?u=http:\/\/www.ba.gov.br\/comunicacao\/noticias\/2025-07\/370481\/confira-datas-de-vencimento-do-ipva-neste-mes-de-julho&amp;title=Confira%20as%20datas%20de%20vencimento%20do%20IPVA%20neste%20m%C3%AAs%20de%20julho\" target=\"_blank\" rel=\"noreferrer noopener\"><\/a><a href=\"https:\/\/twitter.com\/intent\/tweet?text=Confira%20as%20datas%20de%20vencimento%20do%20IPVA%20neste%20m%C3%AAs%20de%20julho+http:\/\/www.ba.gov.br\/comunicacao\/noticias\/2025-07\/370481\/confira-datas-de-vencimento-do-ipva-neste-mes-de-julho\" target=\"_blank\" rel=\"noreferrer noopener\"><\/a><a href=\"https:\/\/wa.me\/?text=http:\/\/www.ba.gov.br\/comunicacao\/noticias\/2025-07\/370481\/confira-datas-de-vencimento-do-ipva-neste-mes-de-julho\" target=\"_blank\" rel=\"noreferrer noopener\"><\/a><a href=\"https:\/\/www.linkedin.com\/sharing\/share-offsite\/?url=http:\/\/www.ba.gov.br\/comunicacao\/noticias\/2025-07\/370481\/confira-datas-de-vencimento-do-ipva-neste-mes-de-julho\" target=\"_blank\" rel=\"noreferrer noopener\"><\/a><a href=\"mailto:?subject=Confira%20as%20datas%20de%20vencimento%20do%20IPVA%20neste%20m%C3%AAs%20de%20julho&amp;body=http:\/\/www.ba.gov.br\/comunicacao\/noticias\/2025-07\/370481\/confira-datas-de-vencimento-do-ipva-neste-mes-de-julho\" target=\"_blank\" rel=\"noreferrer noopener\"><\/a><a href=\"https:\/\/www.ba.gov.br\/comunicacao\/noticias\/2025-07\/370481\/confira-datas-de-vencimento-do-ipva-neste-mes-de-julho#\"><\/a><a href=\"javascript:window.print()\"><\/a>A Secretaria da Fazenda do Estado da Bahia (Sefaz-Ba) alerta os contribuintes para as datas de vencimento do Imposto sobre Propriedade de Ve\u00edculos Automotores (IPVA) em julho. Os donos de autom\u00f3veis de todos os finais de placas, ou seja, de 0 a 9, possuem prazos terminando neste m\u00eas. Para mais informa\u00e7\u00f5es, o contribuinte pode utilizar o atendimento do Balc\u00e3o Virtual, dispon\u00edvel no site da\u00a0<a href=\"https:\/\/www.sefaz.ba.gov.br\/\">Sefaz-BA<\/a>, enviar e-mail para\u00a0<a href=\"mailto:faleconosco@sefaz.ba.gov.br\">faleconosco@sefaz.ba.gov.br<\/a>\u00a0ou ligar para o call center, no 0800 071 0071 (para liga\u00e7\u00f5es de telefone fixo) ou no 71 3319-2500 ou 2501 (para liga\u00e7\u00f5es de celular ou de telefone fixo).<\/p>\n<p>Os propriet\u00e1rios de ve\u00edculos com placas de finais 9 e 0 podem quitar o imposto em cota \u00fanica com 8% de desconto at\u00e9 os dias 30 e 31\/07, respectivamente. Caso fa\u00e7a esta op\u00e7\u00e3o de pagamento em cota \u00fanica com desconto, o contribuinte pode quitar o tributo via Pix, por meio do portal\u00a0<a href=\"http:\/\/www.ba.gov.br\/\" target=\"_blank\" rel=\"noreferrer noopener\">www.ba.gov.br<\/a>. Para isso, basta entrar com usu\u00e1rio, senha e solicitar o servi\u00e7o \u201cPagar licenciamento cota \u00fanica \u2013 emiss\u00e3o do DAE\u201d. O pagamento tamb\u00e9m pode ser feito pelos canais das institui\u00e7\u00f5es parceiras da Sefaz-BA: Banco do Brasil, Bradesco ou Banco Sicoob. Outra op\u00e7\u00e3o para esses contribuintes \u00e9 pagar a primeira das cinco cotas do IPVA, sem desconto, com a parcela inicial vencendo nas datas citadas.<\/p>\n<p>J\u00e1 os donos de autom\u00f3veis com placas 7 e 8 que dividiram o tributo em cinco vezes precisam quitar a segunda cota tamb\u00e9m at\u00e9 30 e 31 de julho, respectivamente. Nessas mesmas datas, 30 e 31 de julho, ocorre o vencimento da terceira cota para placas 5 e 6, da quarta cota para placas 3 e 4, e da quinta cota para placas 1 e 2, respectivamente. No caso dos donos de autom\u00f3veis com placas 1 e 2 que n\u00e3o parcelaram o tributo, 30 e 31 de julho tamb\u00e9m s\u00e3o os \u00faltimos dias para pagar a cota \u00fanica do IPVA sem desconto.<\/p>\n<p>De acordo com o Departamento Estadual de Tr\u00e2nsito da Bahia (Detran-Ba), o contribuinte deve estar atento pois o licenciamento completo do ve\u00edculo engloba outros itens al\u00e9m do IPVA, ou seja, para o autom\u00f3vel estar regularizado \u00e9 necess\u00e1rio quitar tamb\u00e9m d\u00e9bitos do licenciamento anual e multas, se houver. O prazo para ficar em dia com a documenta\u00e7\u00e3o do ve\u00edculo termina na data do vencimento da quinta parcela do imposto.<\/p>\n<h2 class=\"wp-block-heading\" id=\"h-confira-o-calendario\">Confira o calend\u00e1rio:<\/h2>\n<figure class=\"wp-block-image size-full\"><img fetchpriority=\"high\" data-dominant-color=\"a8b69e\" data-has-transparency=\"false\" style=\"--dominant-color: #a8b69e;\" fetchpriority=\"high\" decoding=\"async\" width=\"883\" height=\"417\" sizes=\"(max-width: 883px) 100vw, 883px\" src=\"http:\/\/noticiasbahia360.com.br\/wp-content\/uploads\/2025\/07\/IPVA-2025.jpeg\" alt=\"Confira as datas de vencimento do IPVA neste m\u00eas de julho\" class=\"wp-image-571530 not-transparent\" srcset=\"https:\/\/uploads.acordacidade.com.br\/2025\/07\/IPVA-2025-648x306.jpeg 648w, https:\/\/uploads.acordacidade.com.br\/2025\/07\/IPVA-2025-150x71.jpeg 150w, http:\/\/noticiasbahia360.com.br\/wp-content\/uploads\/2025\/07\/IPVA-2025.jpeg 883w\"><figcaption class=\"wp-element-caption\">Foto: Ascom\/ Sefaz-BA<\/p>\n<\/figcaption><\/figure>\n<p><em>Siga o Acorda Cidade no<\/em><a href=\"https:\/\/news.google.com\/search?q=acorda%20cidade&amp;hl=pt-BR&amp;gl=BR&amp;ceid=BR%3Apt-419\"><strong><em>\u00a0Google Not\u00edcias<\/em><\/strong><\/a><em>\u00a0e receba os principais destaques do dia. Participe tamb\u00e9m dos nossos canais no\u00a0<\/em><a href=\"https:\/\/whatsapp.com\/channel\/0029Va6Rb4v3WHTNnsh8WI3N\"><strong><em>WhatsApp<\/em><\/strong><\/a><em>\u00a0e\u00a0<\/em><a href=\"https:\/\/www.youtube.com\/@acordacidadenoticias\/videos\"><strong>Youtube<\/strong><\/a><em>\u00a0e grupo de\u00a0<\/em><a href=\"https:\/\/t.me\/+sSz0khrgARA0ZmRh\"><strong><em>Telegram<\/em><\/strong><\/a><em>.<\/em><\/p>\n<\/div>\n","protected":false},"excerpt":{"rendered":"<div>\n<div>\n<figure><img decoding=\"async\" src=\"https:\/\/uploads.acordacidade.com.br\/2025\/07\/ipva-GIV-BAHIA-RODOVIAS-.webp\" alt=\"ipva - rodovias\"><figcaption>Foto: Divulga\u00e7\u00e3o\/Gov-BA<\/figcaption><\/figure>\n<\/div>\n<p>Contribuintes com ve\u00edculos de placas com finais 1, 2, 3, 4, 5, 6, 7, 8, 9 e 0 devem estar atentos ao calend\u00e1rio do imposto.<\/p><\/div>\n","protected":false},"author":1,"featured_media":92107,"comment_status":"closed","ping_status":"closed","sticky":false,"template":"","format":"gallery","meta":{"footnotes":""},"categories":[8,9,6,57,56,10],"tags":[],"class_list":["post-92106","post","type-post","status-publish","format-gallery","has-post-thumbnail","hentry","category-bahia","category-brasil","category-feira-de-santana","category-mundo","category-policia","category-politica","post_format-post-format-gallery"],"featured_image_urls":{"full":["https:\/\/noticiasbahia360.com.br\/wp-content\/uploads\/2025\/07\/ipva-GIV-BAHIA-RODOVIAS-.webp",1200,674,false],"thumbnail":["https:\/\/noticiasbahia360.com.br\/wp-content\/uploads\/2025\/07\/ipva-GIV-BAHIA-RODOVIAS--150x150.webp",150,150,true],"medium":["https:\/\/noticiasbahia360.com.br\/wp-content\/uploads\/2025\/07\/ipva-GIV-BAHIA-RODOVIAS--300x169.webp",300,169,true],"medium_large":["https:\/\/noticiasbahia360.com.br\/wp-content\/uploads\/2025\/07\/ipva-GIV-BAHIA-RODOVIAS--768x431.webp",640,359,true],"large":["https:\/\/noticiasbahia360.com.br\/wp-content\/uploads\/2025\/07\/ipva-GIV-BAHIA-RODOVIAS--1024x575.webp",640,359,true],"1536x1536":["https:\/\/noticiasbahia360.com.br\/wp-content\/uploads\/2025\/07\/ipva-GIV-BAHIA-RODOVIAS-.webp",1200,674,false],"2048x2048":["https:\/\/noticiasbahia360.com.br\/wp-content\/uploads\/2025\/07\/ipva-GIV-BAHIA-RODOVIAS-.webp",1200,674,false],"chromenews-featured":["https:\/\/noticiasbahia360.com.br\/wp-content\/uploads\/2025\/07\/ipva-GIV-BAHIA-RODOVIAS--1024x575.webp",1024,575,true],"chromenews-large":["https:\/\/noticiasbahia360.com.br\/wp-content\/uploads\/2025\/07\/ipva-GIV-BAHIA-RODOVIAS--825x575.webp",825,575,true],"chromenews-medium":["https:\/\/noticiasbahia360.com.br\/wp-content\/uploads\/2025\/07\/ipva-GIV-BAHIA-RODOVIAS--590x410.webp",590,410,true]},"author_info":{"display_name":"noticiasbahia360.com.br","author_link":"https:\/\/noticiasbahia360.com.br\/?author=1"},"category_info":"<a href=\"https:\/\/noticiasbahia360.com.br\/?cat=8\" rel=\"category\">Bahia<\/a> <a href=\"https:\/\/noticiasbahia360.com.br\/?cat=9\" rel=\"category\">Brasil<\/a> <a href=\"https:\/\/noticiasbahia360.com.br\/?cat=6\" rel=\"category\">Feira de Santana<\/a> <a href=\"https:\/\/noticiasbahia360.com.br\/?cat=57\" rel=\"category\">Mundo<\/a> <a href=\"https:\/\/noticiasbahia360.com.br\/?cat=56\" rel=\"category\">Pol\u00edcia<\/a> <a href=\"https:\/\/noticiasbahia360.com.br\/?cat=10\" rel=\"category\">Pol\u00edtica<\/a>","tag_info":"Pol\u00edtica","comment_count":"0","_links":{"self":[{"href":"https:\/\/noticiasbahia360.com.br\/index.php?rest_route=\/wp\/v2\/posts\/92106","targetHints":{"allow":["GET"]}}],"collection":[{"href":"https:\/\/noticiasbahia360.com.br\/index.php?rest_route=\/wp\/v2\/posts"}],"about":[{"href":"https:\/\/noticiasbahia360.com.br\/index.php?rest_route=\/wp\/v2\/types\/post"}],"author":[{"embeddable":true,"href":"https:\/\/noticiasbahia360.com.br\/index.php?rest_route=\/wp\/v2\/users\/1"}],"replies":[{"embeddable":true,"href":"https:\/\/noticiasbahia360.com.br\/index.php?rest_route=%2Fwp%2Fv2%2Fcomments&post=92106"}],"version-history":[{"count":0,"href":"https:\/\/noticiasbahia360.com.br\/index.php?rest_route=\/wp\/v2\/posts\/92106\/revisions"}],"wp:featuredmedia":[{"embeddable":true,"href":"https:\/\/noticiasbahia360.com.br\/index.php?rest_route=\/wp\/v2\/media\/92107"}],"wp:attachment":[{"href":"https:\/\/noticiasbahia360.com.br\/index.php?rest_route=%2Fwp%2Fv2%2Fmedia&parent=92106"}],"wp:term":[{"taxonomy":"category","embeddable":true,"href":"https:\/\/noticiasbahia360.com.br\/index.php?rest_route=%2Fwp%2Fv2%2Fcategories&post=92106"},{"taxonomy":"post_tag","embeddable":true,"href":"https:\/\/noticiasbahia360.com.br\/index.php?rest_route=%2Fwp%2Fv2%2Ftags&post=92106"}],"curies":[{"name":"wp","href":"https:\/\/api.w.org\/{rel}","templated":true}]}}