{"id":92109,"date":"2025-07-04T15:18:23","date_gmt":"2025-07-04T18:18:23","guid":{"rendered":"https:\/\/noticiasbahia360.com.br\/?p=92109"},"modified":"2025-07-04T15:18:23","modified_gmt":"2025-07-04T18:18:23","slug":"tve-transmite-bahia-de-feira-e-fluminense-de-feira-neste-sabado-5","status":"publish","type":"post","link":"https:\/\/noticiasbahia360.com.br\/?p=92109","title":{"rendered":"TVE transmite Bahia de Feira e Fluminense de Feira neste s\u00e1bado (5)"},"content":{"rendered":"<div>\n<div>\n<figure><img decoding=\"async\" src=\"http:\/\/noticiasbahia360.com.br\/wp-content\/uploads\/2025\/07\/IZUWUGqT-Flu-e-Bahia-de-Feira-.webp\" alt=\"Fluminense de Feira e Bahia de Feira\"><figcaption>Foto: Reprodu\u00e7\u00e3o\/Redes Sociais <\/figcaption><\/figure>\n<\/div>\n<p>A TVE transmite, neste fim de semana, os jogos de ida das semifinais do <a href=\"https:\/\/www.acordacidade.com.br\/tag\/campeonato-baiano\/\">Campeonato Baiano da S\u00e9rie B<\/a>. O Fluminense enfrenta o Bahia de Feira neste s\u00e1bado (5), no Joia da Princesa, \u00e0s 14h45 (pr\u00e9-jogo). J\u00e1 no domingo (6), no mesmo hor\u00e1rio, \u00e9 a vez do Gal\u00edcia encarar o Itabuna, na Arena Cajueiro. Os confrontos ser\u00e3o transmitidos pela TV aberta e tamb\u00e9m poder\u00e3o ser acompanhados ao vivo pelo youtube.com\/tvebahia.<\/p>\n<p>Cl\u00e1ssico do interior da Bahia, o Touro do Sert\u00e3o e o Tremend\u00e3o tiveram campanhas parecidas na primeira fase da competi\u00e7\u00e3o. O Fluminense terminou na terceira coloca\u00e7\u00e3o, com 20 pontos, mesma quantidade do Bahia de Feira, sendo superado somente no saldo de gols.<\/p>\n<p>O Drag\u00e3o do Sul fechou a primeira fase do campeonato com 23 pontos e com a melhor campanha entre os clubes. J\u00e1 o Azulino, rival do Itabuna na semifinal, garantiu sua classifica\u00e7\u00e3o somente na \u00faltima rodada. Com o trope\u00e7o do Ypiranga diante do Bahia de Feira, o Gal\u00edcia se manteve na quarta posi\u00e7\u00e3o, com 15 pontos. Al\u00e9m da vaga na grande final, os vencedores dos duelos asseguram ainda o acesso \u00e0 Primeira Divis\u00e3o do Campeonato Baiano de 2026.<\/p>\n<p>As coberturas ter\u00e3o narra\u00e7\u00f5es de Valter Lima e Matheus Damassa com coment\u00e1rios de Rodrigo Ara\u00fajo e reportagem de Marina Arag\u00e3o e Juliana Lisboa. Tem ainda conte\u00fados exclusivos no instagram.com\/tvebahia, tiktok.com\/@tvebahia e twitter.com\/tvebahia. Os torcedores poder\u00e3o participar tamb\u00e9m pelo WhatsApp 71 99626 0307. Os programas TVE Esporte (segunda-feira, \u00e0s 19h), TVE Revista (diariamente \u00e0s 12h) e TVE Not\u00edcias (diariamente \u00e0s 18h30) fazem a cobertura especial da competi\u00e7\u00e3o.<\/p>\n<p><strong>Acompanhe a TVE nas redes sociais:\u00a0<\/strong><br \/><a href=\"http:\/\/instagram.com\/tvebahia\">instagram.com\/tvebahia <\/a>\u00a0<br \/><a href=\"http:\/\/tiktok.com\/@tvebahia\">tiktok.com\/@tvebahia \u00a0<\/a><br \/><a href=\"http:\/\/facebook.com\/tvebahia\">facebook.com\/tvebahia \u00a0<\/a><br \/><a href=\"http:\/\/youtube.com\/tvebahia\">youtube.com\/tvebahia<\/a> \u00a0<br \/><a href=\"http:\/\/twitter.com\/tvebahia\">twitter.com\/tvebahia <\/a>\u00a0<\/p>\n<p><strong>Servi\u00e7o:\u00a0<\/strong><br \/><strong>TVE transmite semifinais do Baian\u00e3o S\u00e9rie B neste fim de semana<\/strong><br \/><strong>Quando: s\u00e1bado (5), \u00e0s 14h45;\u202fdomingo (6), \u00e0s 14h45.\u00a0<\/strong><br \/><strong>Onde: TVE, youtube.com\/tvebahia e Canal 222 nas novas parab\u00f3licas digitais.<\/strong><\/p>\n<p><em>Siga o Acorda Cidade no<\/em><a href=\"https:\/\/news.google.com\/search?q=acorda%20cidade&amp;hl=pt-BR&amp;gl=BR&amp;ceid=BR%3Apt-419\"><strong><em>\u00a0Google Not\u00edcias<\/em><\/strong><\/a><em>\u00a0e receba os principais destaques do dia. Participe tamb\u00e9m dos nossos canais no\u00a0<\/em><a href=\"https:\/\/whatsapp.com\/channel\/0029Va6Rb4v3WHTNnsh8WI3N\"><strong><em>WhatsApp<\/em><\/strong><\/a><em>\u00a0e\u00a0<\/em><a href=\"https:\/\/www.youtube.com\/@acordacidadenoticias\/videos\"><strong>Youtube<\/strong><\/a><em>\u00a0e grupo de\u00a0<\/em><a href=\"https:\/\/t.me\/+sSz0khrgARA0ZmRh\"><strong><em>Telegram<\/em><\/strong><\/a><em>.<\/em><\/p>\n<\/p>\n<\/div>\n","protected":false},"excerpt":{"rendered":"<div>\n<div>\n<figure><img decoding=\"async\" src=\"https:\/\/uploads.acordacidade.com.br\/2025\/05\/IZUWUGqT-Flu-e-Bahia-de-Feira-.webp\" alt=\"Fluminense de Feira e Bahia de Feira\"><figcaption>Foto: Reprodu\u00e7\u00e3o\/Redes Sociais <\/figcaption><\/figure>\n<\/div>\n<p>TVE transmite semifinais do Baian\u00e3o S\u00e9rie B neste fim de semana. Os confrontos ser\u00e3o transmitidos pela TV aberta e pelo Youtube.<\/p><\/div>\n","protected":false},"author":1,"featured_media":92110,"comment_status":"closed","ping_status":"closed","sticky":false,"template":"","format":"gallery","meta":{"footnotes":""},"categories":[8,9,6,57,56,10],"tags":[],"class_list":["post-92109","post","type-post","status-publish","format-gallery","has-post-thumbnail","hentry","category-bahia","category-brasil","category-feira-de-santana","category-mundo","category-policia","category-politica","post_format-post-format-gallery"],"featured_image_urls":{"full":["https:\/\/noticiasbahia360.com.br\/wp-content\/uploads\/2025\/07\/IZUWUGqT-Flu-e-Bahia-de-Feira-.webp",1200,776,false],"thumbnail":["https:\/\/noticiasbahia360.com.br\/wp-content\/uploads\/2025\/07\/IZUWUGqT-Flu-e-Bahia-de-Feira--150x150.webp",150,150,true],"medium":["https:\/\/noticiasbahia360.com.br\/wp-content\/uploads\/2025\/07\/IZUWUGqT-Flu-e-Bahia-de-Feira--300x194.webp",300,194,true],"medium_large":["https:\/\/noticiasbahia360.com.br\/wp-content\/uploads\/2025\/07\/IZUWUGqT-Flu-e-Bahia-de-Feira--768x497.webp",640,414,true],"large":["https:\/\/noticiasbahia360.com.br\/wp-content\/uploads\/2025\/07\/IZUWUGqT-Flu-e-Bahia-de-Feira--1024x662.webp",640,414,true],"1536x1536":["https:\/\/noticiasbahia360.com.br\/wp-content\/uploads\/2025\/07\/IZUWUGqT-Flu-e-Bahia-de-Feira-.webp",1200,776,false],"2048x2048":["https:\/\/noticiasbahia360.com.br\/wp-content\/uploads\/2025\/07\/IZUWUGqT-Flu-e-Bahia-de-Feira-.webp",1200,776,false],"chromenews-featured":["https:\/\/noticiasbahia360.com.br\/wp-content\/uploads\/2025\/07\/IZUWUGqT-Flu-e-Bahia-de-Feira--1024x662.webp",1024,662,true],"chromenews-large":["https:\/\/noticiasbahia360.com.br\/wp-content\/uploads\/2025\/07\/IZUWUGqT-Flu-e-Bahia-de-Feira--825x575.webp",825,575,true],"chromenews-medium":["https:\/\/noticiasbahia360.com.br\/wp-content\/uploads\/2025\/07\/IZUWUGqT-Flu-e-Bahia-de-Feira--590x410.webp",590,410,true]},"author_info":{"display_name":"noticiasbahia360.com.br","author_link":"https:\/\/noticiasbahia360.com.br\/?author=1"},"category_info":"<a href=\"https:\/\/noticiasbahia360.com.br\/?cat=8\" rel=\"category\">Bahia<\/a> <a href=\"https:\/\/noticiasbahia360.com.br\/?cat=9\" rel=\"category\">Brasil<\/a> <a href=\"https:\/\/noticiasbahia360.com.br\/?cat=6\" rel=\"category\">Feira de Santana<\/a> <a href=\"https:\/\/noticiasbahia360.com.br\/?cat=57\" rel=\"category\">Mundo<\/a> <a href=\"https:\/\/noticiasbahia360.com.br\/?cat=56\" rel=\"category\">Pol\u00edcia<\/a> <a href=\"https:\/\/noticiasbahia360.com.br\/?cat=10\" rel=\"category\">Pol\u00edtica<\/a>","tag_info":"Pol\u00edtica","comment_count":"0","_links":{"self":[{"href":"https:\/\/noticiasbahia360.com.br\/index.php?rest_route=\/wp\/v2\/posts\/92109","targetHints":{"allow":["GET"]}}],"collection":[{"href":"https:\/\/noticiasbahia360.com.br\/index.php?rest_route=\/wp\/v2\/posts"}],"about":[{"href":"https:\/\/noticiasbahia360.com.br\/index.php?rest_route=\/wp\/v2\/types\/post"}],"author":[{"embeddable":true,"href":"https:\/\/noticiasbahia360.com.br\/index.php?rest_route=\/wp\/v2\/users\/1"}],"replies":[{"embeddable":true,"href":"https:\/\/noticiasbahia360.com.br\/index.php?rest_route=%2Fwp%2Fv2%2Fcomments&post=92109"}],"version-history":[{"count":0,"href":"https:\/\/noticiasbahia360.com.br\/index.php?rest_route=\/wp\/v2\/posts\/92109\/revisions"}],"wp:featuredmedia":[{"embeddable":true,"href":"https:\/\/noticiasbahia360.com.br\/index.php?rest_route=\/wp\/v2\/media\/92110"}],"wp:attachment":[{"href":"https:\/\/noticiasbahia360.com.br\/index.php?rest_route=%2Fwp%2Fv2%2Fmedia&parent=92109"}],"wp:term":[{"taxonomy":"category","embeddable":true,"href":"https:\/\/noticiasbahia360.com.br\/index.php?rest_route=%2Fwp%2Fv2%2Fcategories&post=92109"},{"taxonomy":"post_tag","embeddable":true,"href":"https:\/\/noticiasbahia360.com.br\/index.php?rest_route=%2Fwp%2Fv2%2Ftags&post=92109"}],"curies":[{"name":"wp","href":"https:\/\/api.w.org\/{rel}","templated":true}]}}