{"id":92111,"date":"2025-07-04T15:26:28","date_gmt":"2025-07-04T18:26:28","guid":{"rendered":"https:\/\/noticiasbahia360.com.br\/?p=92111"},"modified":"2025-07-04T15:26:28","modified_gmt":"2025-07-04T18:26:28","slug":"soma-retoma-patrolamento-de-estradas-dos-distritos","status":"publish","type":"post","link":"https:\/\/noticiasbahia360.com.br\/?p=92111","title":{"rendered":"Soma retoma patrolamento de estradas dos distritos"},"content":{"rendered":"<div>\n<div>\n<figure><img decoding=\"async\" src=\"http:\/\/noticiasbahia360.com.br\/wp-content\/uploads\/2025\/07\/Patrolamento-040725.jpg\" alt=\"Soma retoma patrolamento de estradas nos distritos de Feira de Santana\"><figcaption>Foto: Divulga\u00e7\u00e3o\/ Soma<\/figcaption><\/figure>\n<\/div>\n<p>A <a href=\"https:\/\/www.acordacidade.com.br\/tag\/soma\/\">Superintend\u00eancia de Opera\u00e7\u00f5es e Manuten\u00e7\u00e3o (Soma)<\/a> da Prefeitura de Feira de Santana est\u00e1 retomando as opera\u00e7\u00f5es de patrolamento das estradas de acesso \u00e0 zona rural. O servi\u00e7o est\u00e1 sendo executado simultaneamente em quatro dos oito distritos feirenses onde as interven\u00e7\u00f5es haviam sido suspensas em fun\u00e7\u00e3o das chuvas.<\/p>\n<p>No distrito de Jaguara, a Prefeitura est\u00e1 realizando o patrolamento da estrada de acesso ao povoado de Rio do Peixe, com a utiliza\u00e7\u00e3o de uma motoniveladora. Outra equipe est\u00e1 realizando o servi\u00e7o de manuten\u00e7\u00e3o da estrada que liga os distritos de Sete Portas a Barra.<\/p>\n<figure class=\"wp-block-image size-large\"><img fetchpriority=\"high\" data-dominant-color=\"7d6f67\" data-has-transparency=\"false\" style=\"--dominant-color: #7d6f67;\" fetchpriority=\"high\" decoding=\"async\" width=\"1152\" height=\"768\" sizes=\"(max-width: 1152px) 100vw, 1152px\" src=\"http:\/\/noticiasbahia360.com.br\/wp-content\/uploads\/2025\/07\/Patrolamento-na-zona-rural-2-040725-1152x768-1.jpg\" alt=\"Soma retoma patrolamento de estradas nos distritos de Feira de Santana\" class=\"wp-image-571544 not-transparent\" srcset=\"https:\/\/uploads.acordacidade.com.br\/2025\/07\/Patrolamento-na-zona-rural-2-040725-548x365.jpg 548w, http:\/\/noticiasbahia360.com.br\/wp-content\/uploads\/2025\/07\/Patrolamento-na-zona-rural-2-040725-1152x768-1.jpg 1152w, https:\/\/uploads.acordacidade.com.br\/2025\/07\/Patrolamento-na-zona-rural-2-040725-830x553.jpg 830w, https:\/\/uploads.acordacidade.com.br\/2025\/07\/Patrolamento-na-zona-rural-2-040725-150x100.jpg 150w, https:\/\/uploads.acordacidade.com.br\/2025\/07\/Patrolamento-na-zona-rural-2-040725.jpg 1200w\"><figcaption class=\"wp-element-caption\">Foto: Divulga\u00e7\u00e3o\/ Soma<\/figcaption><\/figure>\n<p>As a\u00e7\u00f5es de manuten\u00e7\u00e3o das estradas tamb\u00e9m est\u00e3o alcan\u00e7ando o distrito de Humildes, onde est\u00e1 sendo realizado o patrolamento da estrada do povoado de Tanquinho com a utiliza\u00e7\u00e3o de uma motoniveladora.<\/p>\n<p>No distrito de Ipua\u00e7u, est\u00e1 sendo contemplada com patrolamento a estrada do povoado de Pedra da Canoa. O servi\u00e7o est\u00e1 sendo executado com a utiliza\u00e7\u00e3o de uma motoniveladora. E em Tiquaru\u00e7u est\u00e1 em execu\u00e7\u00e3o o servi\u00e7o de patrolamento com motoniveladora na estrada das Piabas.<\/p>\n<figure class=\"wp-block-image size-large\"><img data-dominant-color=\"7c716f\" data-has-transparency=\"false\" style=\"--dominant-color: #7c716f;\" decoding=\"async\" width=\"1152\" height=\"768\" sizes=\"(max-width: 1152px) 100vw, 1152px\" src=\"http:\/\/noticiasbahia360.com.br\/wp-content\/uploads\/2025\/07\/Patrolamento-na-zona-rural-040725-1152x768-1.jpg\" alt=\"Patrolamento na zona rural \" class=\"wp-image-571548 not-transparent\" srcset=\"https:\/\/uploads.acordacidade.com.br\/2025\/07\/Patrolamento-na-zona-rural-040725-548x365.jpg 548w, http:\/\/noticiasbahia360.com.br\/wp-content\/uploads\/2025\/07\/Patrolamento-na-zona-rural-040725-1152x768-1.jpg 1152w, https:\/\/uploads.acordacidade.com.br\/2025\/07\/Patrolamento-na-zona-rural-040725-830x553.jpg 830w, https:\/\/uploads.acordacidade.com.br\/2025\/07\/Patrolamento-na-zona-rural-040725-150x100.jpg 150w, https:\/\/uploads.acordacidade.com.br\/2025\/07\/Patrolamento-na-zona-rural-040725.jpg 1200w\"><figcaption class=\"wp-element-caption\">Foto: Divulga\u00e7\u00e3o\/ Soma<\/figcaption><\/figure>\n<p>J\u00e1 no distrito de S\u00e3o Jos\u00e9, o servi\u00e7o de patrolamento da estrada de P\u00e9 de Serra \u00e0 Pedra Ferrada est\u00e1 suspenso temporariamente devido \u00e0 condi\u00e7\u00e3o clim\u00e1tica no local. Tamb\u00e9m est\u00e1 suspenso o servi\u00e7o na estrada de Olhos d\u2019\u00c1gua das Mo\u00e7as ao Alecrim Mi\u00fado, no distrito de Matinha.<\/p>\n<p><em>As informa\u00e7\u00f5es s\u00e3o da Secretaria de Comunica\u00e7\u00e3o Social de Feira de Santana<\/em><\/p>\n<p><em>Siga o Acorda Cidade no<\/em><a href=\"https:\/\/news.google.com\/search?q=acorda%20cidade&amp;hl=pt-BR&amp;gl=BR&amp;ceid=BR%3Apt-419\"><strong><em>\u00a0Google Not\u00edcias<\/em><\/strong><\/a><em>\u00a0e receba os principais destaques do dia. Participe tamb\u00e9m dos nossos canais no\u00a0<\/em><a href=\"https:\/\/www.whatsapp.com\/channel\/0029Va6Rb4v3WHTNnsh8WI3N\"><strong><em>WhatsApp<\/em><\/strong><\/a><em>\u00a0e\u00a0<\/em><a href=\"https:\/\/www.youtube.com\/@acordacidadenoticias\/videos\"><strong>Youtube<\/strong><\/a><em>\u00a0e grupo de\u00a0<\/em><a href=\"https:\/\/t.me\/+sSz0khrgARA0ZmRh\"><strong><em>Telegram<\/em><\/strong><\/a><em>.<\/em><\/p>\n<\/div>\n","protected":false},"excerpt":{"rendered":"<div>\n<div>\n<figure><img decoding=\"async\" src=\"https:\/\/uploads.acordacidade.com.br\/2025\/07\/Patrolamento-040725.jpg\" alt=\"Soma retoma patrolamento de estradas nos distritos de Feira de Santana\"><figcaption>Foto: Divulga\u00e7\u00e3o\/ Soma<\/figcaption><\/figure>\n<\/div>\n<p>O servi\u00e7o est\u00e1 sendo executado simultaneamente em quatro dos oito distritos feirenses<\/p><\/div>\n","protected":false},"author":1,"featured_media":92112,"comment_status":"closed","ping_status":"closed","sticky":false,"template":"","format":"gallery","meta":{"footnotes":""},"categories":[8,9,6,57,56,10],"tags":[],"class_list":["post-92111","post","type-post","status-publish","format-gallery","has-post-thumbnail","hentry","category-bahia","category-brasil","category-feira-de-santana","category-mundo","category-policia","category-politica","post_format-post-format-gallery"],"featured_image_urls":{"full":["https:\/\/noticiasbahia360.com.br\/wp-content\/uploads\/2025\/07\/Patrolamento-040725.jpg",1200,799,false],"thumbnail":["https:\/\/noticiasbahia360.com.br\/wp-content\/uploads\/2025\/07\/Patrolamento-040725-150x150.jpg",150,150,true],"medium":["https:\/\/noticiasbahia360.com.br\/wp-content\/uploads\/2025\/07\/Patrolamento-040725-300x200.jpg",300,200,true],"medium_large":["https:\/\/noticiasbahia360.com.br\/wp-content\/uploads\/2025\/07\/Patrolamento-040725-768x511.jpg",640,426,true],"large":["https:\/\/noticiasbahia360.com.br\/wp-content\/uploads\/2025\/07\/Patrolamento-040725-1024x682.jpg",640,426,true],"1536x1536":["https:\/\/noticiasbahia360.com.br\/wp-content\/uploads\/2025\/07\/Patrolamento-040725.jpg",1200,799,false],"2048x2048":["https:\/\/noticiasbahia360.com.br\/wp-content\/uploads\/2025\/07\/Patrolamento-040725.jpg",1200,799,false],"chromenews-featured":["https:\/\/noticiasbahia360.com.br\/wp-content\/uploads\/2025\/07\/Patrolamento-040725-1024x682.jpg",1024,682,true],"chromenews-large":["https:\/\/noticiasbahia360.com.br\/wp-content\/uploads\/2025\/07\/Patrolamento-040725-825x575.jpg",825,575,true],"chromenews-medium":["https:\/\/noticiasbahia360.com.br\/wp-content\/uploads\/2025\/07\/Patrolamento-040725-590x410.jpg",590,410,true]},"author_info":{"display_name":"noticiasbahia360.com.br","author_link":"https:\/\/noticiasbahia360.com.br\/?author=1"},"category_info":"<a href=\"https:\/\/noticiasbahia360.com.br\/?cat=8\" rel=\"category\">Bahia<\/a> <a href=\"https:\/\/noticiasbahia360.com.br\/?cat=9\" rel=\"category\">Brasil<\/a> <a href=\"https:\/\/noticiasbahia360.com.br\/?cat=6\" rel=\"category\">Feira de Santana<\/a> <a href=\"https:\/\/noticiasbahia360.com.br\/?cat=57\" rel=\"category\">Mundo<\/a> <a href=\"https:\/\/noticiasbahia360.com.br\/?cat=56\" rel=\"category\">Pol\u00edcia<\/a> <a href=\"https:\/\/noticiasbahia360.com.br\/?cat=10\" rel=\"category\">Pol\u00edtica<\/a>","tag_info":"Pol\u00edtica","comment_count":"0","_links":{"self":[{"href":"https:\/\/noticiasbahia360.com.br\/index.php?rest_route=\/wp\/v2\/posts\/92111","targetHints":{"allow":["GET"]}}],"collection":[{"href":"https:\/\/noticiasbahia360.com.br\/index.php?rest_route=\/wp\/v2\/posts"}],"about":[{"href":"https:\/\/noticiasbahia360.com.br\/index.php?rest_route=\/wp\/v2\/types\/post"}],"author":[{"embeddable":true,"href":"https:\/\/noticiasbahia360.com.br\/index.php?rest_route=\/wp\/v2\/users\/1"}],"replies":[{"embeddable":true,"href":"https:\/\/noticiasbahia360.com.br\/index.php?rest_route=%2Fwp%2Fv2%2Fcomments&post=92111"}],"version-history":[{"count":0,"href":"https:\/\/noticiasbahia360.com.br\/index.php?rest_route=\/wp\/v2\/posts\/92111\/revisions"}],"wp:featuredmedia":[{"embeddable":true,"href":"https:\/\/noticiasbahia360.com.br\/index.php?rest_route=\/wp\/v2\/media\/92112"}],"wp:attachment":[{"href":"https:\/\/noticiasbahia360.com.br\/index.php?rest_route=%2Fwp%2Fv2%2Fmedia&parent=92111"}],"wp:term":[{"taxonomy":"category","embeddable":true,"href":"https:\/\/noticiasbahia360.com.br\/index.php?rest_route=%2Fwp%2Fv2%2Fcategories&post=92111"},{"taxonomy":"post_tag","embeddable":true,"href":"https:\/\/noticiasbahia360.com.br\/index.php?rest_route=%2Fwp%2Fv2%2Ftags&post=92111"}],"curies":[{"name":"wp","href":"https:\/\/api.w.org\/{rel}","templated":true}]}}