{"id":92115,"date":"2025-07-04T15:26:35","date_gmt":"2025-07-04T18:26:35","guid":{"rendered":"https:\/\/noticiasbahia360.com.br\/?p=92115"},"modified":"2025-07-04T15:26:35","modified_gmt":"2025-07-04T18:26:35","slug":"prouni-encerram-nesta-sexta-4-inscricoes-para-bolsas-no-segundo-semestre","status":"publish","type":"post","link":"https:\/\/noticiasbahia360.com.br\/?p=92115","title":{"rendered":"Prouni: encerram nesta sexta (4) inscri\u00e7\u00f5es para bolsas no segundo semestre"},"content":{"rendered":"<div>\n<div>\n<figure><img decoding=\"async\" src=\"http:\/\/noticiasbahia360.com.br\/wp-content\/uploads\/2025\/07\/pagina-do-prouni-foto-Rafa-Neddermeyer-Agencia-Brasil.jpg\" alt=\"Lista do Prouni\"><figcaption>Foto: Neddermeyer\/Ag\u00eancia Brasil<\/figcaption><\/figure>\n<\/div>\n<p>O prazo de inscri\u00e7\u00f5es para os interessados em disputar as bolsas do Programa Universidade para Todos (Prouni) para o segundo semestre de 2025\u00a0termina \u00e0s 23h59 desta sexta-feira (4).<img decoding=\"async\" src=\"https:\/\/agenciabrasil.ebc.com.br\/ebc.png?id=1649398&amp;o=node\"><img decoding=\"async\" src=\"https:\/\/agenciabrasil.ebc.com.br\/ebc.gif?id=1649398&amp;o=node\"><\/p>\n<p>O programa do <a href=\"https:\/\/www.acordacidade.com.br\/tag\/ministerio-da-educacao\/\">Minist\u00e9rio da Educa\u00e7\u00e3o<\/a> (MEC) oferta bolsas de estudo, integrais e parciais (50% do valor da mensalidade do curso), em institui\u00e7\u00f5es de educa\u00e7\u00e3o superior privadas para cursos de gradua\u00e7\u00e3o e sequenciais de forma\u00e7\u00e3o espec\u00edfica. O p\u00fablico-alvo do programa \u00e9 o estudante sem diploma de n\u00edvel superior.<\/p>\n<h2 class=\"wp-block-heading\" id=\"h-inscricoes\">Inscri\u00e7\u00f5es<\/h2>\n<p>As inscri\u00e7\u00f5es s\u00e3o gratuitas e devem ser feitas exclusivamente pela internet, por meio do<a href=\"http:\/\/https\/\/acessounico.mec.gov.br\/prouni\" target=\"_blank\" rel=\"noreferrer noopener\">\u00a0Portal \u00danico de Acesso ao Ensino Superior<\/a>\u00a0com login via Gov.br.<\/p>\n<p>No momento da inscri\u00e7\u00e3o, os estudantes devem escolher se querem concorrer \u00e0s bolsas de ampla concorr\u00eancia\u00a0ou \u00e0s bolsas de cotas: destinadas a pessoas com defici\u00eancia (PCD) e candidatos que se autodeclaram ind\u00edgenas, pardos ou pretos.<\/p>\n<p>Ainda \u00e9 preciso informar e-mail e n\u00famero de telefone v\u00e1lidos para onde podem ser enviados comunicados peri\u00f3dicos referentes aos prazos do processo seletivo.<\/p>\n<h2 class=\"wp-block-heading\" id=\"h-prouni-2-2025\">Prouni 2\/2025<\/h2>\n<p>Nesta edi\u00e7\u00e3o do ProUni, o MEC est\u00e1 oferecendo mais de 211 mil bolsas. Desse total, 118 mil s\u00e3o integrais (100% gratuitas) e 93 mil parciais (gratuidade da metade do valor da mensalidade). As bolsas s\u00e3o para mais de 370 cursos de 887 institui\u00e7\u00f5es privadas de ensino superior de todo o Brasil.<\/p>\n<h2 class=\"wp-block-heading\" id=\"h-quem-tem-direito\">Quem tem direito<\/h2>\n<p>Podem concorrer\u00a0estudantes que cursaram o ensino m\u00e9dio na rede p\u00fablica ou na rede privada na condi\u00e7\u00e3o de bolsistas. Quem cursou o ensino m\u00e9dio integralmente na rede privada tamb\u00e9m pode disputar o benef\u00edcio, desde que se encaixe nos crit\u00e9rios de renda. Tamb\u00e9m t\u00eam acesso \u00e0 pol\u00edtica p\u00fablica pessoas com defici\u00eancia e professores da rede p\u00fablica. Os crit\u00e9rios para a candidatura est\u00e3o detalhados no edital.<\/p>\n<p>Para se inscrever, \u00e9 necess\u00e1rio ter participado das edi\u00e7\u00f5es de 2023 ou 2024 do Exame Nacional do Ensino M\u00e9dio (Enem) e ter alcan\u00e7ado, no m\u00ednimo, 450 pontos na m\u00e9dia das cinco provas do exame, al\u00e9m de n\u00e3o ter zerado a prova da reda\u00e7\u00e3o. O processo seletivo \u00e9 exclusivo para quem j\u00e1 concluiu o ensino m\u00e9dio. O\u00a0<a href=\"http:\/\/%5Bhttps\/\/prouniportal.mec.gov.br\/images\/legislacao\/2025\/edital_nr_14_de_23_de_junho_de_2025.pdf\" target=\"_blank\" rel=\"noreferrer noopener\">edital\u00a0<\/a>\u00a0veda a inscri\u00e7\u00e3o para quem declarou ter participado do Enem na condi\u00e7\u00e3o de treineiro, ou seja, quem participou do exame para fins de autoavalia\u00e7\u00e3o antes mesmo de concluir o ensino m\u00e9dio.<\/p>\n<p>Os candidatos ainda precisam atender a crit\u00e9rios de renda familiar e escolaridade, em pelo menos uma das seguintes condi\u00e7\u00f5es:<\/p>\n<ul class=\"wp-block-list\">\n<li>ter feito o ensino m\u00e9dio integralmente em escola da rede p\u00fablica;<\/li>\n<li>ter feito o ensino m\u00e9dio integralmente em institui\u00e7\u00e3o privada na condi\u00e7\u00e3o de bolsista integral da respectiva institui\u00e7\u00e3o;<\/li>\n<li>ter feito o ensino m\u00e9dio parcialmente em escola da rede p\u00fablica e parcialmente em institui\u00e7\u00e3o privada na condi\u00e7\u00e3o de bolsista integral da respectiva institui\u00e7\u00e3o;<\/li>\n<li>ter feito o ensino m\u00e9dio parcialmente em escola da rede p\u00fablica e parcialmente em institui\u00e7\u00e3o privada na condi\u00e7\u00e3o de bolsista parcial da respectiva institui\u00e7\u00e3o;<\/li>\n<li>ter feito o ensino m\u00e9dio integralmente em institui\u00e7\u00e3o privada na condi\u00e7\u00e3o de bolsista;<\/li>\n<li>ser uma pessoa com defici\u00eancia (PCD);<\/li>\n<li>ser professor da rede p\u00fablica de ensino, exclusivamente para concorrer aos cursos de licenciatura e pedagogia. Neste \u00faltimo caso, n\u00e3o \u00e9 aplicado o limite de renda exigido aos demais candidatos.<\/li>\n<\/ul>\n<p>No caso da escolha das bolsas integrais, \u00e9 necess\u00e1rio que a renda familiar bruta mensal por pessoa n\u00e3o exceda o valor de 1,5 sal\u00e1rio m\u00ednimo (R$ 2.277, por pessoa em 2025). J\u00e1 para escolher bolsas parciais, \u00e9 preciso que a renda familiar bruta mensal por pessoa n\u00e3o exceda o valor de tr\u00eas sal\u00e1rios m\u00ednimos (R$ 4.554, por pessoa em 2025).<\/p>\n<p>O resultado da primeira chamada ser\u00e1 divulgado na segunda-feira (7), no portal Acesso \u00danico. J\u00e1 a segunda chamada sair\u00e1 em 28 de julho.<\/p>\n<p>Em 2025, o\u202fProuni\u202fcomemora 20 anos e contabiliza mais de 3,5 milh\u00f5es de estudantes beneficiados desde a primeira edi\u00e7\u00e3o, em\u00a02005.\u202f<\/p>\n<p><em>Siga o Acorda Cidade no<\/em><a href=\"https:\/\/news.google.com\/search?q=acorda%20cidade&amp;hl=pt-BR&amp;gl=BR&amp;ceid=BR%3Apt-419\"><strong><em> Google Not\u00edcias<\/em><\/strong><\/a><em> e receba os principais destaques do dia. Participe tamb\u00e9m dos nossos canais no <\/em><a href=\"https:\/\/whatsapp.com\/channel\/0029Va6Rb4v3WHTNnsh8WI3N\"><strong><em>WhatsApp<\/em><\/strong><\/a><em> e <\/em><a href=\"https:\/\/www.youtube.com\/@acordacidadenoticias\/videos\"><strong>Youtube<\/strong><\/a><em> e grupo de <\/em><a href=\"https:\/\/t.me\/+sSz0khrgARA0ZmRh\"><strong><em>Telegram<\/em><\/strong><\/a><em>.<\/em><\/p>\n<\/div>\n","protected":false},"excerpt":{"rendered":"<div>\n<div>\n<figure><img decoding=\"async\" src=\"https:\/\/www.acordacidade.com.br\/wp-content\/uploads\/2024\/07\/pagina-do-prouni-foto-Rafa-Neddermeyer-Agencia-Brasil.jpg\" alt=\"Lista do Prouni\"><figcaption>Foto: Neddermeyer\/Ag\u00eancia Brasil<\/figcaption><\/figure>\n<\/div>\n<p>S\u00e3o 211 mil bolsas parciais e integrais em 887 faculdades privadas<\/p><\/div>\n","protected":false},"author":1,"featured_media":92116,"comment_status":"closed","ping_status":"closed","sticky":false,"template":"","format":"gallery","meta":{"footnotes":""},"categories":[8,9,6,57,56,10],"tags":[],"class_list":["post-92115","post","type-post","status-publish","format-gallery","has-post-thumbnail","hentry","category-bahia","category-brasil","category-feira-de-santana","category-mundo","category-policia","category-politica","post_format-post-format-gallery"],"featured_image_urls":{"full":["https:\/\/noticiasbahia360.com.br\/wp-content\/uploads\/2025\/07\/pagina-do-prouni-foto-Rafa-Neddermeyer-Agencia-Brasil.jpg",640,383,false],"thumbnail":["https:\/\/noticiasbahia360.com.br\/wp-content\/uploads\/2025\/07\/pagina-do-prouni-foto-Rafa-Neddermeyer-Agencia-Brasil-150x150.jpg",150,150,true],"medium":["https:\/\/noticiasbahia360.com.br\/wp-content\/uploads\/2025\/07\/pagina-do-prouni-foto-Rafa-Neddermeyer-Agencia-Brasil-300x180.jpg",300,180,true],"medium_large":["https:\/\/noticiasbahia360.com.br\/wp-content\/uploads\/2025\/07\/pagina-do-prouni-foto-Rafa-Neddermeyer-Agencia-Brasil.jpg",640,383,false],"large":["https:\/\/noticiasbahia360.com.br\/wp-content\/uploads\/2025\/07\/pagina-do-prouni-foto-Rafa-Neddermeyer-Agencia-Brasil.jpg",640,383,false],"1536x1536":["https:\/\/noticiasbahia360.com.br\/wp-content\/uploads\/2025\/07\/pagina-do-prouni-foto-Rafa-Neddermeyer-Agencia-Brasil.jpg",640,383,false],"2048x2048":["https:\/\/noticiasbahia360.com.br\/wp-content\/uploads\/2025\/07\/pagina-do-prouni-foto-Rafa-Neddermeyer-Agencia-Brasil.jpg",640,383,false],"chromenews-featured":["https:\/\/noticiasbahia360.com.br\/wp-content\/uploads\/2025\/07\/pagina-do-prouni-foto-Rafa-Neddermeyer-Agencia-Brasil.jpg",640,383,false],"chromenews-large":["https:\/\/noticiasbahia360.com.br\/wp-content\/uploads\/2025\/07\/pagina-do-prouni-foto-Rafa-Neddermeyer-Agencia-Brasil.jpg",640,383,false],"chromenews-medium":["https:\/\/noticiasbahia360.com.br\/wp-content\/uploads\/2025\/07\/pagina-do-prouni-foto-Rafa-Neddermeyer-Agencia-Brasil-590x383.jpg",590,383,true]},"author_info":{"display_name":"noticiasbahia360.com.br","author_link":"https:\/\/noticiasbahia360.com.br\/?author=1"},"category_info":"<a href=\"https:\/\/noticiasbahia360.com.br\/?cat=8\" rel=\"category\">Bahia<\/a> <a href=\"https:\/\/noticiasbahia360.com.br\/?cat=9\" rel=\"category\">Brasil<\/a> <a href=\"https:\/\/noticiasbahia360.com.br\/?cat=6\" rel=\"category\">Feira de Santana<\/a> <a href=\"https:\/\/noticiasbahia360.com.br\/?cat=57\" rel=\"category\">Mundo<\/a> <a href=\"https:\/\/noticiasbahia360.com.br\/?cat=56\" rel=\"category\">Pol\u00edcia<\/a> <a href=\"https:\/\/noticiasbahia360.com.br\/?cat=10\" rel=\"category\">Pol\u00edtica<\/a>","tag_info":"Pol\u00edtica","comment_count":"0","_links":{"self":[{"href":"https:\/\/noticiasbahia360.com.br\/index.php?rest_route=\/wp\/v2\/posts\/92115","targetHints":{"allow":["GET"]}}],"collection":[{"href":"https:\/\/noticiasbahia360.com.br\/index.php?rest_route=\/wp\/v2\/posts"}],"about":[{"href":"https:\/\/noticiasbahia360.com.br\/index.php?rest_route=\/wp\/v2\/types\/post"}],"author":[{"embeddable":true,"href":"https:\/\/noticiasbahia360.com.br\/index.php?rest_route=\/wp\/v2\/users\/1"}],"replies":[{"embeddable":true,"href":"https:\/\/noticiasbahia360.com.br\/index.php?rest_route=%2Fwp%2Fv2%2Fcomments&post=92115"}],"version-history":[{"count":0,"href":"https:\/\/noticiasbahia360.com.br\/index.php?rest_route=\/wp\/v2\/posts\/92115\/revisions"}],"wp:featuredmedia":[{"embeddable":true,"href":"https:\/\/noticiasbahia360.com.br\/index.php?rest_route=\/wp\/v2\/media\/92116"}],"wp:attachment":[{"href":"https:\/\/noticiasbahia360.com.br\/index.php?rest_route=%2Fwp%2Fv2%2Fmedia&parent=92115"}],"wp:term":[{"taxonomy":"category","embeddable":true,"href":"https:\/\/noticiasbahia360.com.br\/index.php?rest_route=%2Fwp%2Fv2%2Fcategories&post=92115"},{"taxonomy":"post_tag","embeddable":true,"href":"https:\/\/noticiasbahia360.com.br\/index.php?rest_route=%2Fwp%2Fv2%2Ftags&post=92115"}],"curies":[{"name":"wp","href":"https:\/\/api.w.org\/{rel}","templated":true}]}}