{"id":92117,"date":"2025-07-04T15:34:43","date_gmt":"2025-07-04T18:34:43","guid":{"rendered":"https:\/\/noticiasbahia360.com.br\/?p=92117"},"modified":"2025-07-04T15:34:43","modified_gmt":"2025-07-04T18:34:43","slug":"corpo-de-juliana-marins-sera-sepultado-para-preservacao-de-provas","status":"publish","type":"post","link":"https:\/\/noticiasbahia360.com.br\/?p=92117","title":{"rendered":"Corpo de Juliana Marins ser\u00e1 sepultado para preserva\u00e7\u00e3o de provas"},"content":{"rendered":"<div>\n<div>\n<figure><img decoding=\"async\" src=\"http:\/\/noticiasbahia360.com.br\/wp-content\/uploads\/2025\/07\/julianamarins_redessociais.jpg\" alt=\"Juliana Marins\"><figcaption>Foto: Redes Sociais<\/figcaption><\/figure>\n<\/div>\n<p><strong>A fam\u00edlia da brasileira Juliana Marins, que morreu ap\u00f3s cair em uma trilha do vulc\u00e3o Rinjani, na Indon\u00e9sia, informou nesta sexta-feira (4)\u00a0vai optar pelo sepultamento do corpo, em vez da crema\u00e7\u00e3o. Quinta-feira (3), a <a href=\"https:\/\/www.acordacidade.com.br\/tag\/defensoria-publica\/\">Defensoria P\u00fablica do Rio de Janeiro <\/a>conseguiu autoriza\u00e7\u00e3o da Justi\u00e7a para que fosse feita a crema\u00e7\u00e3o, que era um desejo da publicit\u00e1ria brasileira. No entanto, a fam\u00edlia decidiu pelo sepultamento para preservar evid\u00eancias em caso de necessidade de exuma\u00e7\u00e3o. \u00a0<\/strong><img decoding=\"async\" src=\"https:\/\/agenciabrasil.ebc.com.br\/ebc.png?id=1649431&amp;o=node\"><img decoding=\"async\" src=\"https:\/\/agenciabrasil.ebc.com.br\/ebc.gif?id=1649431&amp;o=node\"><\/p>\n<p>O vel\u00f3rio ocorreu no Cemit\u00e9rio Parque da Colina, em Niter\u00f3i, e foi aberto ao p\u00fablico na parte da manh\u00e3. Em seguida, a cerim\u00f4nia foi reservada a amigos e familiares para que o sepultamento fosse realizado na sequ\u00eancia.\u00a0<\/p>\n<p>Ao chegar para o vel\u00f3rio, o pai de Juliana, Manoel Marins, conversou com a imprensa e agradeceu a mobiliza\u00e7\u00e3o de todo o pa\u00eds para que o caso ganhasse relev\u00e2ncia. Ele tamb\u00e9m agradeceu o trabalho das equipes da Embaixada do Brasil na Indon\u00e9sia, dos volunt\u00e1rios que trabalharam no resgate, e disse que a fam\u00edlia ainda busca respostas\u00a0sobre a demora no socorro, que pode ter levado \u00e0 morte da jovem. Juliana sofreu o acidente no s\u00e1bado (21), mas o resgate s\u00f3 conseguiu chegar na ter\u00e7a-feira (24), quando ela j\u00e1 tinha morrido. \u00a0<\/p>\n<blockquote class=\"wp-block-quote is-layout-flow wp-block-quote-is-layout-flow\">\n<p>\u201cTrata-se de despreparo, de descaso\u00a0com a vida humana, trata-se de neglig\u00eancia\u00a0e de precariedade\u00a0dos servi\u00e7os daquele pa\u00eds. \u00c9 um destino tur\u00edstico\u00a0mundialmente conhecido, [de um pa\u00eds] que depende do\u00a0turismo pata sobreviver\u00a0\u00a0e\u00a0que deveria ter mais estrutura\u00a0para resgatar\u00a0as pessoas que passassem por um infort\u00fanio\u00a0desses, mas, infelizmente, n\u00e3o tem\u201d, disse Manoel. Ele defendeu que o pa\u00eds reveja seus protocolos para que casos como o de sua filha n\u00e3o se repitam.\u00a0<\/p>\n<\/blockquote>\n<h2 class=\"wp-block-heading\" id=\"h-nova-autopsia-nbsp\">Nova aut\u00f3psia\u00a0<\/h2>\n<p>Logo que o corpo da brasileira retornou ao pa\u00eds, foi realizada nova aut\u00f3psia no Instituto M\u00e9dico-Legal (IML) Afr\u00e2nio Peixoto, no Rio.\u00a0O exame foi solicitado pela fam\u00edlia de Juliana, que questiona as conclus\u00f5es do laudo feito por legistas indon\u00e9sios. Segundo a equipe que necropsiou Juliana na Indon\u00e9sia, a brasileira morreu de hemorragia decorrente de les\u00f5es em \u00f3rg\u00e3os internos que, por sua vez, foram provocadas por trauma contundente.\u00a0O novo laudo preliminar ser\u00e1 divulgado em at\u00e9 sete dias.\u00a0<\/p>\n<p>Manoel recordou que Juliana era uma menina doce, alegre e que j\u00e1 sente a falta de sua presen\u00e7a.<\/p>\n<blockquote class=\"wp-block-quote is-layout-flow wp-block-quote-is-layout-flow\">\n<p>\u201cSer\u00e1 que algum dia essa saudade vai diminuir? N\u00e3o sei. Ela n\u00e3o est\u00e1 presente fisicamente, mas est\u00e1 espiritualmente e no cora\u00e7\u00e3o da gente\u201d, afirmou. \u00a0<\/p>\n<\/blockquote>\n<p><strong>Leia tamb\u00e9m: <\/strong><\/p>\n<p><a href=\"https:\/\/www.acordacidade.com.br\/brasil\/velorio-de-juliana-marins-sera-aberto-ao-publico-no-rio-de-janeiro\/\" target=\"_blank\" rel=\"noreferrer noopener\">Vel\u00f3rio de Juliana Marins ser\u00e1 aberto ao p\u00fablico no Rio de Janeiro<\/a><\/p>\n<p><a href=\"https:\/\/www.acordacidade.com.br\/brasil\/policia-civil-do-rio-de-janeiro-faz-nova-necropsia-em-juliana-marins\/\">Pol\u00edcia Civil do Rio de Janeiro faz nova necropsia em Juliana Marins<\/a><\/p>\n<p><a href=\"https:\/\/www.acordacidade.com.br\/brasil\/nova-autopsia-do-corpo-de-juliana-marins-sera-feita-no-rio-de-janeiro\/\">Nova aut\u00f3psia do corpo de Juliana Marins ser\u00e1 feita no Rio de Janeiro<\/a><\/p>\n<p><a href=\"https:\/\/www.acordacidade.com.br\/brasil\/familia-de-juliana-marins-recorre-a-justica-e-pede-nova-autopsia\/\">Fam\u00edlia de Juliana Marins recorre \u00e0 Justi\u00e7a e pede nova aut\u00f3psia<\/a><\/p>\n<p><a href=\"https:\/\/www.acordacidade.com.br\/brasil\/familia-de-juliana-marins-recorre-a-justica-e-pede-nova-autopsia\/\">Fam\u00edlia de Juliana Marins recorre \u00e0 Justi\u00e7a e pede nova aut\u00f3psia<\/a><a href=\"https:\/\/www.acordacidade.com.br\/brasil\/nova-autopsia-do-corpo-de-juliana-marins-sera-feita-no-rio-de-janeiro\/\"><br \/><\/a><\/p>\n<p><em>Siga o Acorda Cidade no<\/em><a href=\"https:\/\/news.google.com\/search?q=acorda%20cidade&amp;hl=pt-BR&amp;gl=BR&amp;ceid=BR%3Apt-419\"><strong><em>\u00a0Google Not\u00edcias<\/em><\/strong><\/a><em>\u00a0e receba os principais destaques do dia. Participe tamb\u00e9m dos nossos canais no\u00a0<\/em><a href=\"https:\/\/whatsapp.com\/channel\/0029Va6Rb4v3WHTNnsh8WI3N\"><strong><em>WhatsApp<\/em><\/strong><\/a><em>\u00a0e\u00a0<\/em><a href=\"https:\/\/www.youtube.com\/@acordacidadenoticias\/videos\"><strong>Youtube<\/strong><\/a><em>\u00a0e grupo de\u00a0<\/em><a href=\"https:\/\/t.me\/+sSz0khrgARA0ZmRh\"><strong><em>Telegram<\/em><\/strong><\/a><em>.<\/em><\/p>\n<\/div>\n","protected":false},"excerpt":{"rendered":"<div>\n<div>\n<figure><img decoding=\"async\" src=\"https:\/\/uploads.acordacidade.com.br\/2025\/06\/julianamarins_redessociais.jpg\" alt=\"Juliana Marins\"><figcaption>Foto: Redes Sociais<\/figcaption><\/figure>\n<\/div>\n<p>O pai de Juliana, Manoel Marins, conversou com a imprensa e agradeceu a mobiliza\u00e7\u00e3o de todo o pa\u00eds para que o caso ganhasse relev\u00e2ncia.<\/p><\/div>\n","protected":false},"author":1,"featured_media":92118,"comment_status":"closed","ping_status":"closed","sticky":false,"template":"","format":"gallery","meta":{"footnotes":""},"categories":[8,9,6,57,56,10],"tags":[],"class_list":["post-92117","post","type-post","status-publish","format-gallery","has-post-thumbnail","hentry","category-bahia","category-brasil","category-feira-de-santana","category-mundo","category-policia","category-politica","post_format-post-format-gallery"],"featured_image_urls":{"full":["https:\/\/noticiasbahia360.com.br\/wp-content\/uploads\/2025\/07\/julianamarins_redessociais.jpg",804,528,false],"thumbnail":["https:\/\/noticiasbahia360.com.br\/wp-content\/uploads\/2025\/07\/julianamarins_redessociais-150x150.jpg",150,150,true],"medium":["https:\/\/noticiasbahia360.com.br\/wp-content\/uploads\/2025\/07\/julianamarins_redessociais-300x197.jpg",300,197,true],"medium_large":["https:\/\/noticiasbahia360.com.br\/wp-content\/uploads\/2025\/07\/julianamarins_redessociais-768x504.jpg",640,420,true],"large":["https:\/\/noticiasbahia360.com.br\/wp-content\/uploads\/2025\/07\/julianamarins_redessociais.jpg",640,420,false],"1536x1536":["https:\/\/noticiasbahia360.com.br\/wp-content\/uploads\/2025\/07\/julianamarins_redessociais.jpg",804,528,false],"2048x2048":["https:\/\/noticiasbahia360.com.br\/wp-content\/uploads\/2025\/07\/julianamarins_redessociais.jpg",804,528,false],"chromenews-featured":["https:\/\/noticiasbahia360.com.br\/wp-content\/uploads\/2025\/07\/julianamarins_redessociais.jpg",804,528,false],"chromenews-large":["https:\/\/noticiasbahia360.com.br\/wp-content\/uploads\/2025\/07\/julianamarins_redessociais.jpg",804,528,false],"chromenews-medium":["https:\/\/noticiasbahia360.com.br\/wp-content\/uploads\/2025\/07\/julianamarins_redessociais-590x410.jpg",590,410,true]},"author_info":{"display_name":"noticiasbahia360.com.br","author_link":"https:\/\/noticiasbahia360.com.br\/?author=1"},"category_info":"<a href=\"https:\/\/noticiasbahia360.com.br\/?cat=8\" rel=\"category\">Bahia<\/a> <a href=\"https:\/\/noticiasbahia360.com.br\/?cat=9\" rel=\"category\">Brasil<\/a> <a href=\"https:\/\/noticiasbahia360.com.br\/?cat=6\" rel=\"category\">Feira de Santana<\/a> <a href=\"https:\/\/noticiasbahia360.com.br\/?cat=57\" rel=\"category\">Mundo<\/a> <a href=\"https:\/\/noticiasbahia360.com.br\/?cat=56\" rel=\"category\">Pol\u00edcia<\/a> <a href=\"https:\/\/noticiasbahia360.com.br\/?cat=10\" rel=\"category\">Pol\u00edtica<\/a>","tag_info":"Pol\u00edtica","comment_count":"0","_links":{"self":[{"href":"https:\/\/noticiasbahia360.com.br\/index.php?rest_route=\/wp\/v2\/posts\/92117","targetHints":{"allow":["GET"]}}],"collection":[{"href":"https:\/\/noticiasbahia360.com.br\/index.php?rest_route=\/wp\/v2\/posts"}],"about":[{"href":"https:\/\/noticiasbahia360.com.br\/index.php?rest_route=\/wp\/v2\/types\/post"}],"author":[{"embeddable":true,"href":"https:\/\/noticiasbahia360.com.br\/index.php?rest_route=\/wp\/v2\/users\/1"}],"replies":[{"embeddable":true,"href":"https:\/\/noticiasbahia360.com.br\/index.php?rest_route=%2Fwp%2Fv2%2Fcomments&post=92117"}],"version-history":[{"count":0,"href":"https:\/\/noticiasbahia360.com.br\/index.php?rest_route=\/wp\/v2\/posts\/92117\/revisions"}],"wp:featuredmedia":[{"embeddable":true,"href":"https:\/\/noticiasbahia360.com.br\/index.php?rest_route=\/wp\/v2\/media\/92118"}],"wp:attachment":[{"href":"https:\/\/noticiasbahia360.com.br\/index.php?rest_route=%2Fwp%2Fv2%2Fmedia&parent=92117"}],"wp:term":[{"taxonomy":"category","embeddable":true,"href":"https:\/\/noticiasbahia360.com.br\/index.php?rest_route=%2Fwp%2Fv2%2Fcategories&post=92117"},{"taxonomy":"post_tag","embeddable":true,"href":"https:\/\/noticiasbahia360.com.br\/index.php?rest_route=%2Fwp%2Fv2%2Ftags&post=92117"}],"curies":[{"name":"wp","href":"https:\/\/api.w.org\/{rel}","templated":true}]}}