{"id":92119,"date":"2025-07-04T16:02:54","date_gmt":"2025-07-04T19:02:54","guid":{"rendered":"https:\/\/noticiasbahia360.com.br\/?p=92119"},"modified":"2025-07-04T16:02:54","modified_gmt":"2025-07-04T19:02:54","slug":"lula-cobra-fiscalizacao-de-precos-de-combustiveis","status":"publish","type":"post","link":"https:\/\/noticiasbahia360.com.br\/?p=92119","title":{"rendered":"Lula cobra fiscaliza\u00e7\u00e3o de pre\u00e7os de combust\u00edveis"},"content":{"rendered":"<div>\n<div>\n<figure><img decoding=\"async\" src=\"http:\/\/noticiasbahia360.com.br\/wp-content\/uploads\/2025\/07\/Lula-cobra-fiscalizacao-de-precos-de-combustiveis.jpg\" alt=\"Lula cobra fiscaliza\u00e7\u00e3o de pre\u00e7os de combust\u00edveis\"><figcaption>Foto: Ricardo Stuckert \/ PR<\/figcaption><\/figure>\n<\/div>\n<p>Ag\u00eancia Brasil \u2013 O presidente Luiz In\u00e1cio Lula da Silva cobrou, nesta sexta-feira (4), que os \u00f3rg\u00e3os de defesa do <a href=\"https:\/\/www.acordacidade.com.br\/tag\/consumidor\/\">consumidor <\/a>fiscalizem os pre\u00e7os dos combust\u00edveis para que a popula\u00e7\u00e3o pague o valor justo pelos produtos. Para ele, quando a Petrobras reduz os valores, os postos devem baixar o pre\u00e7o na mesma magnitude para o consumidor.<\/p>\n<p>\u201c\u00c9 preciso que esses \u00f3rg\u00e3os que t\u00eam a fun\u00e7\u00e3o de fiscalizar n\u00e3o permitam que nenhum posto de <a href=\"https:\/\/www.acordacidade.com.br\/tag\/gasolina\/\">gasolina <\/a>neste pa\u00eds venda a gasolina mais cara do que aquilo que \u00e9 o pre\u00e7o que ela tem que vender. E muito menos \u00f3leo diesel. N\u00e3o \u00e9 poss\u00edvel que a Petrobras anuncia o desconto de 1 centavo e esse desconto n\u00e3o chega para o consumidor\u201d, disse.<\/p>\n<p>\u201cSe a Petrobras consegue entregar [o g\u00e1s de cozinha] a R$ 37, quem diabos est\u00e1 roubando que chega a R$ 140 [para o consumidor]? Para que ganhar tanto? Ent\u00e3o, quando a gente fala que quer fazer as coisas, chamam a gente de populista: \u2018est\u00e1 interferindo no mercado\u2019. Eu quero interferir no mercado para baixar o pre\u00e7o da comida, \u00e9 isso que eu quero\u201d, refor\u00e7ou o presidente.<\/p>\n<p>Lula citou a Secretaria Nacional do Consumidor (Senacon), do Minist\u00e9rio da Justi\u00e7a e Seguran\u00e7a P\u00fablica, a Ag\u00eancia Nacional do Petr\u00f3leo, G\u00e1s Natural e Biocombust\u00edveis (ANP), os Procons estaduais, o Conselho Administrativo de Defesa Econ\u00f4mica (Cade) e a Pol\u00edcia Federal.<\/p>\n<p>\u201cO nosso \u00f3leo diesel e a nossa gasolina, hoje, est\u00e3o mais baratos do que quando n\u00f3s entramos na Presid\u00eancia dois anos e meio atr\u00e1s. Se pode estar muito caro, est\u00e1 igual. Mas, se levar a infla\u00e7\u00e3o deste per\u00edodo, a gente vai mostrar que aqueles que dizem que est\u00e1 caro precisam levar em conta que, mesmo quando a Petrobras baixa, muitos postos de gasolinas n\u00e3o reduzem\u201d, refor\u00e7ou.<\/p>\n<p>Lula participou do an\u00fancio de investimentos da <a href=\"https:\/\/www.acordacidade.com.br\/tag\/petrobras\/\">Petrobras<\/a>, na Refinaria Duque de Caxias, no Rio de Janeiro. As informa\u00e7\u00f5es foram detalhadas, nesta quinta-feira (3), pela companhia, e os recursos investidos superam R$ 33 bilh\u00f5es no setor de refino e petroqu\u00edmica no Rio de Janeiro.<\/p>\n<p>\u201cDeixa a Petrobras investir em petr\u00f3leo. Voc\u00ea tem que investir em pesquisa antes e investir em pesquisa pode ser negativo, eu posso fazer uma pesquisa e n\u00e3o encontrar nada. Mas, se n\u00e3o investir, a gente n\u00e3o tem chance de achar\u201d, disse, reafirmando que as riquezas oriundas dos combust\u00edveis f\u00f3sseis devem financiar a transi\u00e7\u00e3o energ\u00e9tica.<\/p>\n<p>\u201cEu n\u00e3o vou abrir m\u00e3o do petr\u00f3leo brasileiro para os outros explorarem. Eu quero que a gente fa\u00e7a da forma mais saud\u00e1vel poss\u00edvel, da forma mais respons\u00e1vel poss\u00edvel. Eu tenho orgulho de a Petrobras ser uma empresa que leva muito a s\u00e9rio a quest\u00e3o clim\u00e1tica. A gente n\u00e3o quer prejudicar nada, mas a gente n\u00e3o quer abrir m\u00e3o da riqueza do nosso pa\u00eds para favorecer o nosso pr\u00f3prio povo\u201d, argumentou.<\/p>\n<p><em>Siga o Acorda Cidade no<\/em><a href=\"https:\/\/news.google.com\/search?q=acorda%20cidade&amp;hl=pt-BR&amp;gl=BR&amp;ceid=BR%3Apt-419\"><strong><em>\u00a0Google Not\u00edcias<\/em><\/strong><\/a><em>\u00a0e receba os principais destaques do dia. Participe tamb\u00e9m dos nossos canais no\u00a0<\/em><a href=\"https:\/\/whatsapp.com\/channel\/0029Va6Rb4v3WHTNnsh8WI3N\"><strong><em>WhatsApp<\/em><\/strong><\/a><em>\u00a0e\u00a0<\/em><a href=\"https:\/\/www.youtube.com\/@acordacidadenoticias\/videos\"><strong>Youtube<\/strong><\/a><em>\u00a0e grupo de\u00a0<\/em><a href=\"https:\/\/t.me\/+sSz0khrgARA0ZmRh\"><strong><em>Telegram<\/em><\/strong><\/a><em>.<\/em><\/p>\n<\/div>\n","protected":false},"excerpt":{"rendered":"<div>\n<div>\n<figure><img decoding=\"async\" src=\"https:\/\/uploads.acordacidade.com.br\/2025\/07\/Lula-cobra-fiscalizacao-de-precos-de-combustiveis.jpg\" alt=\"Lula cobra fiscaliza\u00e7\u00e3o de pre\u00e7os de combust\u00edveis\"><figcaption>Foto: Ricardo Stuckert \/ PR<\/figcaption><\/figure>\n<\/div>\n<p>O presidente reafirmou que as riquezas oriundas dos combust\u00edveis f\u00f3sseis devem financiar a transi\u00e7\u00e3o energ\u00e9tica.<\/p><\/div>\n","protected":false},"author":1,"featured_media":92120,"comment_status":"closed","ping_status":"closed","sticky":false,"template":"","format":"gallery","meta":{"footnotes":""},"categories":[8,9,6,57,56,10],"tags":[],"class_list":["post-92119","post","type-post","status-publish","format-gallery","has-post-thumbnail","hentry","category-bahia","category-brasil","category-feira-de-santana","category-mundo","category-policia","category-politica","post_format-post-format-gallery"],"featured_image_urls":{"full":["https:\/\/noticiasbahia360.com.br\/wp-content\/uploads\/2025\/07\/Lula-cobra-fiscalizacao-de-precos-de-combustiveis.jpg",1200,718,false],"thumbnail":["https:\/\/noticiasbahia360.com.br\/wp-content\/uploads\/2025\/07\/Lula-cobra-fiscalizacao-de-precos-de-combustiveis-150x150.jpg",150,150,true],"medium":["https:\/\/noticiasbahia360.com.br\/wp-content\/uploads\/2025\/07\/Lula-cobra-fiscalizacao-de-precos-de-combustiveis-300x180.jpg",300,180,true],"medium_large":["https:\/\/noticiasbahia360.com.br\/wp-content\/uploads\/2025\/07\/Lula-cobra-fiscalizacao-de-precos-de-combustiveis-768x460.jpg",640,383,true],"large":["https:\/\/noticiasbahia360.com.br\/wp-content\/uploads\/2025\/07\/Lula-cobra-fiscalizacao-de-precos-de-combustiveis-1024x613.jpg",640,383,true],"1536x1536":["https:\/\/noticiasbahia360.com.br\/wp-content\/uploads\/2025\/07\/Lula-cobra-fiscalizacao-de-precos-de-combustiveis.jpg",1200,718,false],"2048x2048":["https:\/\/noticiasbahia360.com.br\/wp-content\/uploads\/2025\/07\/Lula-cobra-fiscalizacao-de-precos-de-combustiveis.jpg",1200,718,false],"chromenews-featured":["https:\/\/noticiasbahia360.com.br\/wp-content\/uploads\/2025\/07\/Lula-cobra-fiscalizacao-de-precos-de-combustiveis-1024x613.jpg",1024,613,true],"chromenews-large":["https:\/\/noticiasbahia360.com.br\/wp-content\/uploads\/2025\/07\/Lula-cobra-fiscalizacao-de-precos-de-combustiveis-825x575.jpg",825,575,true],"chromenews-medium":["https:\/\/noticiasbahia360.com.br\/wp-content\/uploads\/2025\/07\/Lula-cobra-fiscalizacao-de-precos-de-combustiveis-590x410.jpg",590,410,true]},"author_info":{"display_name":"noticiasbahia360.com.br","author_link":"https:\/\/noticiasbahia360.com.br\/?author=1"},"category_info":"<a href=\"https:\/\/noticiasbahia360.com.br\/?cat=8\" rel=\"category\">Bahia<\/a> <a href=\"https:\/\/noticiasbahia360.com.br\/?cat=9\" rel=\"category\">Brasil<\/a> <a href=\"https:\/\/noticiasbahia360.com.br\/?cat=6\" rel=\"category\">Feira de Santana<\/a> <a href=\"https:\/\/noticiasbahia360.com.br\/?cat=57\" rel=\"category\">Mundo<\/a> <a href=\"https:\/\/noticiasbahia360.com.br\/?cat=56\" rel=\"category\">Pol\u00edcia<\/a> <a href=\"https:\/\/noticiasbahia360.com.br\/?cat=10\" rel=\"category\">Pol\u00edtica<\/a>","tag_info":"Pol\u00edtica","comment_count":"0","_links":{"self":[{"href":"https:\/\/noticiasbahia360.com.br\/index.php?rest_route=\/wp\/v2\/posts\/92119","targetHints":{"allow":["GET"]}}],"collection":[{"href":"https:\/\/noticiasbahia360.com.br\/index.php?rest_route=\/wp\/v2\/posts"}],"about":[{"href":"https:\/\/noticiasbahia360.com.br\/index.php?rest_route=\/wp\/v2\/types\/post"}],"author":[{"embeddable":true,"href":"https:\/\/noticiasbahia360.com.br\/index.php?rest_route=\/wp\/v2\/users\/1"}],"replies":[{"embeddable":true,"href":"https:\/\/noticiasbahia360.com.br\/index.php?rest_route=%2Fwp%2Fv2%2Fcomments&post=92119"}],"version-history":[{"count":0,"href":"https:\/\/noticiasbahia360.com.br\/index.php?rest_route=\/wp\/v2\/posts\/92119\/revisions"}],"wp:featuredmedia":[{"embeddable":true,"href":"https:\/\/noticiasbahia360.com.br\/index.php?rest_route=\/wp\/v2\/media\/92120"}],"wp:attachment":[{"href":"https:\/\/noticiasbahia360.com.br\/index.php?rest_route=%2Fwp%2Fv2%2Fmedia&parent=92119"}],"wp:term":[{"taxonomy":"category","embeddable":true,"href":"https:\/\/noticiasbahia360.com.br\/index.php?rest_route=%2Fwp%2Fv2%2Fcategories&post=92119"},{"taxonomy":"post_tag","embeddable":true,"href":"https:\/\/noticiasbahia360.com.br\/index.php?rest_route=%2Fwp%2Fv2%2Ftags&post=92119"}],"curies":[{"name":"wp","href":"https:\/\/api.w.org\/{rel}","templated":true}]}}