{"id":92123,"date":"2025-07-04T16:35:48","date_gmt":"2025-07-04T19:35:48","guid":{"rendered":"https:\/\/noticiasbahia360.com.br\/?p=92123"},"modified":"2025-07-04T16:35:48","modified_gmt":"2025-07-04T19:35:48","slug":"minha-casa-minha-vida-seminario-debate-impactos-no-programa-habitacional-em-feira-de-santana","status":"publish","type":"post","link":"https:\/\/noticiasbahia360.com.br\/?p=92123","title":{"rendered":"Minha Casa, Minha Vida: Semin\u00e1rio debate impactos no programa habitacional em Feira de Santana"},"content":{"rendered":"<div>\n<div>\n<figure><img decoding=\"async\" src=\"http:\/\/noticiasbahia360.com.br\/wp-content\/uploads\/2025\/07\/seminario-impactos-do-minha-casa-minha-vida-foto-paulo-jose-acorda-cidade-00.jpg\" alt=\"Semin\u00e1rio sobre Minha Casa Minha Vida\"><figcaption>Foto: Paulo Jos\u00e9 \/ Acorda Cidade<\/figcaption><\/figure>\n<\/div>\n<p>Os impactos sociais, econ\u00f4micos e desafios do programa habitacional Minha Casa Minha Vida foram o tema central do semin\u00e1rio promovido pelo <a href=\"https:\/\/www.acordacidade.com.br\/tag\/deputado-federal\/\">Deputado Federal<\/a> Z\u00e9 Neto (PT-BA), nesta sexta-feira (4). O evento foi realizado no audit\u00f3rio da C\u00e2mara de Dirigentes Lojistas (CDL), em Feira de Santana \u00e0s 9h.\u00a0<\/p>\n<p>O semin\u00e1rio contou a presen\u00e7a tamb\u00e9m do Secret\u00e1rio Nacional de Habita\u00e7\u00e3o, Augusto Henrique Rabelo. Em entrevista ao Acorda Cidade, o Secret\u00e1rio fala sobre o papel do\u00a0Governo Federal no fortalecimento da habita\u00e7\u00e3o popular por meio do Minha Casa, Minha Vida.<\/p>\n<figure class=\"wp-block-image size-full\"><img fetchpriority=\"high\" data-dominant-color=\"75847a\" data-has-transparency=\"false\" style=\"--dominant-color: #75847a;\" fetchpriority=\"high\" decoding=\"async\" width=\"1200\" height=\"554\" sizes=\"(max-width: 1200px) 100vw, 1200px\" src=\"http:\/\/noticiasbahia360.com.br\/wp-content\/uploads\/2025\/07\/secretario-seminario-impactos-do-minha-casa-minha-vida-foto-paulo-jose-acorda-cidade.jpg\" alt=\"Secret\u00e1rio Nacional de Habita\u00e7\u00e3o, Augusto Henrique Rabelo\" class=\"wp-image-571468 not-transparent\" srcset=\"https:\/\/uploads.acordacidade.com.br\/2025\/07\/secretario-seminario-impactos-do-minha-casa-minha-vida-foto-paulo-jose-acorda-cidade-648x299.jpg 648w, https:\/\/uploads.acordacidade.com.br\/2025\/07\/secretario-seminario-impactos-do-minha-casa-minha-vida-foto-paulo-jose-acorda-cidade-984x454.jpg 984w, https:\/\/uploads.acordacidade.com.br\/2025\/07\/secretario-seminario-impactos-do-minha-casa-minha-vida-foto-paulo-jose-acorda-cidade-150x69.jpg 150w, http:\/\/noticiasbahia360.com.br\/wp-content\/uploads\/2025\/07\/secretario-seminario-impactos-do-minha-casa-minha-vida-foto-paulo-jose-acorda-cidade.jpg 1200w\"><figcaption class=\"wp-element-caption\">Augusto Henrique Rabelo, Secret\u00e1rio Nacional de Habita\u00e7\u00e3o \u2013 Foto: Paulo Jos\u00e9 \/ Acorda Cidade<\/figcaption><\/figure>\n<p>\u201cO papel do Governo Federal \u00e9 muito importante porque a pol\u00edtica do Minha Casa, Minha Vida \u00e9 a principal, \u00e9 a pol\u00edtica habitacional nacional e junto com os governos estaduais, governo da Bahia, inclusive, a gente vem fazendo esses investimentos.\u201d<\/p>\n<p>O representante explica que o Minha Casa, Minha Vida vive uma nova roupagem, de certa forma, com os investimentos que v\u00eam sendo feitos.<\/p>\n<blockquote class=\"wp-block-quote is-layout-flow wp-block-quote-is-layout-flow\">\n<p>\u201cHoje o Brasil est\u00e1 vivendo um novo momento, a habita\u00e7\u00e3o est\u00e1 com investimentos recordes, inclusive aqui na Bahia, um novo momento, com muitas casas sendo constru\u00eddas.\u00a0Todo esse processo de reconstru\u00e7\u00e3o, de recomposi\u00e7\u00e3o do Minha Casa Minha Vida est\u00e1 fazendo a gente poder estar aqui hoje, inclusive, fazendo esse debate qualificado sobre os avan\u00e7os do programa.\u201d<\/p>\n<\/blockquote>\n<p>Questionado a respeito da formula\u00e7\u00e3o de novas pol\u00edticas que atendam a sociedade, o secret\u00e1rio afirmou que o di\u00e1logo est\u00e1 sendo uma das ferramentas.<\/p>\n<p>\u201cH\u00e1 um di\u00e1logo permanente, inclusive tamb\u00e9m com o apoio da Casa Civil, da Presid\u00eancia da Rep\u00fablica, para que a gente possa estar o tempo todo atendendo as demandas que s\u00e3o colocadas e ao mesmo tempo trabalhando pela melhoria das regras.\u201d<\/p>\n<figure class=\"wp-block-image size-full\"><img data-dominant-color=\"6e625b\" data-has-transparency=\"false\" style=\"--dominant-color: #6e625b;\" decoding=\"async\" width=\"1200\" height=\"554\" sizes=\"(max-width: 1200px) 100vw, 1200px\" src=\"http:\/\/noticiasbahia360.com.br\/wp-content\/uploads\/2025\/07\/seminario-impactos-do-minha-casa-minha-vida-foto-paulo-jose-acorda-cidade-04.jpg\" alt=\"\" class=\"wp-image-571464 not-transparent\" srcset=\"https:\/\/uploads.acordacidade.com.br\/2025\/07\/seminario-impactos-do-minha-casa-minha-vida-foto-paulo-jose-acorda-cidade-04-648x299.jpg 648w, https:\/\/uploads.acordacidade.com.br\/2025\/07\/seminario-impactos-do-minha-casa-minha-vida-foto-paulo-jose-acorda-cidade-04-984x454.jpg 984w, https:\/\/uploads.acordacidade.com.br\/2025\/07\/seminario-impactos-do-minha-casa-minha-vida-foto-paulo-jose-acorda-cidade-04-150x69.jpg 150w, http:\/\/noticiasbahia360.com.br\/wp-content\/uploads\/2025\/07\/seminario-impactos-do-minha-casa-minha-vida-foto-paulo-jose-acorda-cidade-04.jpg 1200w\"><figcaption class=\"wp-element-caption\">Foto: Paulo Jos\u00e9 \/ Acorda Cidade<\/figcaption><\/figure>\n<p>Outro participante do evento foi Ant\u00f4nio Vitor, diretor executivo da Cepreng Engenharia, construtora que ir\u00e1 atuar na realiza\u00e7\u00e3o dos empreendimentos. Na \u00faltima semana, o l\u00edder esteve em Medelin na Col\u00f4mbia para conhecer um projeto similar ao Minha Casa Minha Vida do pa\u00eds, e trouxe suas impress\u00f5es.<\/p>\n<figure class=\"wp-block-image size-large\"><img data-dominant-color=\"5d5451\" data-has-transparency=\"false\" style=\"--dominant-color: #5d5451;\" decoding=\"async\" width=\"1022\" height=\"768\" sizes=\"(max-width: 1022px) 100vw, 1022px\" src=\"http:\/\/noticiasbahia360.com.br\/wp-content\/uploads\/2025\/07\/diretorexecutivo_cepreng_engenharia_minhacasaminhavida_foto_paulojose_acordacidade-1022x768-1.jpg\" alt=\"Ant\u00f4nio Vitor, diretor executivo da Cepreng \" class=\"wp-image-571512 not-transparent\" srcset=\"https:\/\/uploads.acordacidade.com.br\/2025\/07\/diretorexecutivo_cepreng_engenharia_minhacasaminhavida_foto_paulojose_acordacidade-486x365.jpg 486w, http:\/\/noticiasbahia360.com.br\/wp-content\/uploads\/2025\/07\/diretorexecutivo_cepreng_engenharia_minhacasaminhavida_foto_paulojose_acordacidade-1022x768-1.jpg 1022w, https:\/\/uploads.acordacidade.com.br\/2025\/07\/diretorexecutivo_cepreng_engenharia_minhacasaminhavida_foto_paulojose_acordacidade-736x553.jpg 736w, https:\/\/uploads.acordacidade.com.br\/2025\/07\/diretorexecutivo_cepreng_engenharia_minhacasaminhavida_foto_paulojose_acordacidade-150x113.jpg 150w, https:\/\/uploads.acordacidade.com.br\/2025\/07\/diretorexecutivo_cepreng_engenharia_minhacasaminhavida_foto_paulojose_acordacidade.jpg 1200w\"><figcaption class=\"wp-element-caption\">Ant\u00f4nio Vitor, diretor executivo da Cepreng \u2013 Foto: Paulo Jos\u00e9 \/ Acorda Cidade<\/figcaption><\/figure>\n<p>Em rela\u00e7\u00e3o a estrutura, Ant\u00f4nio considera o trabalho do Brasil ainda superior, no entanto em rela\u00e7\u00e3o ao lado social do projeto, ele destaca que a Col\u00f4mbia tem um diferencial.<\/p>\n<p>\u201cNosso Minha Casa, Minha Vida possui uma qualidade habitacional melhor. Isso \u00e9 fact\u00edvel, eu pude comprovar de perto, entrei nos habitacionais. Por\u00e9m, o programa colombiano fica muito melhor que o nosso, ao ponto que eles conseguem fazer o gerenciamento dos empreendimentos.\u201d<\/p>\n<p>Segundo o construtor, a diferen\u00e7a est\u00e1 nas atividades voltadas para integra\u00e7\u00e3o social.<\/p>\n<p>\u201cA Col\u00f4mbia \u00e9 um pa\u00eds que nos \u00faltimos anos foi assolado pelo tr\u00e1fico, pelo narcotr\u00e1fico, pelo narcoterrorismo, guerrilhas. E conseguiu fazer um projeto de mudan\u00e7a de seguran\u00e7a p\u00fablica atrav\u00e9s de projetos de habita\u00e7\u00e3o e cultura.\u201d<\/p>\n<p>Ele explica que na Col\u00f4mbia integrado ao projeto habitacional existem Unidades de Vida Articuladas (UVAs), que consistem em centros p\u00fablicos que agregam diversas atividades voltadas para a integra\u00e7\u00e3o das pessoas, como esportes, tecnologia, cultura e realidade virtual.<\/p>\n<p>Essas demandas desenvolvidas principalmente em bairros de vulnerabilidade fazem com que o projeto seja melhor aproveitado a longo prazo na Col\u00f4mbia.<\/p>\n<p>\u201cEnt\u00e3o essas atividades culturais, integra\u00e7\u00e3o com as demandas sociais, a elei\u00e7\u00e3o de l\u00edderes sociais para poder indicar as demandas do bairro torna a gest\u00e3o do bairro muito mais otimizada\u201d, concluiu o construtor.<\/p>\n<h2 class=\"wp-block-heading\" id=\"h-seguranca-nbsp\"><strong>Seguran\u00e7a\u00a0<\/strong><\/h2>\n<p>O evento contou com a presen\u00e7a do Coronel Michel Muller, Comandante do Comando de Policiamento Regional Leste (CPR-L) em Feira de Santana. Em entrevista ao Acorda Cidade, o coronel falou sobre um tema bastante discutido em rela\u00e7\u00e3o ao programa habitacional; a seguran\u00e7a.<\/p>\n<figure class=\"wp-block-image size-large\"><img data-dominant-color=\"7a7773\" data-has-transparency=\"false\" style=\"--dominant-color: #7a7773;\" decoding=\"async\" width=\"1156\" height=\"768\" sizes=\"(max-width: 1156px) 100vw, 1156px\" src=\"http:\/\/noticiasbahia360.com.br\/wp-content\/uploads\/2025\/07\/coronelmuller_CPRL_evento_minhacasaminhavida_foto_paulojose_acordacidade-1156x768-1.jpg\" alt=\"Coronel Michel M\u00fcller - comandante do CPRL\" class=\"wp-image-571511 not-transparent\" srcset=\"https:\/\/uploads.acordacidade.com.br\/2025\/07\/coronelmuller_CPRL_evento_minhacasaminhavida_foto_paulojose_acordacidade-550x365.jpg 550w, http:\/\/noticiasbahia360.com.br\/wp-content\/uploads\/2025\/07\/coronelmuller_CPRL_evento_minhacasaminhavida_foto_paulojose_acordacidade-1156x768-1.jpg 1156w, https:\/\/uploads.acordacidade.com.br\/2025\/07\/coronelmuller_CPRL_evento_minhacasaminhavida_foto_paulojose_acordacidade-833x553.jpg 833w, https:\/\/uploads.acordacidade.com.br\/2025\/07\/coronelmuller_CPRL_evento_minhacasaminhavida_foto_paulojose_acordacidade-150x100.jpg 150w, https:\/\/uploads.acordacidade.com.br\/2025\/07\/coronelmuller_CPRL_evento_minhacasaminhavida_foto_paulojose_acordacidade.jpg 1200w\"><figcaption class=\"wp-element-caption\">Coronel Michel M\u00fcller, comandante do CPRL \u2013 Foto: Paulo Jos\u00e9 \/ Acorda Cidade<\/figcaption><\/figure>\n<p>O Coronel afirmou que a Pol\u00edcia Militar tem o diagn\u00f3stico completo dos conjuntos habitacionais do Minha Casa Minha Vida em Feira de Santana, e esse diagn\u00f3stico auxilia no acompanhamento e a\u00e7\u00f5es programadas para as regi\u00f5es.<\/p>\n<p>\u201cN\u00f3s fazemos o permanente monitoramento de tudo o que acontece em cada unidade. Sabemos dos problemas que existem. Reconhecemos o esfor\u00e7o do governo para proporcionar a essas fam\u00edlias dignidade atrav\u00e9s da oferta de moradia, mas tamb\u00e9m temos ao largo disso alguns problemas estruturais que acabam descambando por uma quest\u00e3o de seguran\u00e7a p\u00fablica.\u201d<\/p>\n<p>O coronel afirma que a redu\u00e7\u00e3o do n\u00fameros de CVLIs em algumas regi\u00f5es provam que a\u00e7\u00f5es importantes de policiamento v\u00eam sendo feitas.\u00a0\u00a0<\/p>\n<p>\u201cN\u00f3s temos feito interven\u00e7\u00f5es. Vou citar um exemplo do bairro da Mangabeira, no primeiro semestre do ano passado, foram 10 homic\u00eddios e no ano de 2025 foram apenas 2. \u00c9 claro que nossa meta sempre \u00e9 o zero, mas voc\u00ea tem uma redu\u00e7\u00e3o importante. \u201d<\/p>\n<p>O Coronel Muller ainda acrescentou sobre o plano do governo de cria\u00e7\u00e3o de um novo batalh\u00e3o que ir\u00e1 atender a \u00e1reas com destaque de risco.<\/p>\n<blockquote class=\"wp-block-quote is-layout-flow wp-block-quote-is-layout-flow\">\n<p>\u201cA not\u00edcia j\u00e1 ventilada pelo secret\u00e1rio de seguran\u00e7a p\u00fablica, a cria\u00e7\u00e3o de um batalh\u00e3o aqui em Feira de Santana, e eu trago a not\u00edcia que o bairro da Concei\u00e7\u00e3o e Mangabeira ter\u00e3o aten\u00e7\u00e3o especial. Esse batalh\u00e3o dever\u00e1 ser instalado ali no entorno da Lagoa Grande, o 25\u00ba batalh\u00e3o. Acredito que no m\u00eas de agosto ou setembro teremos not\u00edcias relacionadas\u201d, afirmou.<\/p>\n<\/blockquote>\n<figure class=\"wp-block-image size-full\"><img loading=\"lazy\" data-dominant-color=\"675955\" data-has-transparency=\"false\" style=\"--dominant-color: #675955;\" decoding=\"async\" width=\"1200\" height=\"554\" sizes=\"(max-width: 1200px) 100vw, 1200px\" src=\"http:\/\/noticiasbahia360.com.br\/wp-content\/uploads\/2025\/07\/seminario-impactos-do-minha-casa-minha-vida-foto-paulo-jose-acorda-cidade-03.jpg\" alt=\"Semin\u00e1rio sobre Minha Casa Minha Vida\" class=\"wp-image-571465 not-transparent\" srcset=\"https:\/\/uploads.acordacidade.com.br\/2025\/07\/seminario-impactos-do-minha-casa-minha-vida-foto-paulo-jose-acorda-cidade-03-648x299.jpg 648w, https:\/\/uploads.acordacidade.com.br\/2025\/07\/seminario-impactos-do-minha-casa-minha-vida-foto-paulo-jose-acorda-cidade-03-984x454.jpg 984w, https:\/\/uploads.acordacidade.com.br\/2025\/07\/seminario-impactos-do-minha-casa-minha-vida-foto-paulo-jose-acorda-cidade-03-150x69.jpg 150w, http:\/\/noticiasbahia360.com.br\/wp-content\/uploads\/2025\/07\/seminario-impactos-do-minha-casa-minha-vida-foto-paulo-jose-acorda-cidade-03.jpg 1200w\"><figcaption class=\"wp-element-caption\">Foto: Paulo Jos\u00e9 \/ Acorda Cidade<\/figcaption><\/figure>\n<h2 class=\"wp-block-heading\" id=\"h-unidades-inabitadas\"><strong>Unidades inabitadas<\/strong><\/h2>\n<p>A quest\u00e3o da seguran\u00e7a passa tamb\u00e9m pela ocupa\u00e7\u00e3o dos im\u00f3veis. O Coronel explica que unidades inabitadas tendem a se tornar ponto para atividades de suspeita criminosa.\u00a0<\/p>\n<p>\u201cSe voc\u00ea visitar, voc\u00ea vai verificar que tem unidades habitacionais que est\u00e3o ali, que n\u00e3o possuem janela, que se voc\u00ea subir n\u00e3o possui porta, est\u00e3o inabitadas e efetivamente oportunizando ali a instala\u00e7\u00e3o de associa\u00e7\u00f5es criminosas.\u201d<\/p>\n<p>Apesar da atua\u00e7\u00e3o da Pol\u00edcia Militar com o monitoramento, essa fiscaliza\u00e7\u00e3o n\u00e3o compete completamente \u00e0 institui\u00e7\u00e3o.<\/p>\n<p>\u201cS\u00e3o pessoas que sugestionam atividade criminosa, mas isso n\u00e3o \u00e9 um controle das for\u00e7as de seguran\u00e7a, determinar quem ocupa ou deixa de ocupar, ou se a unidade est\u00e1 sendo ocupada irregularmente. Foge a nossa compet\u00eancia, da nossa parte \u00e9 s\u00f3 monitorar, controlar e fazer conten\u00e7\u00e3o social\u201d, esclareceu.<\/p>\n<p><em>Com informa\u00e7\u00f5es do rep\u00f3rter Paulo Jos\u00e9 do Acorda Cidade<\/em><\/p>\n<p><em>Siga o Acorda Cidade no<\/em><a href=\"https:\/\/news.google.com\/search?q=acorda%20cidade&amp;hl=pt-BR&amp;gl=BR&amp;ceid=BR%3Apt-419\"><strong><em> Google Not\u00edcias<\/em><\/strong><\/a><em> e receba os principais destaques do dia. Participe tamb\u00e9m dos nossos canais no <\/em><a href=\"https:\/\/whatsapp.com\/channel\/0029Va6Rb4v3WHTNnsh8WI3N\"><strong><em>WhatsApp<\/em><\/strong><\/a><em> e <\/em><a href=\"https:\/\/www.youtube.com\/@acordacidadenoticias\/videos\"><strong>Youtube<\/strong><\/a><em> e grupo de <\/em><a href=\"https:\/\/t.me\/+sSz0khrgARA0ZmRh\"><strong><em>Telegram<\/em><\/strong><\/a><em>.<\/em><\/p>\n<\/div>\n","protected":false},"excerpt":{"rendered":"<div>\n<div>\n<figure><img decoding=\"async\" src=\"https:\/\/uploads.acordacidade.com.br\/2025\/07\/seminario-impactos-do-minha-casa-minha-vida-foto-paulo-jose-acorda-cidade-00.jpg\" alt=\"Semin\u00e1rio sobre Minha Casa Minha Vida\"><figcaption>Foto: Paulo Jos\u00e9 \/ Acorda Cidade<\/figcaption><\/figure>\n<\/div>\n<p>O semin\u00e1rio reuniu \u00f3rg\u00e3os envolvidos no processo para debater investimentos, impactos sociais e seguran\u00e7a nas habita\u00e7\u00f5es.<\/p><\/div>\n","protected":false},"author":1,"featured_media":92124,"comment_status":"closed","ping_status":"closed","sticky":false,"template":"","format":"gallery","meta":{"footnotes":""},"categories":[8,9,6,57,56,10],"tags":[],"class_list":["post-92123","post","type-post","status-publish","format-gallery","has-post-thumbnail","hentry","category-bahia","category-brasil","category-feira-de-santana","category-mundo","category-policia","category-politica","post_format-post-format-gallery"],"featured_image_urls":{"full":["https:\/\/noticiasbahia360.com.br\/wp-content\/uploads\/2025\/07\/seminario-impactos-do-minha-casa-minha-vida-foto-paulo-jose-acorda-cidade-00.jpg",1200,554,false],"thumbnail":["https:\/\/noticiasbahia360.com.br\/wp-content\/uploads\/2025\/07\/seminario-impactos-do-minha-casa-minha-vida-foto-paulo-jose-acorda-cidade-00-150x150.jpg",150,150,true],"medium":["https:\/\/noticiasbahia360.com.br\/wp-content\/uploads\/2025\/07\/seminario-impactos-do-minha-casa-minha-vida-foto-paulo-jose-acorda-cidade-00-300x139.jpg",300,139,true],"medium_large":["https:\/\/noticiasbahia360.com.br\/wp-content\/uploads\/2025\/07\/seminario-impactos-do-minha-casa-minha-vida-foto-paulo-jose-acorda-cidade-00-768x355.jpg",640,296,true],"large":["https:\/\/noticiasbahia360.com.br\/wp-content\/uploads\/2025\/07\/seminario-impactos-do-minha-casa-minha-vida-foto-paulo-jose-acorda-cidade-00-1024x473.jpg",640,296,true],"1536x1536":["https:\/\/noticiasbahia360.com.br\/wp-content\/uploads\/2025\/07\/seminario-impactos-do-minha-casa-minha-vida-foto-paulo-jose-acorda-cidade-00.jpg",1200,554,false],"2048x2048":["https:\/\/noticiasbahia360.com.br\/wp-content\/uploads\/2025\/07\/seminario-impactos-do-minha-casa-minha-vida-foto-paulo-jose-acorda-cidade-00.jpg",1200,554,false],"chromenews-featured":["https:\/\/noticiasbahia360.com.br\/wp-content\/uploads\/2025\/07\/seminario-impactos-do-minha-casa-minha-vida-foto-paulo-jose-acorda-cidade-00-1024x473.jpg",1024,473,true],"chromenews-large":["https:\/\/noticiasbahia360.com.br\/wp-content\/uploads\/2025\/07\/seminario-impactos-do-minha-casa-minha-vida-foto-paulo-jose-acorda-cidade-00-825x554.jpg",825,554,true],"chromenews-medium":["https:\/\/noticiasbahia360.com.br\/wp-content\/uploads\/2025\/07\/seminario-impactos-do-minha-casa-minha-vida-foto-paulo-jose-acorda-cidade-00-590x410.jpg",590,410,true]},"author_info":{"display_name":"noticiasbahia360.com.br","author_link":"https:\/\/noticiasbahia360.com.br\/?author=1"},"category_info":"<a href=\"https:\/\/noticiasbahia360.com.br\/?cat=8\" rel=\"category\">Bahia<\/a> <a href=\"https:\/\/noticiasbahia360.com.br\/?cat=9\" rel=\"category\">Brasil<\/a> <a href=\"https:\/\/noticiasbahia360.com.br\/?cat=6\" rel=\"category\">Feira de Santana<\/a> <a href=\"https:\/\/noticiasbahia360.com.br\/?cat=57\" rel=\"category\">Mundo<\/a> <a href=\"https:\/\/noticiasbahia360.com.br\/?cat=56\" rel=\"category\">Pol\u00edcia<\/a> <a href=\"https:\/\/noticiasbahia360.com.br\/?cat=10\" rel=\"category\">Pol\u00edtica<\/a>","tag_info":"Pol\u00edtica","comment_count":"0","_links":{"self":[{"href":"https:\/\/noticiasbahia360.com.br\/index.php?rest_route=\/wp\/v2\/posts\/92123","targetHints":{"allow":["GET"]}}],"collection":[{"href":"https:\/\/noticiasbahia360.com.br\/index.php?rest_route=\/wp\/v2\/posts"}],"about":[{"href":"https:\/\/noticiasbahia360.com.br\/index.php?rest_route=\/wp\/v2\/types\/post"}],"author":[{"embeddable":true,"href":"https:\/\/noticiasbahia360.com.br\/index.php?rest_route=\/wp\/v2\/users\/1"}],"replies":[{"embeddable":true,"href":"https:\/\/noticiasbahia360.com.br\/index.php?rest_route=%2Fwp%2Fv2%2Fcomments&post=92123"}],"version-history":[{"count":0,"href":"https:\/\/noticiasbahia360.com.br\/index.php?rest_route=\/wp\/v2\/posts\/92123\/revisions"}],"wp:featuredmedia":[{"embeddable":true,"href":"https:\/\/noticiasbahia360.com.br\/index.php?rest_route=\/wp\/v2\/media\/92124"}],"wp:attachment":[{"href":"https:\/\/noticiasbahia360.com.br\/index.php?rest_route=%2Fwp%2Fv2%2Fmedia&parent=92123"}],"wp:term":[{"taxonomy":"category","embeddable":true,"href":"https:\/\/noticiasbahia360.com.br\/index.php?rest_route=%2Fwp%2Fv2%2Fcategories&post=92123"},{"taxonomy":"post_tag","embeddable":true,"href":"https:\/\/noticiasbahia360.com.br\/index.php?rest_route=%2Fwp%2Fv2%2Ftags&post=92123"}],"curies":[{"name":"wp","href":"https:\/\/api.w.org\/{rel}","templated":true}]}}