{"id":92130,"date":"2025-07-04T17:14:22","date_gmt":"2025-07-04T20:14:22","guid":{"rendered":"https:\/\/noticiasbahia360.com.br\/?p=92130"},"modified":"2025-07-04T17:14:22","modified_gmt":"2025-07-04T20:14:22","slug":"sao-pedro-de-morrinhos-acontece-neste-sabado-5","status":"publish","type":"post","link":"https:\/\/noticiasbahia360.com.br\/?p=92130","title":{"rendered":"S\u00e3o Pedro de Morrinhos acontece neste s\u00e1bado (5)"},"content":{"rendered":"<div>\n<div>\n<figure><img decoding=\"async\" src=\"http:\/\/noticiasbahia360.com.br\/wp-content\/uploads\/2025\/07\/saopedrodemorrinhos_secom.jpg\" alt=\"S\u00e3o Pedro de Morrinhos\"><figcaption>Foto: Secom<\/figcaption><\/figure>\n<\/div>\n<p>O segundo dia em comemora\u00e7\u00e3o a<a href=\"https:\/\/www.acordacidade.com.br\/tag\/sao-pedro-de-morrinhos\/\"> S\u00e3o Pedro no povoado de Morrinhos<\/a>, distrito de Jaguara, acontece neste s\u00e1bado (5), mas com mudan\u00e7a de local. A festa ser\u00e1 realizada na pra\u00e7a principal e n\u00e3o mais no est\u00e1dio.<\/p>\n<p>A abertura do evento est\u00e1 prevista para \u00e0s 20h30 com o show da banda Caracu com Ovo. Em seguida, a cantora Bia Estrela, Lancinho e o artista Emerson Queir\u00f3s prometem animar a festa e colocar o p\u00fablico para dan\u00e7ar at\u00e9 de madrugada.<\/p>\n<p>Devido \u00e0s condi\u00e7\u00f5es clim\u00e1ticas n\u00e3o favor\u00e1veis, a celebra\u00e7\u00e3o anterior, marcada para o \u00faltimo 28 de julho, precisou ser adiada. A decis\u00e3o da Secretaria Municipal de Cultura, Esporte e Lazer teve como objetivo garantir a seguran\u00e7a e tamb\u00e9m o conforto da comunidade e de todos os envolvidos na prepara\u00e7\u00e3o do evento.<\/p>\n<p><em>Siga o Acorda Cidade no<\/em><a href=\"https:\/\/news.google.com\/search?q=acorda%20cidade&amp;hl=pt-BR&amp;gl=BR&amp;ceid=BR%3Apt-419\"><strong><em>\u00a0Google Not\u00edcias<\/em><\/strong><\/a><em>\u00a0e receba os principais destaques do dia. Participe tamb\u00e9m dos nossos canais no\u00a0<\/em><a href=\"https:\/\/www.whatsapp.com\/channel\/0029Va6Rb4v3WHTNnsh8WI3N\"><strong><em>WhatsApp<\/em><\/strong><\/a><em>\u00a0e\u00a0<\/em><a href=\"https:\/\/www.youtube.com\/@acordacidadenoticias\/videos\"><strong>YouTube<\/strong><\/a><em>\u00a0e grupo de\u00a0<\/em><a href=\"https:\/\/t.me\/+sSz0khrgARA0ZmRh\"><strong><em>Telegram<\/em><\/strong><\/a><em>.<\/em><\/p>\n<\/div>\n","protected":false},"excerpt":{"rendered":"<div>\n<div>\n<figure><img decoding=\"async\" src=\"https:\/\/uploads.acordacidade.com.br\/2025\/06\/saopedrodemorrinhos_secom.jpg\" alt=\"S\u00e3o Pedro de Morrinhos\"><figcaption>Foto: Secom<\/figcaption><\/figure>\n<\/div>\n<p>O S\u00e3o Pedro de Morrinhos ser\u00e1 realizado na pra\u00e7a principal e n\u00e3o mais no est\u00e1dio. Abertura est\u00e1 prevista para \u00e0s 20h30.<\/p><\/div>\n","protected":false},"author":1,"featured_media":92131,"comment_status":"closed","ping_status":"closed","sticky":false,"template":"","format":"gallery","meta":{"footnotes":""},"categories":[8,9,6,57,56,10],"tags":[],"class_list":["post-92130","post","type-post","status-publish","format-gallery","has-post-thumbnail","hentry","category-bahia","category-brasil","category-feira-de-santana","category-mundo","category-policia","category-politica","post_format-post-format-gallery"],"featured_image_urls":{"full":["https:\/\/noticiasbahia360.com.br\/wp-content\/uploads\/2025\/07\/saopedrodemorrinhos_secom.jpg",1200,799,false],"thumbnail":["https:\/\/noticiasbahia360.com.br\/wp-content\/uploads\/2025\/07\/saopedrodemorrinhos_secom-150x150.jpg",150,150,true],"medium":["https:\/\/noticiasbahia360.com.br\/wp-content\/uploads\/2025\/07\/saopedrodemorrinhos_secom-300x200.jpg",300,200,true],"medium_large":["https:\/\/noticiasbahia360.com.br\/wp-content\/uploads\/2025\/07\/saopedrodemorrinhos_secom-768x511.jpg",640,426,true],"large":["https:\/\/noticiasbahia360.com.br\/wp-content\/uploads\/2025\/07\/saopedrodemorrinhos_secom-1024x682.jpg",640,426,true],"1536x1536":["https:\/\/noticiasbahia360.com.br\/wp-content\/uploads\/2025\/07\/saopedrodemorrinhos_secom.jpg",1200,799,false],"2048x2048":["https:\/\/noticiasbahia360.com.br\/wp-content\/uploads\/2025\/07\/saopedrodemorrinhos_secom.jpg",1200,799,false],"chromenews-featured":["https:\/\/noticiasbahia360.com.br\/wp-content\/uploads\/2025\/07\/saopedrodemorrinhos_secom-1024x682.jpg",1024,682,true],"chromenews-large":["https:\/\/noticiasbahia360.com.br\/wp-content\/uploads\/2025\/07\/saopedrodemorrinhos_secom-825x575.jpg",825,575,true],"chromenews-medium":["https:\/\/noticiasbahia360.com.br\/wp-content\/uploads\/2025\/07\/saopedrodemorrinhos_secom-590x410.jpg",590,410,true]},"author_info":{"display_name":"noticiasbahia360.com.br","author_link":"https:\/\/noticiasbahia360.com.br\/?author=1"},"category_info":"<a href=\"https:\/\/noticiasbahia360.com.br\/?cat=8\" rel=\"category\">Bahia<\/a> <a href=\"https:\/\/noticiasbahia360.com.br\/?cat=9\" rel=\"category\">Brasil<\/a> <a href=\"https:\/\/noticiasbahia360.com.br\/?cat=6\" rel=\"category\">Feira de Santana<\/a> <a href=\"https:\/\/noticiasbahia360.com.br\/?cat=57\" rel=\"category\">Mundo<\/a> <a href=\"https:\/\/noticiasbahia360.com.br\/?cat=56\" rel=\"category\">Pol\u00edcia<\/a> <a href=\"https:\/\/noticiasbahia360.com.br\/?cat=10\" rel=\"category\">Pol\u00edtica<\/a>","tag_info":"Pol\u00edtica","comment_count":"0","_links":{"self":[{"href":"https:\/\/noticiasbahia360.com.br\/index.php?rest_route=\/wp\/v2\/posts\/92130","targetHints":{"allow":["GET"]}}],"collection":[{"href":"https:\/\/noticiasbahia360.com.br\/index.php?rest_route=\/wp\/v2\/posts"}],"about":[{"href":"https:\/\/noticiasbahia360.com.br\/index.php?rest_route=\/wp\/v2\/types\/post"}],"author":[{"embeddable":true,"href":"https:\/\/noticiasbahia360.com.br\/index.php?rest_route=\/wp\/v2\/users\/1"}],"replies":[{"embeddable":true,"href":"https:\/\/noticiasbahia360.com.br\/index.php?rest_route=%2Fwp%2Fv2%2Fcomments&post=92130"}],"version-history":[{"count":0,"href":"https:\/\/noticiasbahia360.com.br\/index.php?rest_route=\/wp\/v2\/posts\/92130\/revisions"}],"wp:featuredmedia":[{"embeddable":true,"href":"https:\/\/noticiasbahia360.com.br\/index.php?rest_route=\/wp\/v2\/media\/92131"}],"wp:attachment":[{"href":"https:\/\/noticiasbahia360.com.br\/index.php?rest_route=%2Fwp%2Fv2%2Fmedia&parent=92130"}],"wp:term":[{"taxonomy":"category","embeddable":true,"href":"https:\/\/noticiasbahia360.com.br\/index.php?rest_route=%2Fwp%2Fv2%2Fcategories&post=92130"},{"taxonomy":"post_tag","embeddable":true,"href":"https:\/\/noticiasbahia360.com.br\/index.php?rest_route=%2Fwp%2Fv2%2Ftags&post=92130"}],"curies":[{"name":"wp","href":"https:\/\/api.w.org\/{rel}","templated":true}]}}