{"id":92132,"date":"2025-07-04T17:51:29","date_gmt":"2025-07-04T20:51:29","guid":{"rendered":"https:\/\/noticiasbahia360.com.br\/?p=92132"},"modified":"2025-07-04T17:51:29","modified_gmt":"2025-07-04T20:51:29","slug":"dois-homens-morrem-apos-troca-de-tiros-com-a-policia-em-serrinha","status":"publish","type":"post","link":"https:\/\/noticiasbahia360.com.br\/?p=92132","title":{"rendered":"Dois homens morrem ap\u00f3s troca de tiros com a pol\u00edcia em Serrinha"},"content":{"rendered":"<div>\n<div>\n<figure><img decoding=\"async\" src=\"http:\/\/noticiasbahia360.com.br\/wp-content\/uploads\/2025\/07\/Apreensao-em-Serrinha-.webp\" alt=\"Apreens\u00e3o em Serrinha - pol\u00edcia\"><figcaption>Foto: Ascom\/PM<\/figcaption><\/figure>\n<\/div>\n<p>Uma a\u00e7\u00e3o policial realizada na tarde de quinta-feira (3), no povoado de Fortuna, zona rural de Serrinha \u2014 a cerca de 70 km de Feira de Santana \u2014 terminou com dois homens mortos ap\u00f3s troca de tiros com equipes da <a href=\"https:\/\/www.acordacidade.com.br\/tag\/policia-militar\/\">Pol\u00edcia Militar<\/a>. Armas, drogas e outros materiais foram apreendidos durante a opera\u00e7\u00e3o.<\/p>\n<p>Segundo o 16\u00ba Batalh\u00e3o da Pol\u00edcia Militar confirmou ao Portal g1, a a\u00e7\u00e3o come\u00e7ou ap\u00f3s den\u00fancias de que havia homens armados circulando pela regi\u00e3o. As guarni\u00e7\u00f5es realizavam rondas de rotina no local quando foram acionadas para verificar a situa\u00e7\u00e3o. Diante da complexidade do terreno, os policiais solicitaram apoio de outras viaturas.<\/p>\n<p>Ap\u00f3s a chegada do refor\u00e7o, os agentes seguiram at\u00e9 o im\u00f3vel indicado na den\u00fancia e encontraram os suspeitos, que teriam reagido \u00e0 abordagem com disparos de arma de fogo. Houve confronto, e dois homens foram atingidos. Eles foram identificados como Jeferson Barbosa de Jesus, de 23 anos, e Wellington Bispo de Oliveira, de 26.<\/p>\n<p>Feridos, os dois suspeitos foram socorridos pelos pr\u00f3prios policiais e levados ao Hospital Municipal de Serrinha, mas n\u00e3o resistiram.<\/p>\n<p>Todo o material foi encaminhado \u00e0 Delegacia Territorial de Serrinha, onde a ocorr\u00eancia foi registrada. O caso segue sob investiga\u00e7\u00e3o.<\/p>\n<h2 class=\"wp-block-heading\" id=\"h-durante-a-operacao-a-policia-apreendeu\">Durante a opera\u00e7\u00e3o, a pol\u00edcia apreendeu:<\/h2>\n<ul class=\"wp-block-list\">\n<li>2 rev\u00f3lveres calibre .38;<\/li>\n<li>336g de subst\u00e2ncia semelhante \u00e0 maconha;<\/li>\n<li>1,5kg de subst\u00e2ncia an\u00e1loga \u00e0 coca\u00edna, entre tabletes e por\u00e7\u00f5es;<\/li>\n<li>6 celulares;<\/li>\n<li>1 balaclava;<\/li>\n<li>1 balan\u00e7a de precis\u00e3o.<\/li>\n<\/ul>\n<p><em>Siga o Acorda Cidade no<\/em><a href=\"https:\/\/news.google.com\/search?q=acorda%20cidade&amp;hl=pt-BR&amp;gl=BR&amp;ceid=BR%3Apt-419\"><strong><em>\u00a0Google Not\u00edcias<\/em><\/strong><\/a><em>\u00a0e receba os principais destaques do dia. Participe tamb\u00e9m dos nossos canais no\u00a0<\/em><a href=\"https:\/\/www.whatsapp.com\/channel\/0029Va6Rb4v3WHTNnsh8WI3N\"><strong><em>WhatsApp<\/em><\/strong><\/a><em>\u00a0e\u00a0<\/em><a href=\"https:\/\/www.youtube.com\/@acordacidadenoticias\/videos\"><strong>YouTube<\/strong><\/a><em>\u00a0e grupo de\u00a0<\/em><a href=\"https:\/\/t.me\/+sSz0khrgARA0ZmRh\"><strong><em>Telegram<\/em><\/strong><\/a><em>.<\/em><\/p>\n<\/div>\n","protected":false},"excerpt":{"rendered":"<div>\n<div>\n<figure><img decoding=\"async\" src=\"https:\/\/uploads.acordacidade.com.br\/2025\/07\/Apreensao-em-Serrinha-.webp\" alt=\"Apreens\u00e3o em Serrinha - pol\u00edcia\"><figcaption>Foto: Ascom\/PM<\/figcaption><\/figure>\n<\/div>\n<p>Segundo o 16\u00ba Batalh\u00e3o da Pol\u00edcia Militar confirmou, a a\u00e7\u00e3o come\u00e7ou ap\u00f3s den\u00fancias de que havia homens armados circulando pela regi\u00e3o.<\/p><\/div>\n","protected":false},"author":1,"featured_media":92133,"comment_status":"closed","ping_status":"closed","sticky":false,"template":"","format":"gallery","meta":{"footnotes":""},"categories":[8,9,6,57,56,10],"tags":[],"class_list":["post-92132","post","type-post","status-publish","format-gallery","has-post-thumbnail","hentry","category-bahia","category-brasil","category-feira-de-santana","category-mundo","category-policia","category-politica","post_format-post-format-gallery"],"featured_image_urls":{"full":["https:\/\/noticiasbahia360.com.br\/wp-content\/uploads\/2025\/07\/Apreensao-em-Serrinha-.webp",1200,720,false],"thumbnail":["https:\/\/noticiasbahia360.com.br\/wp-content\/uploads\/2025\/07\/Apreensao-em-Serrinha--150x150.webp",150,150,true],"medium":["https:\/\/noticiasbahia360.com.br\/wp-content\/uploads\/2025\/07\/Apreensao-em-Serrinha--300x180.webp",300,180,true],"medium_large":["https:\/\/noticiasbahia360.com.br\/wp-content\/uploads\/2025\/07\/Apreensao-em-Serrinha--768x461.webp",640,384,true],"large":["https:\/\/noticiasbahia360.com.br\/wp-content\/uploads\/2025\/07\/Apreensao-em-Serrinha--1024x614.webp",640,384,true],"1536x1536":["https:\/\/noticiasbahia360.com.br\/wp-content\/uploads\/2025\/07\/Apreensao-em-Serrinha-.webp",1200,720,false],"2048x2048":["https:\/\/noticiasbahia360.com.br\/wp-content\/uploads\/2025\/07\/Apreensao-em-Serrinha-.webp",1200,720,false],"chromenews-featured":["https:\/\/noticiasbahia360.com.br\/wp-content\/uploads\/2025\/07\/Apreensao-em-Serrinha--1024x614.webp",1024,614,true],"chromenews-large":["https:\/\/noticiasbahia360.com.br\/wp-content\/uploads\/2025\/07\/Apreensao-em-Serrinha--825x575.webp",825,575,true],"chromenews-medium":["https:\/\/noticiasbahia360.com.br\/wp-content\/uploads\/2025\/07\/Apreensao-em-Serrinha--590x410.webp",590,410,true]},"author_info":{"display_name":"noticiasbahia360.com.br","author_link":"https:\/\/noticiasbahia360.com.br\/?author=1"},"category_info":"<a href=\"https:\/\/noticiasbahia360.com.br\/?cat=8\" rel=\"category\">Bahia<\/a> <a href=\"https:\/\/noticiasbahia360.com.br\/?cat=9\" rel=\"category\">Brasil<\/a> <a href=\"https:\/\/noticiasbahia360.com.br\/?cat=6\" rel=\"category\">Feira de Santana<\/a> <a href=\"https:\/\/noticiasbahia360.com.br\/?cat=57\" rel=\"category\">Mundo<\/a> <a href=\"https:\/\/noticiasbahia360.com.br\/?cat=56\" rel=\"category\">Pol\u00edcia<\/a> <a href=\"https:\/\/noticiasbahia360.com.br\/?cat=10\" rel=\"category\">Pol\u00edtica<\/a>","tag_info":"Pol\u00edtica","comment_count":"0","_links":{"self":[{"href":"https:\/\/noticiasbahia360.com.br\/index.php?rest_route=\/wp\/v2\/posts\/92132","targetHints":{"allow":["GET"]}}],"collection":[{"href":"https:\/\/noticiasbahia360.com.br\/index.php?rest_route=\/wp\/v2\/posts"}],"about":[{"href":"https:\/\/noticiasbahia360.com.br\/index.php?rest_route=\/wp\/v2\/types\/post"}],"author":[{"embeddable":true,"href":"https:\/\/noticiasbahia360.com.br\/index.php?rest_route=\/wp\/v2\/users\/1"}],"replies":[{"embeddable":true,"href":"https:\/\/noticiasbahia360.com.br\/index.php?rest_route=%2Fwp%2Fv2%2Fcomments&post=92132"}],"version-history":[{"count":0,"href":"https:\/\/noticiasbahia360.com.br\/index.php?rest_route=\/wp\/v2\/posts\/92132\/revisions"}],"wp:featuredmedia":[{"embeddable":true,"href":"https:\/\/noticiasbahia360.com.br\/index.php?rest_route=\/wp\/v2\/media\/92133"}],"wp:attachment":[{"href":"https:\/\/noticiasbahia360.com.br\/index.php?rest_route=%2Fwp%2Fv2%2Fmedia&parent=92132"}],"wp:term":[{"taxonomy":"category","embeddable":true,"href":"https:\/\/noticiasbahia360.com.br\/index.php?rest_route=%2Fwp%2Fv2%2Fcategories&post=92132"},{"taxonomy":"post_tag","embeddable":true,"href":"https:\/\/noticiasbahia360.com.br\/index.php?rest_route=%2Fwp%2Fv2%2Ftags&post=92132"}],"curies":[{"name":"wp","href":"https:\/\/api.w.org\/{rel}","templated":true}]}}