{"id":92136,"date":"2025-07-04T18:13:45","date_gmt":"2025-07-04T21:13:45","guid":{"rendered":"https:\/\/noticiasbahia360.com.br\/?p=92136"},"modified":"2025-07-04T18:13:45","modified_gmt":"2025-07-04T21:13:45","slug":"aviao-faz-pouso-de-emergencia-em-pista-desativada-de-vitoria-da-conquista","status":"publish","type":"post","link":"https:\/\/noticiasbahia360.com.br\/?p=92136","title":{"rendered":"Avi\u00e3o faz pouso de emerg\u00eancia em pista desativada de Vit\u00f3ria da Conquista"},"content":{"rendered":"<div>\n<div>\n<figure><img decoding=\"async\" src=\"http:\/\/noticiasbahia360.com.br\/wp-content\/uploads\/2025\/07\/0730-achei-sudoeste-vitoria-da-conquista-acidente-aereo.webp\" alt=\"avi\u00e3o faz pouso de emerg\u00eancia\"><figcaption>Foto: WhatsApp\/Achei Sudoeste<\/figcaption><\/figure>\n<\/div>\n<p>Uma aeronave de pequeno porte precisou realizar um pouso de emerg\u00eancia na tarde desta quinta-feira (4), por volta das 14h, em Vit\u00f3ria da Conquista, no <a href=\"https:\/\/www.acordacidade.com.br\/tag\/sudoeste-da-bahia\/\">sudoeste da Bahia<\/a>. A situa\u00e7\u00e3o aconteceu na pista do antigo aeroporto da cidade, que est\u00e1 desativado desde 2019.<\/p>\n<p>Segundo informa\u00e7\u00f5es da 78\u00aa Companhia Independente de Pol\u00edcia Militar (CIPM), que foi acionada pelo Centro Integrado de Comunica\u00e7\u00e3o (Cicom), o avi\u00e3o sofreu danos materiais ap\u00f3s tocar o solo. O trem de pouso quebrou e peda\u00e7os da fuselagem se espalharam pela pista. A informa\u00e7\u00e3o foi confirmada pelo site Achei Sudoeste, parceiro do Acorda Cidade.<\/p>\n<p>A bordo estavam cinco pessoas: o piloto, tr\u00eas adultos e uma crian\u00e7a. Apesar do susto, ningu\u00e9m ficou ferido nem precisou de atendimento m\u00e9dico.<\/p>\n<figure class=\"wp-block-image size-full\"><img fetchpriority=\"high\" data-dominant-color=\"909596\" data-has-transparency=\"false\" style=\"--dominant-color: #909596;\" fetchpriority=\"high\" decoding=\"async\" width=\"1200\" height=\"754\" sizes=\"(max-width: 1200px) 100vw, 1200px\" src=\"http:\/\/noticiasbahia360.com.br\/wp-content\/uploads\/2025\/07\/0730-achei-sudoeste-acidente-aereo-em-vitoria-da-conquista.webp\" alt=\"avi\u00e3o faz pouso de emerg\u00eancia\" class=\"wp-image-571620 not-transparent\" srcset=\"https:\/\/uploads.acordacidade.com.br\/2025\/07\/0730-achei-sudoeste-acidente-aereo-em-vitoria-da-conquista-581x365.webp 581w, https:\/\/uploads.acordacidade.com.br\/2025\/07\/0730-achei-sudoeste-acidente-aereo-em-vitoria-da-conquista-880x553.webp 880w, https:\/\/uploads.acordacidade.com.br\/2025\/07\/0730-achei-sudoeste-acidente-aereo-em-vitoria-da-conquista-150x94.webp 150w, http:\/\/noticiasbahia360.com.br\/wp-content\/uploads\/2025\/07\/0730-achei-sudoeste-acidente-aereo-em-vitoria-da-conquista.webp 1200w\"><figcaption class=\"wp-element-caption\">Foto: WhatsApp\/Achei Sudoeste<\/figcaption><\/figure>\n<p>De acordo com o relato do piloto \u00e0 79\u00aa CIPM, o avi\u00e3o seguia viagem com destino ao litoral baiano, mas teve de desviar a rota por causa das condi\u00e7\u00f5es meteorol\u00f3gicas. Com o aux\u00edlio de equipamentos de navega\u00e7\u00e3o, ele foi direcionado \u00e0 pista mais pr\u00f3xima, sem saber que o local estava fora de opera\u00e7\u00e3o.<\/p>\n<p>A ocorr\u00eancia tamb\u00e9m contou com o apoio do Corpo de Bombeiros, que esteve no local para garantir a seguran\u00e7a da \u00e1rea.\u00a0<\/p>\n<p><em>Siga o Acorda Cidade no<\/em><a href=\"https:\/\/news.google.com\/search?q=acorda%20cidade&amp;hl=pt-BR&amp;gl=BR&amp;ceid=BR%3Apt-419\"><strong><em>\u00a0Google Not\u00edcias<\/em><\/strong><\/a><em>\u00a0e receba os principais destaques do dia. Participe tamb\u00e9m dos nossos canais no\u00a0<\/em><a href=\"https:\/\/www.whatsapp.com\/channel\/0029Va6Rb4v3WHTNnsh8WI3N\"><strong><em>WhatsApp<\/em><\/strong><\/a><em>\u00a0e\u00a0<\/em><a href=\"https:\/\/www.youtube.com\/@acordacidadenoticias\/videos\"><strong>YouTube<\/strong><\/a><em>\u00a0e grupo de\u00a0<\/em><a href=\"https:\/\/t.me\/+sSz0khrgARA0ZmRh\"><strong><em>Telegram<\/em><\/strong><\/a><em>.<\/em><\/p>\n<\/div>\n","protected":false},"excerpt":{"rendered":"<div>\n<div>\n<figure><img decoding=\"async\" src=\"https:\/\/uploads.acordacidade.com.br\/2025\/07\/0730-achei-sudoeste-vitoria-da-conquista-acidente-aereo.webp\" alt=\"avi\u00e3o faz pouso de emerg\u00eancia\"><figcaption>Foto: WhatsApp\/Achei Sudoeste<\/figcaption><\/figure>\n<\/div>\n<p>Segundo informa\u00e7\u00f5es da 78\u00aa Companhia Independente de Pol\u00edcia Militar (CIPM), o avi\u00e3o sofreu danos materiais ap\u00f3s tocar o solo.<\/p><\/div>\n","protected":false},"author":1,"featured_media":92137,"comment_status":"closed","ping_status":"closed","sticky":false,"template":"","format":"gallery","meta":{"footnotes":""},"categories":[8,9,6,57,56,10],"tags":[],"class_list":["post-92136","post","type-post","status-publish","format-gallery","has-post-thumbnail","hentry","category-bahia","category-brasil","category-feira-de-santana","category-mundo","category-policia","category-politica","post_format-post-format-gallery"],"featured_image_urls":{"full":["https:\/\/noticiasbahia360.com.br\/wp-content\/uploads\/2025\/07\/0730-achei-sudoeste-vitoria-da-conquista-acidente-aereo.webp",1200,694,false],"thumbnail":["https:\/\/noticiasbahia360.com.br\/wp-content\/uploads\/2025\/07\/0730-achei-sudoeste-vitoria-da-conquista-acidente-aereo-150x150.webp",150,150,true],"medium":["https:\/\/noticiasbahia360.com.br\/wp-content\/uploads\/2025\/07\/0730-achei-sudoeste-vitoria-da-conquista-acidente-aereo-300x174.webp",300,174,true],"medium_large":["https:\/\/noticiasbahia360.com.br\/wp-content\/uploads\/2025\/07\/0730-achei-sudoeste-vitoria-da-conquista-acidente-aereo-768x444.webp",640,370,true],"large":["https:\/\/noticiasbahia360.com.br\/wp-content\/uploads\/2025\/07\/0730-achei-sudoeste-vitoria-da-conquista-acidente-aereo-1024x592.webp",640,370,true],"1536x1536":["https:\/\/noticiasbahia360.com.br\/wp-content\/uploads\/2025\/07\/0730-achei-sudoeste-vitoria-da-conquista-acidente-aereo.webp",1200,694,false],"2048x2048":["https:\/\/noticiasbahia360.com.br\/wp-content\/uploads\/2025\/07\/0730-achei-sudoeste-vitoria-da-conquista-acidente-aereo.webp",1200,694,false],"chromenews-featured":["https:\/\/noticiasbahia360.com.br\/wp-content\/uploads\/2025\/07\/0730-achei-sudoeste-vitoria-da-conquista-acidente-aereo-1024x592.webp",1024,592,true],"chromenews-large":["https:\/\/noticiasbahia360.com.br\/wp-content\/uploads\/2025\/07\/0730-achei-sudoeste-vitoria-da-conquista-acidente-aereo-825x575.webp",825,575,true],"chromenews-medium":["https:\/\/noticiasbahia360.com.br\/wp-content\/uploads\/2025\/07\/0730-achei-sudoeste-vitoria-da-conquista-acidente-aereo-590x410.webp",590,410,true]},"author_info":{"display_name":"noticiasbahia360.com.br","author_link":"https:\/\/noticiasbahia360.com.br\/?author=1"},"category_info":"<a href=\"https:\/\/noticiasbahia360.com.br\/?cat=8\" rel=\"category\">Bahia<\/a> <a href=\"https:\/\/noticiasbahia360.com.br\/?cat=9\" rel=\"category\">Brasil<\/a> <a href=\"https:\/\/noticiasbahia360.com.br\/?cat=6\" rel=\"category\">Feira de Santana<\/a> <a href=\"https:\/\/noticiasbahia360.com.br\/?cat=57\" rel=\"category\">Mundo<\/a> <a href=\"https:\/\/noticiasbahia360.com.br\/?cat=56\" rel=\"category\">Pol\u00edcia<\/a> <a href=\"https:\/\/noticiasbahia360.com.br\/?cat=10\" rel=\"category\">Pol\u00edtica<\/a>","tag_info":"Pol\u00edtica","comment_count":"0","_links":{"self":[{"href":"https:\/\/noticiasbahia360.com.br\/index.php?rest_route=\/wp\/v2\/posts\/92136","targetHints":{"allow":["GET"]}}],"collection":[{"href":"https:\/\/noticiasbahia360.com.br\/index.php?rest_route=\/wp\/v2\/posts"}],"about":[{"href":"https:\/\/noticiasbahia360.com.br\/index.php?rest_route=\/wp\/v2\/types\/post"}],"author":[{"embeddable":true,"href":"https:\/\/noticiasbahia360.com.br\/index.php?rest_route=\/wp\/v2\/users\/1"}],"replies":[{"embeddable":true,"href":"https:\/\/noticiasbahia360.com.br\/index.php?rest_route=%2Fwp%2Fv2%2Fcomments&post=92136"}],"version-history":[{"count":0,"href":"https:\/\/noticiasbahia360.com.br\/index.php?rest_route=\/wp\/v2\/posts\/92136\/revisions"}],"wp:featuredmedia":[{"embeddable":true,"href":"https:\/\/noticiasbahia360.com.br\/index.php?rest_route=\/wp\/v2\/media\/92137"}],"wp:attachment":[{"href":"https:\/\/noticiasbahia360.com.br\/index.php?rest_route=%2Fwp%2Fv2%2Fmedia&parent=92136"}],"wp:term":[{"taxonomy":"category","embeddable":true,"href":"https:\/\/noticiasbahia360.com.br\/index.php?rest_route=%2Fwp%2Fv2%2Fcategories&post=92136"},{"taxonomy":"post_tag","embeddable":true,"href":"https:\/\/noticiasbahia360.com.br\/index.php?rest_route=%2Fwp%2Fv2%2Ftags&post=92136"}],"curies":[{"name":"wp","href":"https:\/\/api.w.org\/{rel}","templated":true}]}}