{"id":92141,"date":"2025-07-04T18:26:35","date_gmt":"2025-07-04T21:26:35","guid":{"rendered":"https:\/\/noticiasbahia360.com.br\/?p=92141"},"modified":"2025-07-04T18:26:35","modified_gmt":"2025-07-04T21:26:35","slug":"vitima-de-ataque-a-tiros-em-festa-de-aniversario-perde-visao","status":"publish","type":"post","link":"https:\/\/noticiasbahia360.com.br\/?p=92141","title":{"rendered":"V\u00edtima de ataque a tiros em festa de anivers\u00e1rio perde vis\u00e3o"},"content":{"rendered":"<div>\n<div>\n<figure><img decoding=\"async\" src=\"http:\/\/noticiasbahia360.com.br\/wp-content\/uploads\/2025\/07\/policia-civil-foto-ascom-pcba-tentativa-de-homicidio-delegacia-de-homicidio-dh-dpt-1.jpg\" alt=\"pol\u00edcia civil\"><figcaption>Foto: Ascom\/Pol\u00edcia Civil<\/figcaption><\/figure>\n<\/div>\n<p>Uma das v\u00edtimas de um ataque a tiros ocorrido durante uma <a href=\"https:\/\/www.acordacidade.com.br\/policia\/4-pessoas-entre-elas-uma-crianca-sao-baleadas-durante-festa-de-aniversario-em-feira-de-santana\/?utm_source=whatsapp&amp;utm_medium=referral&amp;utm_campaign=share_alongisde\">festa de anivers\u00e1rio, no m\u00eas de fevereiro<\/a>, em Feira de Santana, perdeu a vis\u00e3o dos dois olhos. Ele foi atingido no rosto por um disparo de arma calibre .40. A informa\u00e7\u00e3o \u00e9 do delegado Jo\u00e3o Rodrigo Uzzum, que falou ao Acorda Cidade sobre a pris\u00e3o de um dos envolvidos no atentado. <a href=\"https:\/\/www.acordacidade.com.br\/policia\/investigado-por-tentativa-de-homicidio-e-preso-em-feira-de-santana\/\">A pris\u00e3o ocorreu na \u00faltima quinta-feira (3)<\/a>. Segundo o delegado, o suspeito estava escondido na casa da m\u00e3e e tentou fugir ao notar a presen\u00e7a dos policiais.<\/p>\n<p>\u201cEle ficou, ap\u00f3s o crime, escondido na cidade de Santo Amaro, o que dificultou muito as investiga\u00e7\u00f5es. Mas, ontem, foi alcan\u00e7ado. Ele tentou fugir, mas os policiais haviam cercado a resid\u00eancia e conseguiram peg\u00e1-lo\u201d, afirmou o delegado, acrescentando que, durante o depoimento, o suspeito solicitou o direito de ficar calado.<\/p>\n<figure class=\"wp-block-image size-full\"><img fetchpriority=\"high\" data-dominant-color=\"919091\" data-has-transparency=\"false\" style=\"--dominant-color: #919091;\" fetchpriority=\"high\" decoding=\"async\" width=\"1200\" height=\"675\" sizes=\"(max-width: 1200px) 100vw, 1200px\" src=\"http:\/\/noticiasbahia360.com.br\/wp-content\/uploads\/2025\/07\/delegado-Joao-Rodrigo-Uzzum-prisao-suspeito-ataque-a-tiros.jpg\" alt=\"delegado Jo\u00e3o Rodrigo Uzzum - pris\u00e3o suspeito ataque a tiros\" class=\"wp-image-571607 not-transparent\" srcset=\"https:\/\/uploads.acordacidade.com.br\/2025\/07\/delegado-Joao-Rodrigo-Uzzum-prisao-suspeito-ataque-a-tiros-648x365.jpg 648w, https:\/\/uploads.acordacidade.com.br\/2025\/07\/delegado-Joao-Rodrigo-Uzzum-prisao-suspeito-ataque-a-tiros-150x84.jpg 150w, http:\/\/noticiasbahia360.com.br\/wp-content\/uploads\/2025\/07\/delegado-Joao-Rodrigo-Uzzum-prisao-suspeito-ataque-a-tiros.jpg 1200w\"><figcaption class=\"wp-element-caption\">Delegado Jo\u00e3o Rodrigo Uzzum | Foto: Ed Santos\/Acorda Cidade<\/figcaption><\/figure>\n<p>O delegado disse ainda que o crime tem rela\u00e7\u00e3o com o tr\u00e1fico de drogas e que o suspeito preso e uma das v\u00edtimas, o homem que perdeu a vis\u00e3o dos olhos, t\u00eam envolvimento com o tr\u00e1fico. Outras tr\u00eas pessoas feridas durante o ataque, incluindo uma idosa e uma crian\u00e7a, tiveram ferimentos leves, conforme informou Uzzum ao Acorda Cidade.<\/p>\n<p>Al\u00e9m do envolvimento com o tr\u00e1fico de drogas, a pol\u00edcia investiga uma poss\u00edvel motiva\u00e7\u00e3o passional, mas o delegado afirmou que as informa\u00e7\u00f5es ainda s\u00e3o superficiais. Segundo ele, v\u00e1rias testemunhas reconheceram o suspeito preso como sendo o autor dos tiros. A pol\u00edcia ainda investiga para identificar um segundo suspeito que estaria acompanhado pelo autor preso, al\u00e9m da poss\u00edvel participa\u00e7\u00e3o de uma terceira pessoa.<\/p>\n<p><em>As informa\u00e7\u00f5es s\u00e3o do rep\u00f3rter Ed Santos do Acorda Cidade<\/em><\/p>\n<p><strong>Leia tamb\u00e9m <\/strong><\/p>\n<p><a href=\"https:\/\/www.acordacidade.com.br\/policia\/investigado-por-tentativa-de-homicidio-e-preso-em-feira-de-santana\/\">Investigado por tentativa de homic\u00eddio \u00e9 preso em Feira de Santana<\/a><\/p>\n<p><a href=\"https:\/\/www.acordacidade.com.br\/policia\/4-pessoas-entre-elas-uma-crianca-sao-baleadas-durante-festa-de-aniversario-em-feira-de-santana\/?utm_source=whatsapp&amp;utm_medium=referral&amp;utm_campaign=share_alongisde\">4 pessoas, entre elas uma crian\u00e7a, s\u00e3o baleadas durante festa de anivers\u00e1rio em Feira de Santana<\/a><\/p>\n<p><em>Siga o Acorda Cidade no<\/em><a href=\"https:\/\/news.google.com\/search?q=acorda%20cidade&amp;hl=pt-BR&amp;gl=BR&amp;ceid=BR%3Apt-419\"><strong><em>\u00a0Google Not\u00edcias<\/em><\/strong><\/a><em>\u00a0e receba os principais destaques do dia. Participe tamb\u00e9m dos nossos canais no\u00a0<\/em><a href=\"https:\/\/www.whatsapp.com\/channel\/0029Va6Rb4v3WHTNnsh8WI3N\"><strong><em>WhatsApp<\/em><\/strong><\/a><em>\u00a0e\u00a0<\/em><a href=\"https:\/\/www.youtube.com\/@acordacidadenoticias\/videos\"><strong>Youtube<\/strong><\/a><em>\u00a0e grupo de\u00a0<\/em><a href=\"https:\/\/t.me\/+sSz0khrgARA0ZmRh\"><strong><em>Telegram<\/em><\/strong><\/a><em>.<\/em><\/p>\n<\/div>\n","protected":false},"excerpt":{"rendered":"<div>\n<div>\n<figure><img decoding=\"async\" src=\"https:\/\/uploads.acordacidade.com.br\/2025\/07\/policia-civil-foto-ascom-pcba-tentativa-de-homicidio-delegacia-de-homicidio-dh-dpt.jpg\" alt=\"pol\u00edcia civil\"><figcaption>Foto: Ascom\/Pol\u00edcia Civil<\/figcaption><\/figure>\n<\/div>\n<p>Outras tr\u00eas pessoas feridas durante o ataque, incluindo uma idosa e uma crian\u00e7a, tiveram ferimentos leves, segundo informou o delegado.<\/p><\/div>\n","protected":false},"author":1,"featured_media":92142,"comment_status":"closed","ping_status":"closed","sticky":false,"template":"","format":"gallery","meta":{"footnotes":""},"categories":[8,9,6,57,56,10],"tags":[],"class_list":["post-92141","post","type-post","status-publish","format-gallery","has-post-thumbnail","hentry","category-bahia","category-brasil","category-feira-de-santana","category-mundo","category-policia","category-politica","post_format-post-format-gallery"],"featured_image_urls":{"full":["https:\/\/noticiasbahia360.com.br\/wp-content\/uploads\/2025\/07\/policia-civil-foto-ascom-pcba-tentativa-de-homicidio-delegacia-de-homicidio-dh-dpt-1.jpg",1300,866,false],"thumbnail":["https:\/\/noticiasbahia360.com.br\/wp-content\/uploads\/2025\/07\/policia-civil-foto-ascom-pcba-tentativa-de-homicidio-delegacia-de-homicidio-dh-dpt-1-150x150.jpg",150,150,true],"medium":["https:\/\/noticiasbahia360.com.br\/wp-content\/uploads\/2025\/07\/policia-civil-foto-ascom-pcba-tentativa-de-homicidio-delegacia-de-homicidio-dh-dpt-1-300x200.jpg",300,200,true],"medium_large":["https:\/\/noticiasbahia360.com.br\/wp-content\/uploads\/2025\/07\/policia-civil-foto-ascom-pcba-tentativa-de-homicidio-delegacia-de-homicidio-dh-dpt-1-768x512.jpg",640,427,true],"large":["https:\/\/noticiasbahia360.com.br\/wp-content\/uploads\/2025\/07\/policia-civil-foto-ascom-pcba-tentativa-de-homicidio-delegacia-de-homicidio-dh-dpt-1-1024x682.jpg",640,426,true],"1536x1536":["https:\/\/noticiasbahia360.com.br\/wp-content\/uploads\/2025\/07\/policia-civil-foto-ascom-pcba-tentativa-de-homicidio-delegacia-de-homicidio-dh-dpt-1.jpg",1300,866,false],"2048x2048":["https:\/\/noticiasbahia360.com.br\/wp-content\/uploads\/2025\/07\/policia-civil-foto-ascom-pcba-tentativa-de-homicidio-delegacia-de-homicidio-dh-dpt-1.jpg",1300,866,false],"chromenews-featured":["https:\/\/noticiasbahia360.com.br\/wp-content\/uploads\/2025\/07\/policia-civil-foto-ascom-pcba-tentativa-de-homicidio-delegacia-de-homicidio-dh-dpt-1-1024x682.jpg",1024,682,true],"chromenews-large":["https:\/\/noticiasbahia360.com.br\/wp-content\/uploads\/2025\/07\/policia-civil-foto-ascom-pcba-tentativa-de-homicidio-delegacia-de-homicidio-dh-dpt-1-825x575.jpg",825,575,true],"chromenews-medium":["https:\/\/noticiasbahia360.com.br\/wp-content\/uploads\/2025\/07\/policia-civil-foto-ascom-pcba-tentativa-de-homicidio-delegacia-de-homicidio-dh-dpt-1-590x410.jpg",590,410,true]},"author_info":{"display_name":"noticiasbahia360.com.br","author_link":"https:\/\/noticiasbahia360.com.br\/?author=1"},"category_info":"<a href=\"https:\/\/noticiasbahia360.com.br\/?cat=8\" rel=\"category\">Bahia<\/a> <a href=\"https:\/\/noticiasbahia360.com.br\/?cat=9\" rel=\"category\">Brasil<\/a> <a href=\"https:\/\/noticiasbahia360.com.br\/?cat=6\" rel=\"category\">Feira de Santana<\/a> <a href=\"https:\/\/noticiasbahia360.com.br\/?cat=57\" rel=\"category\">Mundo<\/a> <a href=\"https:\/\/noticiasbahia360.com.br\/?cat=56\" rel=\"category\">Pol\u00edcia<\/a> <a href=\"https:\/\/noticiasbahia360.com.br\/?cat=10\" rel=\"category\">Pol\u00edtica<\/a>","tag_info":"Pol\u00edtica","comment_count":"0","_links":{"self":[{"href":"https:\/\/noticiasbahia360.com.br\/index.php?rest_route=\/wp\/v2\/posts\/92141","targetHints":{"allow":["GET"]}}],"collection":[{"href":"https:\/\/noticiasbahia360.com.br\/index.php?rest_route=\/wp\/v2\/posts"}],"about":[{"href":"https:\/\/noticiasbahia360.com.br\/index.php?rest_route=\/wp\/v2\/types\/post"}],"author":[{"embeddable":true,"href":"https:\/\/noticiasbahia360.com.br\/index.php?rest_route=\/wp\/v2\/users\/1"}],"replies":[{"embeddable":true,"href":"https:\/\/noticiasbahia360.com.br\/index.php?rest_route=%2Fwp%2Fv2%2Fcomments&post=92141"}],"version-history":[{"count":0,"href":"https:\/\/noticiasbahia360.com.br\/index.php?rest_route=\/wp\/v2\/posts\/92141\/revisions"}],"wp:featuredmedia":[{"embeddable":true,"href":"https:\/\/noticiasbahia360.com.br\/index.php?rest_route=\/wp\/v2\/media\/92142"}],"wp:attachment":[{"href":"https:\/\/noticiasbahia360.com.br\/index.php?rest_route=%2Fwp%2Fv2%2Fmedia&parent=92141"}],"wp:term":[{"taxonomy":"category","embeddable":true,"href":"https:\/\/noticiasbahia360.com.br\/index.php?rest_route=%2Fwp%2Fv2%2Fcategories&post=92141"},{"taxonomy":"post_tag","embeddable":true,"href":"https:\/\/noticiasbahia360.com.br\/index.php?rest_route=%2Fwp%2Fv2%2Ftags&post=92141"}],"curies":[{"name":"wp","href":"https:\/\/api.w.org\/{rel}","templated":true}]}}