{"id":92144,"date":"2025-07-04T20:05:36","date_gmt":"2025-07-04T23:05:36","guid":{"rendered":"https:\/\/noticiasbahia360.com.br\/?p=92144"},"modified":"2025-07-04T20:05:36","modified_gmt":"2025-07-04T23:05:36","slug":"stf-ja-condenou-643-denunciados-por-participacao-no-8-de-janeiro","status":"publish","type":"post","link":"https:\/\/noticiasbahia360.com.br\/?p=92144","title":{"rendered":"STF j\u00e1 condenou 643 denunciados por participa\u00e7\u00e3o no 8 de janeiro"},"content":{"rendered":"<div>\n<div>\n<figure><img decoding=\"async\" src=\"http:\/\/noticiasbahia360.com.br\/wp-content\/uploads\/2025\/07\/8-de-janeiro.jpg\" alt=\"8 de janeiro\"><figcaption>Foto: Marcelo Camargo\/Ag\u00eancia Brasil<\/figcaption><\/figure>\n<\/div>\n<p>Ag\u00eancia Brasil \u2013 O Supremo Tribunal Federal (<a href=\"https:\/\/www.acordacidade.com.br\/tag\/stf\/\">STF<\/a>) j\u00e1 condenou 643 acusados pela participa\u00e7\u00e3o nos atos golpistas de 8 de janeiro de 2023.<img decoding=\"async\" src=\"https:\/\/agenciabrasil.ebc.com.br\/ebc.png?id=1649483&amp;o=node\"><img decoding=\"async\" src=\"https:\/\/agenciabrasil.ebc.com.br\/ebc.gif?id=1649483&amp;o=node\"><\/p>\n<p>O balan\u00e7o das condena\u00e7\u00f5es foi divulgado pela\u00a0Procuradoria-Geral da Rep\u00fablica (PGR), \u00f3rg\u00e3o respons\u00e1vel pelas den\u00fancias enviadas ao Supremo para responsabilizar as pessoas que invadiram e depredaram as instala\u00e7\u00f5es do Congresso, Pal\u00e1cio do Planalto e do Supremo.<\/p>\n<p>As condena\u00e7\u00f5es envolvem os executores do atos, que foram apenados pelos crimes de associa\u00e7\u00e3o criminosa armada, dano qualificado, deteriora\u00e7\u00e3o do patrim\u00f4nio tombado, aboli\u00e7\u00e3o violenta do Estado Democr\u00e1tico de Direito e tentativa de golpe de Estado.<\/p>\n<p>O tempo de pris\u00e3o varia entre tr\u00eas\u00a0e 17 anos, al\u00e9m do pagamento solid\u00e1rio de R$ 30 milh\u00f5es pelos danos causados pela depreda\u00e7\u00e3o de obras de arte, m\u00f3veis hist\u00f3ricos, estofados, aparelhos eletr\u00f4nicos, entre outros.<\/p>\n<h2 class=\"wp-block-heading\" id=\"h-acordo\">Acordo<\/h2>\n<p>Conforme o levantamento divulgado pela PGR,\u00a0<strong>555 acusados assinaram acordo de n\u00e3o persecu\u00e7\u00e3o penal (ANPP) e ter\u00e3o seus processos\u00a0en<\/strong>c<strong>errados.<\/strong><\/p>\n<p>O acordo permite que os acusados que n\u00e3o participaram diretamente dos atos de depreda\u00e7\u00e3o\u00a0possam confessar os crimes em troca de medidas diversas da pris\u00e3o.<\/p>\n<p>No dia 8 de janeiro, esses acusados estavam em frente ao quartel do Ex\u00e9rcito, em Bras\u00edlia, e foram acusados de associa\u00e7\u00e3o criminosa e incita\u00e7\u00e3o aos atos.<\/p>\n<p>Por terem cometido crimes de menor gravidade, eles foram condenados a de um ano de pris\u00e3o, mas as penas foram substitu\u00eddas pela presta\u00e7\u00e3o de servi\u00e7os comunit\u00e1rios e a presen\u00e7a em um curso sobre democracia.<\/p>\n<p>Os acusados tamb\u00e9m est\u00e3o com o passaporte retido, porte de arma revogado e dever\u00e3o pagar solidariamente o valor de R$ 5 milh\u00f5es por danos morais coletivos.<\/p>\n<p><em>Siga o Acorda Cidade no<\/em><a href=\"https:\/\/news.google.com\/search?q=acorda%20cidade&amp;hl=pt-BR&amp;gl=BR&amp;ceid=BR%3Apt-419\"><strong><em>\u00a0Google Not\u00edcias<\/em><\/strong><\/a><em>\u00a0e receba os principais destaques do dia. Participe tamb\u00e9m dos nossos canais no\u00a0<\/em><a href=\"https:\/\/www.whatsapp.com\/channel\/0029Va6Rb4v3WHTNnsh8WI3N\"><strong><em>WhatsApp<\/em><\/strong><\/a><em>\u00a0e\u00a0<\/em><a href=\"https:\/\/www.youtube.com\/@acordacidadenoticias\/videos\"><strong>Youtube<\/strong><\/a><em>\u00a0e grupo de\u00a0<\/em><a href=\"https:\/\/t.me\/+sSz0khrgARA0ZmRh\"><strong><em>Telegram<\/em><\/strong><\/a><\/p>\n<\/div>\n","protected":false},"excerpt":{"rendered":"<div>\n<div>\n<figure><img decoding=\"async\" src=\"https:\/\/uploads.acordacidade.com.br\/2024\/11\/8-de-janeiro.jpg\" alt=\"8 de janeiro\"><figcaption>Foto: Marcelo Camargo\/Ag\u00eancia Brasil<\/figcaption><\/figure>\n<\/div>\n<p>O balan\u00e7o das condena\u00e7\u00f5es foi divulgado pela\u00a0Procuradoria-Geral da Rep\u00fablica (PGR), \u00f3rg\u00e3o respons\u00e1vel pelas den\u00fancias enviadas ao Supremo.<\/p><\/div>\n","protected":false},"author":1,"featured_media":92145,"comment_status":"closed","ping_status":"closed","sticky":false,"template":"","format":"gallery","meta":{"footnotes":""},"categories":[8,9,6,57,56,10],"tags":[],"class_list":["post-92144","post","type-post","status-publish","format-gallery","has-post-thumbnail","hentry","category-bahia","category-brasil","category-feira-de-santana","category-mundo","category-policia","category-politica","post_format-post-format-gallery"],"featured_image_urls":{"full":["https:\/\/noticiasbahia360.com.br\/wp-content\/uploads\/2025\/07\/8-de-janeiro.jpg",640,383,false],"thumbnail":["https:\/\/noticiasbahia360.com.br\/wp-content\/uploads\/2025\/07\/8-de-janeiro-150x150.jpg",150,150,true],"medium":["https:\/\/noticiasbahia360.com.br\/wp-content\/uploads\/2025\/07\/8-de-janeiro-300x180.jpg",300,180,true],"medium_large":["https:\/\/noticiasbahia360.com.br\/wp-content\/uploads\/2025\/07\/8-de-janeiro.jpg",640,383,false],"large":["https:\/\/noticiasbahia360.com.br\/wp-content\/uploads\/2025\/07\/8-de-janeiro.jpg",640,383,false],"1536x1536":["https:\/\/noticiasbahia360.com.br\/wp-content\/uploads\/2025\/07\/8-de-janeiro.jpg",640,383,false],"2048x2048":["https:\/\/noticiasbahia360.com.br\/wp-content\/uploads\/2025\/07\/8-de-janeiro.jpg",640,383,false],"chromenews-featured":["https:\/\/noticiasbahia360.com.br\/wp-content\/uploads\/2025\/07\/8-de-janeiro.jpg",640,383,false],"chromenews-large":["https:\/\/noticiasbahia360.com.br\/wp-content\/uploads\/2025\/07\/8-de-janeiro.jpg",640,383,false],"chromenews-medium":["https:\/\/noticiasbahia360.com.br\/wp-content\/uploads\/2025\/07\/8-de-janeiro-590x383.jpg",590,383,true]},"author_info":{"display_name":"noticiasbahia360.com.br","author_link":"https:\/\/noticiasbahia360.com.br\/?author=1"},"category_info":"<a href=\"https:\/\/noticiasbahia360.com.br\/?cat=8\" rel=\"category\">Bahia<\/a> <a href=\"https:\/\/noticiasbahia360.com.br\/?cat=9\" rel=\"category\">Brasil<\/a> <a href=\"https:\/\/noticiasbahia360.com.br\/?cat=6\" rel=\"category\">Feira de Santana<\/a> <a href=\"https:\/\/noticiasbahia360.com.br\/?cat=57\" rel=\"category\">Mundo<\/a> <a href=\"https:\/\/noticiasbahia360.com.br\/?cat=56\" rel=\"category\">Pol\u00edcia<\/a> <a href=\"https:\/\/noticiasbahia360.com.br\/?cat=10\" rel=\"category\">Pol\u00edtica<\/a>","tag_info":"Pol\u00edtica","comment_count":"0","_links":{"self":[{"href":"https:\/\/noticiasbahia360.com.br\/index.php?rest_route=\/wp\/v2\/posts\/92144","targetHints":{"allow":["GET"]}}],"collection":[{"href":"https:\/\/noticiasbahia360.com.br\/index.php?rest_route=\/wp\/v2\/posts"}],"about":[{"href":"https:\/\/noticiasbahia360.com.br\/index.php?rest_route=\/wp\/v2\/types\/post"}],"author":[{"embeddable":true,"href":"https:\/\/noticiasbahia360.com.br\/index.php?rest_route=\/wp\/v2\/users\/1"}],"replies":[{"embeddable":true,"href":"https:\/\/noticiasbahia360.com.br\/index.php?rest_route=%2Fwp%2Fv2%2Fcomments&post=92144"}],"version-history":[{"count":0,"href":"https:\/\/noticiasbahia360.com.br\/index.php?rest_route=\/wp\/v2\/posts\/92144\/revisions"}],"wp:featuredmedia":[{"embeddable":true,"href":"https:\/\/noticiasbahia360.com.br\/index.php?rest_route=\/wp\/v2\/media\/92145"}],"wp:attachment":[{"href":"https:\/\/noticiasbahia360.com.br\/index.php?rest_route=%2Fwp%2Fv2%2Fmedia&parent=92144"}],"wp:term":[{"taxonomy":"category","embeddable":true,"href":"https:\/\/noticiasbahia360.com.br\/index.php?rest_route=%2Fwp%2Fv2%2Fcategories&post=92144"},{"taxonomy":"post_tag","embeddable":true,"href":"https:\/\/noticiasbahia360.com.br\/index.php?rest_route=%2Fwp%2Fv2%2Ftags&post=92144"}],"curies":[{"name":"wp","href":"https:\/\/api.w.org\/{rel}","templated":true}]}}