{"id":92146,"date":"2025-07-04T20:23:39","date_gmt":"2025-07-04T23:23:39","guid":{"rendered":"https:\/\/noticiasbahia360.com.br\/?p=92146"},"modified":"2025-07-04T20:23:39","modified_gmt":"2025-07-04T23:23:39","slug":"fluminense-vence-o-al-hilal-e-se-classifica-para-semifinal-da-copa-do-mundo-de-clubes","status":"publish","type":"post","link":"https:\/\/noticiasbahia360.com.br\/?p=92146","title":{"rendered":"Fluminense vence o Al-Hilal e se classifica para semifinal da Copa do Mundo de Clubes"},"content":{"rendered":"<div>\n<div>\n<figure><img decoding=\"async\" src=\"http:\/\/noticiasbahia360.com.br\/wp-content\/uploads\/2025\/07\/jogador-fluminense-copa-do-mundo-de-clubes-da-fifa-foto-Marcelo-Goncalves-FFC.png\" alt=\"Fluminense\"><figcaption>Foto: Marcelo Gon\u00e7alves\/FFC<\/figcaption><\/figure>\n<\/div>\n<p>O Fluminense \u00e9 o primeiro time a avan\u00e7ar para a fase semifinal da Copa do Mundo de Clubes. Na tarde desta sexta-feira (4), o Tricolor das Laranjeiras derrotou o Al-Hilal por 2 a 1, no Camping World Stadium, em Orlando, e aguarda a defini\u00e7\u00e3o do pr\u00f3ximo advers\u00e1rio sair do confronto entre Palmeiras e Chelsea.<\/p>\n<p>No final do primeiro tempo, Jo\u00e3o Cancelo afastou mal a bola, que sobrou para Gabriel Fuentes. O\u00a0ala passou para Martinelli. O camisa 8 balan\u00e7ou as redes para o clube carioca. No in\u00edcio da segunda etapa, Marcos Leonardo deixou tudo igual ao marcar para o time saudita.\u00a0<\/p>\n<p>Mas nem mesmo a for\u00e7a dos asi\u00e1ticos foi capaz de deter o Flu. N\u00e3o foram 12 trabalhos, mas sim 71 minutos necess\u00e1rios para H\u00e9rcules fazer o gol da classifica\u00e7\u00e3o dos Guerreiros do Fluminense. O placar foi fechado por 2 a 1.<\/p>\n<p>Agora o time comandado por Renato Ga\u00facho vai assistir de camarote o duelo entre Palmeiras e Chelsea. Ainda nesta noite, \u00e0s 22h, as duas equipes v\u00e3o se enfrentar por uma vaga nas semifinais, no Lincoln Financial Field, na Philadelphia.<\/p>\n<p><em>Fonte: <a href=\"https:\/\/www.bahianoticias.com.br\/esportes\/noticia\/74763-fluminense-vence-o-al-hilal-e-se-classifica-para-semifinal-da-copa-do-mundo-de-clubes?_gl=1*cluvfe*_gcl_au*MTk1MzQxMDA2NS4xNzQ1NjE3Mjc4\">Bahia Not\u00edcias<\/a>, parceiro do Acorda Cidade <\/em><\/p>\n<p><em>Siga o Acorda Cidade no<\/em><a href=\"https:\/\/news.google.com\/search?q=acorda%20cidade&amp;hl=pt-BR&amp;gl=BR&amp;ceid=BR%3Apt-419\"><strong><em>\u00a0Google Not\u00edcias<\/em><\/strong><\/a><em>\u00a0e receba os principais destaques do dia. Participe tamb\u00e9m dos nossos canais no\u00a0<\/em><a href=\"https:\/\/www.whatsapp.com\/channel\/0029Va6Rb4v3WHTNnsh8WI3N\"><strong><em>WhatsApp<\/em><\/strong><\/a><em>\u00a0e\u00a0<\/em><a href=\"https:\/\/www.youtube.com\/@acordacidadenoticias\/videos\"><strong>Youtube<\/strong><\/a><em>\u00a0e grupo de\u00a0<\/em><a href=\"https:\/\/t.me\/+sSz0khrgARA0ZmRh\"><strong><em>Telegram<\/em><\/strong><\/a><\/p>\n<\/div>\n","protected":false},"excerpt":{"rendered":"<div>\n<div>\n<figure><img decoding=\"async\" src=\"https:\/\/uploads.acordacidade.com.br\/2025\/07\/jogador-fluminense-copa-do-mundo-de-clubes-da-fifa-foto-Marcelo-Goncalves-FFC.png\" alt=\"Fluminense\"><figcaption>Foto: Marcelo Gon\u00e7alves\/FFC<\/figcaption><\/figure>\n<\/div>\n<p>Agora o time comandado por Renato Ga\u00facho vai assistir de camarote o duelo entre Palmeiras e Chelsea.<\/p><\/div>\n","protected":false},"author":1,"featured_media":92147,"comment_status":"closed","ping_status":"closed","sticky":false,"template":"","format":"gallery","meta":{"footnotes":""},"categories":[8,9,6,57,56,10],"tags":[],"class_list":["post-92146","post","type-post","status-publish","format-gallery","has-post-thumbnail","hentry","category-bahia","category-brasil","category-feira-de-santana","category-mundo","category-policia","category-politica","post_format-post-format-gallery"],"featured_image_urls":{"full":["https:\/\/noticiasbahia360.com.br\/wp-content\/uploads\/2025\/07\/jogador-fluminense-copa-do-mundo-de-clubes-da-fifa-foto-Marcelo-Goncalves-FFC.png",1200,800,false],"thumbnail":["https:\/\/noticiasbahia360.com.br\/wp-content\/uploads\/2025\/07\/jogador-fluminense-copa-do-mundo-de-clubes-da-fifa-foto-Marcelo-Goncalves-FFC-150x150.png",150,150,true],"medium":["https:\/\/noticiasbahia360.com.br\/wp-content\/uploads\/2025\/07\/jogador-fluminense-copa-do-mundo-de-clubes-da-fifa-foto-Marcelo-Goncalves-FFC-300x200.png",300,200,true],"medium_large":["https:\/\/noticiasbahia360.com.br\/wp-content\/uploads\/2025\/07\/jogador-fluminense-copa-do-mundo-de-clubes-da-fifa-foto-Marcelo-Goncalves-FFC-768x512.png",640,427,true],"large":["https:\/\/noticiasbahia360.com.br\/wp-content\/uploads\/2025\/07\/jogador-fluminense-copa-do-mundo-de-clubes-da-fifa-foto-Marcelo-Goncalves-FFC-1024x683.png",640,427,true],"1536x1536":["https:\/\/noticiasbahia360.com.br\/wp-content\/uploads\/2025\/07\/jogador-fluminense-copa-do-mundo-de-clubes-da-fifa-foto-Marcelo-Goncalves-FFC.png",1200,800,false],"2048x2048":["https:\/\/noticiasbahia360.com.br\/wp-content\/uploads\/2025\/07\/jogador-fluminense-copa-do-mundo-de-clubes-da-fifa-foto-Marcelo-Goncalves-FFC.png",1200,800,false],"chromenews-featured":["https:\/\/noticiasbahia360.com.br\/wp-content\/uploads\/2025\/07\/jogador-fluminense-copa-do-mundo-de-clubes-da-fifa-foto-Marcelo-Goncalves-FFC-1024x683.png",1024,683,true],"chromenews-large":["https:\/\/noticiasbahia360.com.br\/wp-content\/uploads\/2025\/07\/jogador-fluminense-copa-do-mundo-de-clubes-da-fifa-foto-Marcelo-Goncalves-FFC-825x575.png",825,575,true],"chromenews-medium":["https:\/\/noticiasbahia360.com.br\/wp-content\/uploads\/2025\/07\/jogador-fluminense-copa-do-mundo-de-clubes-da-fifa-foto-Marcelo-Goncalves-FFC-590x410.png",590,410,true]},"author_info":{"display_name":"noticiasbahia360.com.br","author_link":"https:\/\/noticiasbahia360.com.br\/?author=1"},"category_info":"<a href=\"https:\/\/noticiasbahia360.com.br\/?cat=8\" rel=\"category\">Bahia<\/a> <a href=\"https:\/\/noticiasbahia360.com.br\/?cat=9\" rel=\"category\">Brasil<\/a> <a href=\"https:\/\/noticiasbahia360.com.br\/?cat=6\" rel=\"category\">Feira de Santana<\/a> <a href=\"https:\/\/noticiasbahia360.com.br\/?cat=57\" rel=\"category\">Mundo<\/a> <a href=\"https:\/\/noticiasbahia360.com.br\/?cat=56\" rel=\"category\">Pol\u00edcia<\/a> <a href=\"https:\/\/noticiasbahia360.com.br\/?cat=10\" rel=\"category\">Pol\u00edtica<\/a>","tag_info":"Pol\u00edtica","comment_count":"0","_links":{"self":[{"href":"https:\/\/noticiasbahia360.com.br\/index.php?rest_route=\/wp\/v2\/posts\/92146","targetHints":{"allow":["GET"]}}],"collection":[{"href":"https:\/\/noticiasbahia360.com.br\/index.php?rest_route=\/wp\/v2\/posts"}],"about":[{"href":"https:\/\/noticiasbahia360.com.br\/index.php?rest_route=\/wp\/v2\/types\/post"}],"author":[{"embeddable":true,"href":"https:\/\/noticiasbahia360.com.br\/index.php?rest_route=\/wp\/v2\/users\/1"}],"replies":[{"embeddable":true,"href":"https:\/\/noticiasbahia360.com.br\/index.php?rest_route=%2Fwp%2Fv2%2Fcomments&post=92146"}],"version-history":[{"count":0,"href":"https:\/\/noticiasbahia360.com.br\/index.php?rest_route=\/wp\/v2\/posts\/92146\/revisions"}],"wp:featuredmedia":[{"embeddable":true,"href":"https:\/\/noticiasbahia360.com.br\/index.php?rest_route=\/wp\/v2\/media\/92147"}],"wp:attachment":[{"href":"https:\/\/noticiasbahia360.com.br\/index.php?rest_route=%2Fwp%2Fv2%2Fmedia&parent=92146"}],"wp:term":[{"taxonomy":"category","embeddable":true,"href":"https:\/\/noticiasbahia360.com.br\/index.php?rest_route=%2Fwp%2Fv2%2Fcategories&post=92146"},{"taxonomy":"post_tag","embeddable":true,"href":"https:\/\/noticiasbahia360.com.br\/index.php?rest_route=%2Fwp%2Fv2%2Ftags&post=92146"}],"curies":[{"name":"wp","href":"https:\/\/api.w.org\/{rel}","templated":true}]}}