{"id":92148,"date":"2025-07-04T20:23:59","date_gmt":"2025-07-04T23:23:59","guid":{"rendered":"https:\/\/noticiasbahia360.com.br\/?p=92148"},"modified":"2025-07-04T20:23:59","modified_gmt":"2025-07-04T23:23:59","slug":"pontos-de-lixo-acumulado-alta-vegetacao-e-buracos-afetam-moradores-de-feira-de-santana","status":"publish","type":"post","link":"https:\/\/noticiasbahia360.com.br\/?p=92148","title":{"rendered":"Pontos de lixo acumulado, alta vegeta\u00e7\u00e3o e buracos afetam moradores de Feira de Santana"},"content":{"rendered":"<div>\n<div>\n<figure><img decoding=\"async\" src=\"http:\/\/noticiasbahia360.com.br\/wp-content\/uploads\/2025\/07\/WhatsApp-Image-2025-07-03-at-225936.jpeg\" alt=\"R. Ant\u00f4nio Carlos Borges Junior | Foto leitor\/Acorda Cidade\"><figcaption>R. Ant\u00f4nio Carlos Borges Junior | Foto leitor\/Acorda Cidade<\/figcaption><\/figure>\n<\/div>\n<p>De acordo com o \u00faltimo <a href=\"https:\/\/www.acordacidade.com.br\/feira-de-santana\/censo-2022-com-616-279-habitantes-feira-de-santana-e-maior-que-8-capitais\/\">Censo realizado em 2022 pelo IBGE<\/a>, Feira de Santana se consolida como a segunda maior cidade da Bahia, atr\u00e1s apenas da capital baiana, Salvador. Entretanto, o que deveria impulsionar o progresso, infelizmente, resultou em mais transtornos.<\/p>\n<p>A Rua Ant\u00f4nio Carlos Borges J\u00fanior, no bairro Campo Limpo, virou um verdadeiro cart\u00e3o-postal do descaso. O lixo se acumula em montes, espalhando objetos pl\u00e1sticos, restos de alimentos e plantas secas pela via. Al\u00e9m de prejudicar a paisagem urbana, a sujeira compromete a sa\u00fade p\u00fablica, j\u00e1 que n\u00e3o possui rede de esgoto e apresenta \u00e1gua acumulada, o que pode atrair insetos transmissores de doen\u00e7as e animais pe\u00e7onhentos.<\/p>\n<p>A Rua Pedra Azul, no bairro Pedra do Descanso, passa por um problema similar. O descarte irregular de lixo formou um grande e extenso montante. No local, encontra-se caixas de papel\u00e3o, roupas e m\u00f3veis velhos, materiais de pl\u00e1stico e outros elementos que comprometem a sa\u00fade do ambiente, aumentando os riscos de inc\u00eandio caso haja algum produto inflam\u00e1vel. \u201cDaqui a uns dias ser\u00e1 o segundo lix\u00e3o da cidade\u201d, desabafa Roque Matos, que transita pela \u00e1rea.<\/p>\n<figure class=\"wp-block-image size-full is-resized\"><img fetchpriority=\"high\" data-dominant-color=\"7d7565\" data-has-transparency=\"false\" fetchpriority=\"high\" decoding=\"async\" width=\"720\" height=\"521\" sizes=\"(max-width: 720px) 100vw, 720px\" src=\"http:\/\/noticiasbahia360.com.br\/wp-content\/uploads\/2025\/07\/WhatsApp-Image-2025-07-03-at-225950.jpeg\" alt=\"Rua Pedra Azul- Pedra do Descanso | Foto leitor\/Acorda Cidade\" class=\"wp-image-571412 not-transparent\" style=\"--dominant-color: #7d7565; width:840px;height:auto\" srcset=\"https:\/\/uploads.acordacidade.com.br\/2025\/07\/WhatsApp-Image-2025-07-03-at-22.59.50-504x365.jpeg 504w, https:\/\/uploads.acordacidade.com.br\/2025\/07\/WhatsApp-Image-2025-07-03-at-22.59.50-150x109.jpeg 150w, http:\/\/noticiasbahia360.com.br\/wp-content\/uploads\/2025\/07\/WhatsApp-Image-2025-07-03-at-225950.jpeg 720w\"><figcaption class=\"wp-element-caption\">Rua Pedra Azul- Pedra do Descanso | Foto leitor\/Acorda Cidade<\/figcaption><\/figure>\n<p>Moradores do bairro Caseb denunciam o estado de abandono na Rua Visconde de Mau\u00e1, principal via de acesso \u00e0 Lagoa Grande. H\u00e1 mais de cinco meses, um matagal se espalha ao redor do muro da via, tornando-se um local prop\u00edcio ao aparecimento de animais pe\u00e7onhentos e impossibilitando a passagem dos pedestres no passeio, comprometendo a seguran\u00e7a da popula\u00e7\u00e3o. \u201cOnde esta mato era passeio agora pedestre anda no meio da rua\u201d, explana Romildo, morador da regi\u00e3o.<\/p>\n<figure class=\"wp-block-image size-full\"><img data-dominant-color=\"889475\" data-has-transparency=\"false\" style=\"--dominant-color: #889475;\" decoding=\"async\" width=\"927\" height=\"581\" sizes=\"(max-width: 927px) 100vw, 927px\" src=\"http:\/\/noticiasbahia360.com.br\/wp-content\/uploads\/2025\/07\/Rua-Visconde-de-Maua-Foto-leitorAcorda-Cidade.jpg\" alt=\"Rua Visconde de Mau\u00e1 | Foto leitor\/Acorda Cidade\" class=\"wp-image-571416 not-transparent\" srcset=\"https:\/\/uploads.acordacidade.com.br\/2025\/07\/Rua-Visconde-de-Maua-Foto-leitorAcorda-Cidade-582x365.jpg 582w, https:\/\/uploads.acordacidade.com.br\/2025\/07\/Rua-Visconde-de-Maua-Foto-leitorAcorda-Cidade-882x553.jpg 882w, https:\/\/uploads.acordacidade.com.br\/2025\/07\/Rua-Visconde-de-Maua-Foto-leitorAcorda-Cidade-150x94.jpg 150w, http:\/\/noticiasbahia360.com.br\/wp-content\/uploads\/2025\/07\/Rua-Visconde-de-Maua-Foto-leitorAcorda-Cidade.jpg 927w\"><figcaption class=\"wp-element-caption\">Rua Visconde de Mau\u00e1 | Foto leitor\/Acorda Cidade<\/figcaption><\/figure>\n<p>Com a chegada do inverno e das chuvas, alguns bairros sofreram com o lama\u00e7al formado nas ruas. A exemplo disso, tem a Rua Hamilton Rios, na Asa Branca. Devido a grande propor\u00e7\u00e3o das po\u00e7as de lama, os moradores ficam impossibilitados de transitar sem se molhar. A \u00e1gua, que pode estar contaminada com incont\u00e1veis bact\u00e9rias, traz riscos a sa\u00fade dos indiv\u00edduos, precisando, dessa forma, de medidas p\u00fablicas que possam sanar o caso.<\/p>\n<figure class=\"wp-block-image size-large\"><img data-dominant-color=\"847f7d\" data-has-transparency=\"false\" style=\"--dominant-color: #847f7d;\" decoding=\"async\" width=\"1153\" height=\"768\" sizes=\"(max-width: 1153px) 100vw, 1153px\" src=\"http:\/\/noticiasbahia360.com.br\/wp-content\/uploads\/2025\/07\/R-Hamilton-Rios-Asa-Branca-Foto-leitorAcorda-Cidade-1153x768-1.jpg\" alt=\"R. Hamilton Rios- Asa Branca | Foto leitor\/Acorda Cidade\" class=\"wp-image-571421 not-transparent\" srcset=\"https:\/\/uploads.acordacidade.com.br\/2025\/07\/R.-Hamilton-Rios-Asa-Branca-Foto-leitorAcorda-Cidade-548x365.jpg 548w, http:\/\/noticiasbahia360.com.br\/wp-content\/uploads\/2025\/07\/R-Hamilton-Rios-Asa-Branca-Foto-leitorAcorda-Cidade-1153x768-1.jpg 1153w, https:\/\/uploads.acordacidade.com.br\/2025\/07\/R.-Hamilton-Rios-Asa-Branca-Foto-leitorAcorda-Cidade-831x553.jpg 831w, https:\/\/uploads.acordacidade.com.br\/2025\/07\/R.-Hamilton-Rios-Asa-Branca-Foto-leitorAcorda-Cidade-150x100.jpg 150w, https:\/\/uploads.acordacidade.com.br\/2025\/07\/R.-Hamilton-Rios-Asa-Branca-Foto-leitorAcorda-Cidade.jpg 1200w\"><figcaption class=\"wp-element-caption\">R. Hamilton Rios| Foto leitor\/Acorda Cidade<\/figcaption><\/figure>\n<p>Constantes reclama\u00e7\u00f5es a respeito dos buracos na cidade s\u00e3o realizadas por ouvintes no programa Acorda Cidade. Entre elas, a Rua 15 de Novembro, nas Bara\u00fanas, n\u00e3o ficou de fora. Al\u00e9m de precisar de pavimenta\u00e7\u00e3o, tamb\u00e9m sofre com alagamentos, dificultando a passagem de pedestres e motoristas.<\/p>\n<figure class=\"wp-block-image size-large\"><img data-dominant-color=\"9d9189\" data-has-transparency=\"false\" style=\"--dominant-color: #9d9189;\" decoding=\"async\" width=\"1118\" height=\"768\" sizes=\"(max-width: 1118px) 100vw, 1118px\" src=\"http:\/\/noticiasbahia360.com.br\/wp-content\/uploads\/2025\/07\/Rua-15-de-Novembro-Baraunas-Foto-leitorAcorda-Cidade-1118x768-1.jpg\" alt=\"Rua 15 de Novembro Bara\u00fanas Foto leitor Acorda Cidade\" class=\"wp-image-571428 not-transparent\" srcset=\"https:\/\/uploads.acordacidade.com.br\/2025\/07\/Rua-15-de-Novembro-Baraunas-Foto-leitorAcorda-Cidade-532x365.jpg 532w, http:\/\/noticiasbahia360.com.br\/wp-content\/uploads\/2025\/07\/Rua-15-de-Novembro-Baraunas-Foto-leitorAcorda-Cidade-1118x768-1.jpg 1118w, https:\/\/uploads.acordacidade.com.br\/2025\/07\/Rua-15-de-Novembro-Baraunas-Foto-leitorAcorda-Cidade-805x553.jpg 805w, https:\/\/uploads.acordacidade.com.br\/2025\/07\/Rua-15-de-Novembro-Baraunas-Foto-leitorAcorda-Cidade-150x103.jpg 150w, https:\/\/uploads.acordacidade.com.br\/2025\/07\/Rua-15-de-Novembro-Baraunas-Foto-leitorAcorda-Cidade.jpg 1200w\"><figcaption class=\"wp-element-caption\">Rua 15 de Novembro- Bara\u00fanas | Foto leitor\/Acorda Cidade<\/figcaption><\/figure>\n<p>A Avenida Fernando Pinto de Queiroz, no bairro SIM, a Rua G, no bairro Muchila I, a Rua Garanhuns, do n\u00b0 940 ao n\u00b0 960, no bairro Concei\u00e7\u00e3o, e a Avenida Rubens Francisco Dias, no bairro Papagaio, est\u00e3o cheias de buracos, dificultando o tr\u00e2nsito e oferecendo riscos tanto para motoristas quanto para pedestres. Moradores relatam preju\u00edzos com ve\u00edculos danificados e cobram provid\u00eancias urgentes da prefeitura para evitar acidentes mais graves.<\/p>\n<figure class=\"wp-block-image size-large\"><img loading=\"lazy\" data-dominant-color=\"363530\" data-has-transparency=\"false\" style=\"--dominant-color: #363530;\" decoding=\"async\" width=\"1096\" height=\"768\" sizes=\"(max-width: 1096px) 100vw, 1096px\" src=\"http:\/\/noticiasbahia360.com.br\/wp-content\/uploads\/2025\/07\/Pneu-danificado-na-Av-Fernando-Pinto-de-Queiroz-Foto-leitorAcorda-Cidade-1096x768-1.jpg\" alt=\"Pneu danificado na Av. Fernando Pinto de Queiroz Foto leitorAcorda Cidade\" class=\"wp-image-571430 not-transparent\" srcset=\"https:\/\/uploads.acordacidade.com.br\/2025\/07\/Pneu-danificado-na-Av.-Fernando-Pinto-de-Queiroz-Foto-leitorAcorda-Cidade-521x365.jpg 521w, http:\/\/noticiasbahia360.com.br\/wp-content\/uploads\/2025\/07\/Pneu-danificado-na-Av-Fernando-Pinto-de-Queiroz-Foto-leitorAcorda-Cidade-1096x768-1.jpg 1096w, https:\/\/uploads.acordacidade.com.br\/2025\/07\/Pneu-danificado-na-Av.-Fernando-Pinto-de-Queiroz-Foto-leitorAcorda-Cidade-789x553.jpg 789w, https:\/\/uploads.acordacidade.com.br\/2025\/07\/Pneu-danificado-na-Av.-Fernando-Pinto-de-Queiroz-Foto-leitorAcorda-Cidade-150x105.jpg 150w, https:\/\/uploads.acordacidade.com.br\/2025\/07\/Pneu-danificado-na-Av.-Fernando-Pinto-de-Queiroz-Foto-leitorAcorda-Cidade.jpg 1200w\"><figcaption class=\"wp-element-caption\">Pneu danificado na Av. Fernando Pinto de Queiroz | Foto leitor\/Acorda Cidade<\/figcaption><\/figure>\n<figure class=\"wp-block-image size-large\"><img loading=\"lazy\" data-dominant-color=\"8b8b87\" data-has-transparency=\"false\" style=\"--dominant-color: #8b8b87;\" decoding=\"async\" width=\"1183\" height=\"768\" sizes=\"(max-width: 1183px) 100vw, 1183px\" src=\"http:\/\/noticiasbahia360.com.br\/wp-content\/uploads\/2025\/07\/Rua-G-no-bairro-Muchila-I-Foto-leitorAcorda-Cidade-1183x768-1.jpg\" alt=\"Rua G no bairro Muchila I Foto leitorAcorda Cidade\" class=\"wp-image-571431 not-transparent\" srcset=\"https:\/\/uploads.acordacidade.com.br\/2025\/07\/Rua-G-no-bairro-Muchila-I-Foto-leitorAcorda-Cidade-562x365.jpg 562w, http:\/\/noticiasbahia360.com.br\/wp-content\/uploads\/2025\/07\/Rua-G-no-bairro-Muchila-I-Foto-leitorAcorda-Cidade-1183x768-1.jpg 1183w, https:\/\/uploads.acordacidade.com.br\/2025\/07\/Rua-G-no-bairro-Muchila-I-Foto-leitorAcorda-Cidade-852x553.jpg 852w, https:\/\/uploads.acordacidade.com.br\/2025\/07\/Rua-G-no-bairro-Muchila-I-Foto-leitorAcorda-Cidade-150x97.jpg 150w, https:\/\/uploads.acordacidade.com.br\/2025\/07\/Rua-G-no-bairro-Muchila-I-Foto-leitorAcorda-Cidade.jpg 1200w\"><figcaption class=\"wp-element-caption\">Rua G, no bairro Muchila I | Foto leitor\/Acorda Cidade<\/figcaption><\/figure>\n<figure class=\"wp-block-image size-full\"><img loading=\"lazy\" data-dominant-color=\"899093\" data-has-transparency=\"false\" style=\"--dominant-color: #899093;\" decoding=\"async\" width=\"1200\" height=\"675\" sizes=\"(max-width: 1200px) 100vw, 1200px\" src=\"http:\/\/noticiasbahia360.com.br\/wp-content\/uploads\/2025\/07\/Rua-Garanhuns-Conceicao-Foto-leitorAcorda-Cidade.jpg\" alt=\"Rua Garanhuns Concei\u00e7\u00e3o Foto leitorAcorda Cidade\" class=\"wp-image-571434 not-transparent\" srcset=\"https:\/\/uploads.acordacidade.com.br\/2025\/07\/Rua-Garanhuns-Conceicao-Foto-leitorAcorda-Cidade-648x365.jpg 648w, https:\/\/uploads.acordacidade.com.br\/2025\/07\/Rua-Garanhuns-Conceicao-Foto-leitorAcorda-Cidade-150x84.jpg 150w, http:\/\/noticiasbahia360.com.br\/wp-content\/uploads\/2025\/07\/Rua-Garanhuns-Conceicao-Foto-leitorAcorda-Cidade.jpg 1200w\"><figcaption class=\"wp-element-caption\">Rua Garanhuns- Concei\u00e7\u00e3o | Foto leitor\/Acorda Cidade<\/figcaption><\/figure>\n<figure class=\"wp-block-image size-full\"><img loading=\"lazy\" data-dominant-color=\"4c5359\" data-has-transparency=\"false\" style=\"--dominant-color: #4c5359;\" decoding=\"async\" width=\"1200\" height=\"736\" sizes=\"(max-width: 1200px) 100vw, 1200px\" src=\"http:\/\/noticiasbahia360.com.br\/wp-content\/uploads\/2025\/07\/Av-Rubens-Francisco-Dias-Foto-leitorAcorda-Cidade.jpg\" alt=\"Av. Rubens Francisco Dias Foto leitorAcorda Cidade\" class=\"wp-image-571437 not-transparent\" srcset=\"https:\/\/uploads.acordacidade.com.br\/2025\/07\/Av.-Rubens-Francisco-Dias-Foto-leitorAcorda-Cidade-595x365.jpg 595w, https:\/\/uploads.acordacidade.com.br\/2025\/07\/Av.-Rubens-Francisco-Dias-Foto-leitorAcorda-Cidade-902x553.jpg 902w, https:\/\/uploads.acordacidade.com.br\/2025\/07\/Av.-Rubens-Francisco-Dias-Foto-leitorAcorda-Cidade-150x92.jpg 150w, http:\/\/noticiasbahia360.com.br\/wp-content\/uploads\/2025\/07\/Av-Rubens-Francisco-Dias-Foto-leitorAcorda-Cidade.jpg 1200w\"><figcaption class=\"wp-element-caption\">Av. Rubens Francisco Dias | Foto leitor\/Acorda Cidade<\/figcaption><\/figure>\n<p><em>Reportagem escrita pela estagi\u00e1ria de jornalismo Beatriz Rosado sob supervis\u00e3o do jornalista Gabriel Gon\u00e7alves<\/em><\/p>\n<p><em>Siga o Acorda Cidade no<\/em><a href=\"https:\/\/news.google.com\/search?q=acorda%20cidade&amp;hl=pt-BR&amp;gl=BR&amp;ceid=BR%3Apt-419\"><strong><em>\u00a0Google Not\u00edcias<\/em><\/strong><\/a><em>\u00a0e receba os principais destaques do dia. Participe tamb\u00e9m dos nossos canais no\u00a0<\/em><a href=\"https:\/\/www.whatsapp.com\/channel\/0029Va6Rb4v3WHTNnsh8WI3N\"><strong><em>WhatsApp<\/em><\/strong><\/a><em>\u00a0e\u00a0<\/em><a href=\"https:\/\/www.youtube.com\/@acordacidadenoticias\/videos\"><strong>Youtube<\/strong><\/a><em>\u00a0e grupo de\u00a0<\/em><a href=\"https:\/\/t.me\/+sSz0khrgARA0ZmRh\"><strong><em>Telegram<\/em><\/strong><\/a><em>.<\/em><\/p>\n<\/div>\n","protected":false},"excerpt":{"rendered":"<div>\n<div>\n<figure><img decoding=\"async\" src=\"https:\/\/uploads.acordacidade.com.br\/2025\/07\/WhatsApp-Image-2025-07-03-at-22.59.36.jpeg\" alt=\"R. Ant\u00f4nio Carlos Borges Junior | Foto leitor\/Acorda Cidade\"><figcaption>R. Ant\u00f4nio Carlos Borges Junior | Foto leitor\/Acorda Cidade<\/figcaption><\/figure>\n<\/div>\n<p>As reclama\u00e7\u00f5es com registros fotogr\u00e1ficos podem ser enviadas para o WhatsApp do Acorda Cidade (75) 98297-4004.<\/p><\/div>\n","protected":false},"author":1,"featured_media":92149,"comment_status":"closed","ping_status":"closed","sticky":false,"template":"","format":"gallery","meta":{"footnotes":""},"categories":[8,9,6,57,56,10],"tags":[],"class_list":["post-92148","post","type-post","status-publish","format-gallery","has-post-thumbnail","hentry","category-bahia","category-brasil","category-feira-de-santana","category-mundo","category-policia","category-politica","post_format-post-format-gallery"],"featured_image_urls":{"full":["https:\/\/noticiasbahia360.com.br\/wp-content\/uploads\/2025\/07\/WhatsApp-Image-2025-07-03-at-225936.jpeg",1200,822,false],"thumbnail":["https:\/\/noticiasbahia360.com.br\/wp-content\/uploads\/2025\/07\/WhatsApp-Image-2025-07-03-at-225936-150x150.jpeg",150,150,true],"medium":["https:\/\/noticiasbahia360.com.br\/wp-content\/uploads\/2025\/07\/WhatsApp-Image-2025-07-03-at-225936-300x206.jpeg",300,206,true],"medium_large":["https:\/\/noticiasbahia360.com.br\/wp-content\/uploads\/2025\/07\/WhatsApp-Image-2025-07-03-at-225936-768x526.jpeg",640,438,true],"large":["https:\/\/noticiasbahia360.com.br\/wp-content\/uploads\/2025\/07\/WhatsApp-Image-2025-07-03-at-225936-1024x701.jpeg",640,438,true],"1536x1536":["https:\/\/noticiasbahia360.com.br\/wp-content\/uploads\/2025\/07\/WhatsApp-Image-2025-07-03-at-225936.jpeg",1200,822,false],"2048x2048":["https:\/\/noticiasbahia360.com.br\/wp-content\/uploads\/2025\/07\/WhatsApp-Image-2025-07-03-at-225936.jpeg",1200,822,false],"chromenews-featured":["https:\/\/noticiasbahia360.com.br\/wp-content\/uploads\/2025\/07\/WhatsApp-Image-2025-07-03-at-225936-1024x701.jpeg",1024,701,true],"chromenews-large":["https:\/\/noticiasbahia360.com.br\/wp-content\/uploads\/2025\/07\/WhatsApp-Image-2025-07-03-at-225936-825x575.jpeg",825,575,true],"chromenews-medium":["https:\/\/noticiasbahia360.com.br\/wp-content\/uploads\/2025\/07\/WhatsApp-Image-2025-07-03-at-225936-590x410.jpeg",590,410,true]},"author_info":{"display_name":"noticiasbahia360.com.br","author_link":"https:\/\/noticiasbahia360.com.br\/?author=1"},"category_info":"<a href=\"https:\/\/noticiasbahia360.com.br\/?cat=8\" rel=\"category\">Bahia<\/a> <a href=\"https:\/\/noticiasbahia360.com.br\/?cat=9\" rel=\"category\">Brasil<\/a> <a href=\"https:\/\/noticiasbahia360.com.br\/?cat=6\" rel=\"category\">Feira de Santana<\/a> <a href=\"https:\/\/noticiasbahia360.com.br\/?cat=57\" rel=\"category\">Mundo<\/a> <a href=\"https:\/\/noticiasbahia360.com.br\/?cat=56\" rel=\"category\">Pol\u00edcia<\/a> <a href=\"https:\/\/noticiasbahia360.com.br\/?cat=10\" rel=\"category\">Pol\u00edtica<\/a>","tag_info":"Pol\u00edtica","comment_count":"0","_links":{"self":[{"href":"https:\/\/noticiasbahia360.com.br\/index.php?rest_route=\/wp\/v2\/posts\/92148","targetHints":{"allow":["GET"]}}],"collection":[{"href":"https:\/\/noticiasbahia360.com.br\/index.php?rest_route=\/wp\/v2\/posts"}],"about":[{"href":"https:\/\/noticiasbahia360.com.br\/index.php?rest_route=\/wp\/v2\/types\/post"}],"author":[{"embeddable":true,"href":"https:\/\/noticiasbahia360.com.br\/index.php?rest_route=\/wp\/v2\/users\/1"}],"replies":[{"embeddable":true,"href":"https:\/\/noticiasbahia360.com.br\/index.php?rest_route=%2Fwp%2Fv2%2Fcomments&post=92148"}],"version-history":[{"count":0,"href":"https:\/\/noticiasbahia360.com.br\/index.php?rest_route=\/wp\/v2\/posts\/92148\/revisions"}],"wp:featuredmedia":[{"embeddable":true,"href":"https:\/\/noticiasbahia360.com.br\/index.php?rest_route=\/wp\/v2\/media\/92149"}],"wp:attachment":[{"href":"https:\/\/noticiasbahia360.com.br\/index.php?rest_route=%2Fwp%2Fv2%2Fmedia&parent=92148"}],"wp:term":[{"taxonomy":"category","embeddable":true,"href":"https:\/\/noticiasbahia360.com.br\/index.php?rest_route=%2Fwp%2Fv2%2Fcategories&post=92148"},{"taxonomy":"post_tag","embeddable":true,"href":"https:\/\/noticiasbahia360.com.br\/index.php?rest_route=%2Fwp%2Fv2%2Ftags&post=92148"}],"curies":[{"name":"wp","href":"https:\/\/api.w.org\/{rel}","templated":true}]}}