{"id":92165,"date":"2025-07-04T22:27:51","date_gmt":"2025-07-05T01:27:51","guid":{"rendered":"https:\/\/noticiasbahia360.com.br\/?p=92165"},"modified":"2025-07-04T22:27:51","modified_gmt":"2025-07-05T01:27:51","slug":"construcao-de-centro-de-comercializacao-de-pescado-em-valenca-e-autorizado-pelo-governo-do-estado","status":"publish","type":"post","link":"https:\/\/noticiasbahia360.com.br\/?p=92165","title":{"rendered":"Constru\u00e7\u00e3o de centro de comercializa\u00e7\u00e3o de pescado em Valen\u00e7a \u00e9 autorizado pelo Governo do Estado"},"content":{"rendered":"<div>\n<div>\n<figure><img decoding=\"async\" src=\"http:\/\/noticiasbahia360.com.br\/wp-content\/uploads\/2025\/07\/autorizacao-centro-de-pescado-valenca-foto-Wuiga-Rubini-GOVBA.jpg\" alt=\"Valen\u00e7a\"><figcaption>Foto: Wuiga Rubini GOVBA<\/figcaption><\/figure>\n<\/div>\n<p>Na manh\u00e3 desta sexta-feira (4), o governador Jer\u00f4nimo Rodrigues assinou a ordem de servi\u00e7o para a constru\u00e7\u00e3o do novo Centro Regional de Comercializa\u00e7\u00e3o de Pescado, em Valen\u00e7a. Com investimento de mais de R$ 2 milh\u00f5es, o espa\u00e7o ser\u00e1 constru\u00eddo com infraestruturas el\u00e9tricas, hidr\u00e1ulicas e sanit\u00e1rias adequadas para garantir melhores condi\u00e7\u00f5es de trabalho e higiene aos comerciantes e consumidores.<\/p>\n<p>A iniciativa \u00e9 fruto de parceria entre o Minist\u00e9rio da Agricultura e Pecu\u00e1ria e a Secretaria da Agricultura, Pecu\u00e1ria, Irriga\u00e7\u00e3o, Pesca e Aquicultura do Estado (Seagri), por meio da Bahia Pesca. O equipamento, que vai fortalecer a economia do Baixo Sul, contar\u00e1 com 34 boxes para venda de pescado, \u00e1rea de lavagem, dep\u00f3sito, loja de gelo, loja de isopor, sanit\u00e1rios, vesti\u00e1rio, estacionamento com seis vagas e uma esta\u00e7\u00e3o de tratamento de efluentes.<\/p>\n<figure class=\"wp-block-image size-large\"><img fetchpriority=\"high\" data-dominant-color=\"8f7f81\" data-has-transparency=\"false\" style=\"--dominant-color: #8f7f81;\" fetchpriority=\"high\" decoding=\"async\" width=\"1153\" height=\"768\" sizes=\"(max-width: 1153px) 100vw, 1153px\" src=\"http:\/\/noticiasbahia360.com.br\/wp-content\/uploads\/2025\/07\/autorizacao-centro-de-pescado-valenca-foto-Wuiga-Rubini-GOVBA02-1153x768-1.jpg\" alt=\"\" class=\"wp-image-571645 not-transparent\" srcset=\"https:\/\/uploads.acordacidade.com.br\/2025\/07\/autorizacao-centro-de-pescado-valenca-foto-Wuiga-Rubini-GOVBA02-548x365.jpg 548w, http:\/\/noticiasbahia360.com.br\/wp-content\/uploads\/2025\/07\/autorizacao-centro-de-pescado-valenca-foto-Wuiga-Rubini-GOVBA02-1153x768-1.jpg 1153w, https:\/\/uploads.acordacidade.com.br\/2025\/07\/autorizacao-centro-de-pescado-valenca-foto-Wuiga-Rubini-GOVBA02-831x553.jpg 831w, https:\/\/uploads.acordacidade.com.br\/2025\/07\/autorizacao-centro-de-pescado-valenca-foto-Wuiga-Rubini-GOVBA02-150x100.jpg 150w, https:\/\/uploads.acordacidade.com.br\/2025\/07\/autorizacao-centro-de-pescado-valenca-foto-Wuiga-Rubini-GOVBA02.jpg 1200w\"><figcaption class=\"wp-element-caption\">Foto: Wuiga Rubini GOVBA<\/figcaption><\/figure>\n<p>\u201cEstamos entregando uma estrutura que representa mais dignidade e melhores condi\u00e7\u00f5es de trabalho para quem vive da pesca. \u00c9 assim que fortalecemos a economia local, com equipamentos modernos e compromisso com o povo trabalhador\u201d, afirmou o governador Jer\u00f4nimo Rodrigues, que esteve no munic\u00edpio para o an\u00fancio de novas a\u00e7\u00f5es.<\/p>\n<p>Para Dhou Fernandes, comerciante de pescados h\u00e1 mais de 20 anos, o novo centro representa um avan\u00e7o hist\u00f3rico. \u201cA gente precisava de um espa\u00e7o com estrutura. Vai melhorar o nosso trabalho, conservar melhor o peixe e dar mais conforto para quem compra e vende. \u00c9 um avan\u00e7o para todos n\u00f3s da pesca\u201d, destacou.<\/p>\n<h3 class=\"wp-block-heading\" id=\"h-outras-acoes\">Outras a\u00e7\u00f5es<\/h3>\n<p>Al\u00e9m da entrega do centro de pescados, o governador autorizou uma s\u00e9rie de novos investimentos em Valen\u00e7a. Na \u00e1rea da sa\u00fade, foi anunciada a constru\u00e7\u00e3o de uma Unidade B\u00e1sica de Sa\u00fade (UBS) no distrito de Serra Grande, com investimento de mais de R$ 3 milh\u00f5es, al\u00e9m da entrega de duas ambul\u00e2ncias, uma para o distrito e outra para o munic\u00edpio, e de um ve\u00edculo administrativo, totalizando mais de R$ 640 mil em recursos.<\/p>\n<figure class=\"wp-block-image size-large\"><img data-dominant-color=\"9b9680\" data-has-transparency=\"false\" style=\"--dominant-color: #9b9680;\" decoding=\"async\" width=\"1153\" height=\"768\" sizes=\"(max-width: 1153px) 100vw, 1153px\" src=\"http:\/\/noticiasbahia360.com.br\/wp-content\/uploads\/2025\/07\/autorizacao-centro-de-pescado-valenca-foto-Wuiga-Rubini-GOVBA01-1153x768-1.jpg\" alt=\"\" class=\"wp-image-571646 not-transparent\" srcset=\"https:\/\/uploads.acordacidade.com.br\/2025\/07\/autorizacao-centro-de-pescado-valenca-foto-Wuiga-Rubini-GOVBA01-548x365.jpg 548w, http:\/\/noticiasbahia360.com.br\/wp-content\/uploads\/2025\/07\/autorizacao-centro-de-pescado-valenca-foto-Wuiga-Rubini-GOVBA01-1153x768-1.jpg 1153w, https:\/\/uploads.acordacidade.com.br\/2025\/07\/autorizacao-centro-de-pescado-valenca-foto-Wuiga-Rubini-GOVBA01-831x553.jpg 831w, https:\/\/uploads.acordacidade.com.br\/2025\/07\/autorizacao-centro-de-pescado-valenca-foto-Wuiga-Rubini-GOVBA01-150x100.jpg 150w, https:\/\/uploads.acordacidade.com.br\/2025\/07\/autorizacao-centro-de-pescado-valenca-foto-Wuiga-Rubini-GOVBA01.jpg 1200w\"><figcaption class=\"wp-element-caption\">Foto: Wuiga Rubini GOVBA<\/figcaption><\/figure>\n<p>Na \u00e1rea de infraestrutura urbana, foi autorizada a segunda etapa da reforma do Est\u00e1dio Municipal Ant\u00f4nio Sereia, com investimento estimado em R$ 1,3 milh\u00e3o, e adotadas as provid\u00eancias para a constru\u00e7\u00e3o do espa\u00e7o para a nova Feira Livre de Valen\u00e7a, na Rua Marita Almeida, no centro da cidade. A obra, que receber\u00e1 mais de R$ 13 milh\u00f5es, deve garantir melhores condi\u00e7\u00f5es de trabalho para feirantes e mais conforto aos consumidores.<\/p>\n<p><em>Siga o Acorda Cidade no<\/em><a href=\"https:\/\/news.google.com\/search?q=acorda%20cidade&amp;hl=pt-BR&amp;gl=BR&amp;ceid=BR%3Apt-419\"><strong><em>\u00a0Google Not\u00edcias<\/em><\/strong><\/a><em>\u00a0e receba os principais destaques do dia. Participe tamb\u00e9m dos nossos canais no\u00a0<\/em><a href=\"https:\/\/www.whatsapp.com\/channel\/0029Va6Rb4v3WHTNnsh8WI3N\"><strong><em>WhatsApp<\/em><\/strong><\/a><em>\u00a0e\u00a0<\/em><a href=\"https:\/\/www.youtube.com\/@acordacidadenoticias\/videos\"><strong>Youtube<\/strong><\/a><em>\u00a0e grupo de\u00a0<\/em><a href=\"https:\/\/t.me\/+sSz0khrgARA0ZmRh\"><strong><em>Telegram<\/em><\/strong><\/a><\/p>\n<\/div>\n","protected":false},"excerpt":{"rendered":"<div>\n<div>\n<figure><img decoding=\"async\" src=\"https:\/\/uploads.acordacidade.com.br\/2025\/07\/autorizacao-centro-de-pescado-valenca-foto-Wuiga-Rubini-GOVBA.jpg\" alt=\"Valen\u00e7a\"><figcaption>Foto: Wuiga Rubini GOVBA<\/figcaption><\/figure>\n<\/div>\n<p>Al\u00e9m da entrega do centro de pescados, o governador Jer\u00f4nimo Rodrigues autorizou uma s\u00e9rie de novos investimentos em Valen\u00e7a.<\/p><\/div>\n","protected":false},"author":1,"featured_media":92166,"comment_status":"closed","ping_status":"closed","sticky":false,"template":"","format":"gallery","meta":{"footnotes":""},"categories":[8,9,6,57,56,10],"tags":[],"class_list":["post-92165","post","type-post","status-publish","format-gallery","has-post-thumbnail","hentry","category-bahia","category-brasil","category-feira-de-santana","category-mundo","category-policia","category-politica","post_format-post-format-gallery"],"featured_image_urls":{"full":["https:\/\/noticiasbahia360.com.br\/wp-content\/uploads\/2025\/07\/autorizacao-centro-de-pescado-valenca-foto-Wuiga-Rubini-GOVBA.jpg",1200,799,false],"thumbnail":["https:\/\/noticiasbahia360.com.br\/wp-content\/uploads\/2025\/07\/autorizacao-centro-de-pescado-valenca-foto-Wuiga-Rubini-GOVBA-150x150.jpg",150,150,true],"medium":["https:\/\/noticiasbahia360.com.br\/wp-content\/uploads\/2025\/07\/autorizacao-centro-de-pescado-valenca-foto-Wuiga-Rubini-GOVBA-300x200.jpg",300,200,true],"medium_large":["https:\/\/noticiasbahia360.com.br\/wp-content\/uploads\/2025\/07\/autorizacao-centro-de-pescado-valenca-foto-Wuiga-Rubini-GOVBA-768x511.jpg",640,426,true],"large":["https:\/\/noticiasbahia360.com.br\/wp-content\/uploads\/2025\/07\/autorizacao-centro-de-pescado-valenca-foto-Wuiga-Rubini-GOVBA-1024x682.jpg",640,426,true],"1536x1536":["https:\/\/noticiasbahia360.com.br\/wp-content\/uploads\/2025\/07\/autorizacao-centro-de-pescado-valenca-foto-Wuiga-Rubini-GOVBA.jpg",1200,799,false],"2048x2048":["https:\/\/noticiasbahia360.com.br\/wp-content\/uploads\/2025\/07\/autorizacao-centro-de-pescado-valenca-foto-Wuiga-Rubini-GOVBA.jpg",1200,799,false],"chromenews-featured":["https:\/\/noticiasbahia360.com.br\/wp-content\/uploads\/2025\/07\/autorizacao-centro-de-pescado-valenca-foto-Wuiga-Rubini-GOVBA-1024x682.jpg",1024,682,true],"chromenews-large":["https:\/\/noticiasbahia360.com.br\/wp-content\/uploads\/2025\/07\/autorizacao-centro-de-pescado-valenca-foto-Wuiga-Rubini-GOVBA-825x575.jpg",825,575,true],"chromenews-medium":["https:\/\/noticiasbahia360.com.br\/wp-content\/uploads\/2025\/07\/autorizacao-centro-de-pescado-valenca-foto-Wuiga-Rubini-GOVBA-590x410.jpg",590,410,true]},"author_info":{"display_name":"noticiasbahia360.com.br","author_link":"https:\/\/noticiasbahia360.com.br\/?author=1"},"category_info":"<a href=\"https:\/\/noticiasbahia360.com.br\/?cat=8\" rel=\"category\">Bahia<\/a> <a href=\"https:\/\/noticiasbahia360.com.br\/?cat=9\" rel=\"category\">Brasil<\/a> <a href=\"https:\/\/noticiasbahia360.com.br\/?cat=6\" rel=\"category\">Feira de Santana<\/a> <a href=\"https:\/\/noticiasbahia360.com.br\/?cat=57\" rel=\"category\">Mundo<\/a> <a href=\"https:\/\/noticiasbahia360.com.br\/?cat=56\" rel=\"category\">Pol\u00edcia<\/a> <a href=\"https:\/\/noticiasbahia360.com.br\/?cat=10\" rel=\"category\">Pol\u00edtica<\/a>","tag_info":"Pol\u00edtica","comment_count":"0","_links":{"self":[{"href":"https:\/\/noticiasbahia360.com.br\/index.php?rest_route=\/wp\/v2\/posts\/92165","targetHints":{"allow":["GET"]}}],"collection":[{"href":"https:\/\/noticiasbahia360.com.br\/index.php?rest_route=\/wp\/v2\/posts"}],"about":[{"href":"https:\/\/noticiasbahia360.com.br\/index.php?rest_route=\/wp\/v2\/types\/post"}],"author":[{"embeddable":true,"href":"https:\/\/noticiasbahia360.com.br\/index.php?rest_route=\/wp\/v2\/users\/1"}],"replies":[{"embeddable":true,"href":"https:\/\/noticiasbahia360.com.br\/index.php?rest_route=%2Fwp%2Fv2%2Fcomments&post=92165"}],"version-history":[{"count":0,"href":"https:\/\/noticiasbahia360.com.br\/index.php?rest_route=\/wp\/v2\/posts\/92165\/revisions"}],"wp:featuredmedia":[{"embeddable":true,"href":"https:\/\/noticiasbahia360.com.br\/index.php?rest_route=\/wp\/v2\/media\/92166"}],"wp:attachment":[{"href":"https:\/\/noticiasbahia360.com.br\/index.php?rest_route=%2Fwp%2Fv2%2Fmedia&parent=92165"}],"wp:term":[{"taxonomy":"category","embeddable":true,"href":"https:\/\/noticiasbahia360.com.br\/index.php?rest_route=%2Fwp%2Fv2%2Fcategories&post=92165"},{"taxonomy":"post_tag","embeddable":true,"href":"https:\/\/noticiasbahia360.com.br\/index.php?rest_route=%2Fwp%2Fv2%2Ftags&post=92165"}],"curies":[{"name":"wp","href":"https:\/\/api.w.org\/{rel}","templated":true}]}}