{"id":92169,"date":"2025-07-04T22:48:40","date_gmt":"2025-07-05T01:48:40","guid":{"rendered":"https:\/\/noticiasbahia360.com.br\/?p=92169"},"modified":"2025-07-04T22:48:40","modified_gmt":"2025-07-05T01:48:40","slug":"presidente-dos-correios-pede-demissao-estatal-teve-prejuizo-bilionario-no-1o-trimestre-deste-ano","status":"publish","type":"post","link":"https:\/\/noticiasbahia360.com.br\/?p=92169","title":{"rendered":"Presidente dos Correios pede demiss\u00e3o; estatal teve preju\u00edzo bilion\u00e1rio no 1\u00ba trimestre deste ano"},"content":{"rendered":"<div>\n<div>\n<figure><img decoding=\"async\" src=\"http:\/\/noticiasbahia360.com.br\/wp-content\/uploads\/2025\/07\/fabiano-silva-presidente-dos-correios-foto-Foto-Jose-Cruz-Agencia-Brasil.png\" alt=\"Correios\"><figcaption>Fabiano Silva | Foto: Jos\u00e9 Cruz\/Ag\u00eancia Brasil<\/figcaption><\/figure>\n<\/div>\n<p>O presidente dos <a href=\"https:\/\/www.acordacidade.com.br\/tag\/correios\/\">Correios<\/a>, Fabiano Silva, pediu demiss\u00e3o do cargo. Ele deixou a carta de demiss\u00e3o no Pal\u00e1cio do Planalto, nesta sexta-feira (4), com auxiliares do presidente Lula. O petista est\u00e1 oficialmente em viagem no Rio de Janeiro.<\/p>\n<p>Segundo o g1, a demiss\u00e3o s\u00f3 deve ser oficializada ap\u00f3s uma conversa entre Fabiano e o pr\u00f3prio presidente Lula. A sa\u00edda de Silva acontece ap\u00f3s a estatal ter o pior d\u00e9ficit entre as empresas do governo em 2024 e registrar um preju\u00edzo de R$ 1,7 bilh\u00e3o no primeiro trimestre deste ano.<\/p>\n<p>Ainda segundo o g1, pessoas pr\u00f3ximas a Fabiano afirmam que a perman\u00eancia dele como presidente dos Correios ficou insustent\u00e1vel por conta de uma suposta press\u00e3o pol\u00edtica.<\/p>\n<p><em>Siga o Acorda Cidade no<\/em><a href=\"https:\/\/news.google.com\/search?q=acorda%20cidade&amp;hl=pt-BR&amp;gl=BR&amp;ceid=BR%3Apt-419\"><strong><em>\u00a0Google Not\u00edcias<\/em><\/strong><\/a><em>\u00a0e receba os principais destaques do dia. Participe tamb\u00e9m dos nossos canais no\u00a0<\/em><a href=\"https:\/\/www.whatsapp.com\/channel\/0029Va6Rb4v3WHTNnsh8WI3N\"><strong><em>WhatsApp<\/em><\/strong><\/a><em>\u00a0e\u00a0<\/em><a href=\"https:\/\/www.youtube.com\/@acordacidadenoticias\/videos\"><strong>Youtube<\/strong><\/a><em>\u00a0e grupo de\u00a0<\/em><a href=\"https:\/\/t.me\/+sSz0khrgARA0ZmRh\"><strong><em>Telegram<\/em><\/strong><\/a><\/p>\n<\/div>\n","protected":false},"excerpt":{"rendered":"<div>\n<div>\n<figure><img decoding=\"async\" src=\"https:\/\/uploads.acordacidade.com.br\/2025\/07\/fabiano-silva-presidente-dos-correios-foto-Foto-Jose-Cruz-Agencia-Brasil.png\" alt=\"Correios\"><figcaption>Fabiano Silva | Foto: Jos\u00e9 Cruz\/Ag\u00eancia Brasil<\/figcaption><\/figure>\n<\/div>\n<p>A estatal ter o pior d\u00e9ficit entre as empresas do governo em 2024 e registrar um preju\u00edzo de R$ 1,7 bilh\u00e3o no primeiro trimestre deste ano.<\/p><\/div>\n","protected":false},"author":1,"featured_media":92170,"comment_status":"closed","ping_status":"closed","sticky":false,"template":"","format":"gallery","meta":{"footnotes":""},"categories":[8,9,6,57,56,10],"tags":[],"class_list":["post-92169","post","type-post","status-publish","format-gallery","has-post-thumbnail","hentry","category-bahia","category-brasil","category-feira-de-santana","category-mundo","category-policia","category-politica","post_format-post-format-gallery"],"featured_image_urls":{"full":["https:\/\/noticiasbahia360.com.br\/wp-content\/uploads\/2025\/07\/fabiano-silva-presidente-dos-correios-foto-Foto-Jose-Cruz-Agencia-Brasil.png",1200,800,false],"thumbnail":["https:\/\/noticiasbahia360.com.br\/wp-content\/uploads\/2025\/07\/fabiano-silva-presidente-dos-correios-foto-Foto-Jose-Cruz-Agencia-Brasil-150x150.png",150,150,true],"medium":["https:\/\/noticiasbahia360.com.br\/wp-content\/uploads\/2025\/07\/fabiano-silva-presidente-dos-correios-foto-Foto-Jose-Cruz-Agencia-Brasil-300x200.png",300,200,true],"medium_large":["https:\/\/noticiasbahia360.com.br\/wp-content\/uploads\/2025\/07\/fabiano-silva-presidente-dos-correios-foto-Foto-Jose-Cruz-Agencia-Brasil-768x512.png",640,427,true],"large":["https:\/\/noticiasbahia360.com.br\/wp-content\/uploads\/2025\/07\/fabiano-silva-presidente-dos-correios-foto-Foto-Jose-Cruz-Agencia-Brasil-1024x683.png",640,427,true],"1536x1536":["https:\/\/noticiasbahia360.com.br\/wp-content\/uploads\/2025\/07\/fabiano-silva-presidente-dos-correios-foto-Foto-Jose-Cruz-Agencia-Brasil.png",1200,800,false],"2048x2048":["https:\/\/noticiasbahia360.com.br\/wp-content\/uploads\/2025\/07\/fabiano-silva-presidente-dos-correios-foto-Foto-Jose-Cruz-Agencia-Brasil.png",1200,800,false],"chromenews-featured":["https:\/\/noticiasbahia360.com.br\/wp-content\/uploads\/2025\/07\/fabiano-silva-presidente-dos-correios-foto-Foto-Jose-Cruz-Agencia-Brasil-1024x683.png",1024,683,true],"chromenews-large":["https:\/\/noticiasbahia360.com.br\/wp-content\/uploads\/2025\/07\/fabiano-silva-presidente-dos-correios-foto-Foto-Jose-Cruz-Agencia-Brasil-825x575.png",825,575,true],"chromenews-medium":["https:\/\/noticiasbahia360.com.br\/wp-content\/uploads\/2025\/07\/fabiano-silva-presidente-dos-correios-foto-Foto-Jose-Cruz-Agencia-Brasil-590x410.png",590,410,true]},"author_info":{"display_name":"noticiasbahia360.com.br","author_link":"https:\/\/noticiasbahia360.com.br\/?author=1"},"category_info":"<a href=\"https:\/\/noticiasbahia360.com.br\/?cat=8\" rel=\"category\">Bahia<\/a> <a href=\"https:\/\/noticiasbahia360.com.br\/?cat=9\" rel=\"category\">Brasil<\/a> <a href=\"https:\/\/noticiasbahia360.com.br\/?cat=6\" rel=\"category\">Feira de Santana<\/a> <a href=\"https:\/\/noticiasbahia360.com.br\/?cat=57\" rel=\"category\">Mundo<\/a> <a href=\"https:\/\/noticiasbahia360.com.br\/?cat=56\" rel=\"category\">Pol\u00edcia<\/a> <a href=\"https:\/\/noticiasbahia360.com.br\/?cat=10\" rel=\"category\">Pol\u00edtica<\/a>","tag_info":"Pol\u00edtica","comment_count":"0","_links":{"self":[{"href":"https:\/\/noticiasbahia360.com.br\/index.php?rest_route=\/wp\/v2\/posts\/92169","targetHints":{"allow":["GET"]}}],"collection":[{"href":"https:\/\/noticiasbahia360.com.br\/index.php?rest_route=\/wp\/v2\/posts"}],"about":[{"href":"https:\/\/noticiasbahia360.com.br\/index.php?rest_route=\/wp\/v2\/types\/post"}],"author":[{"embeddable":true,"href":"https:\/\/noticiasbahia360.com.br\/index.php?rest_route=\/wp\/v2\/users\/1"}],"replies":[{"embeddable":true,"href":"https:\/\/noticiasbahia360.com.br\/index.php?rest_route=%2Fwp%2Fv2%2Fcomments&post=92169"}],"version-history":[{"count":0,"href":"https:\/\/noticiasbahia360.com.br\/index.php?rest_route=\/wp\/v2\/posts\/92169\/revisions"}],"wp:featuredmedia":[{"embeddable":true,"href":"https:\/\/noticiasbahia360.com.br\/index.php?rest_route=\/wp\/v2\/media\/92170"}],"wp:attachment":[{"href":"https:\/\/noticiasbahia360.com.br\/index.php?rest_route=%2Fwp%2Fv2%2Fmedia&parent=92169"}],"wp:term":[{"taxonomy":"category","embeddable":true,"href":"https:\/\/noticiasbahia360.com.br\/index.php?rest_route=%2Fwp%2Fv2%2Fcategories&post=92169"},{"taxonomy":"post_tag","embeddable":true,"href":"https:\/\/noticiasbahia360.com.br\/index.php?rest_route=%2Fwp%2Fv2%2Ftags&post=92169"}],"curies":[{"name":"wp","href":"https:\/\/api.w.org\/{rel}","templated":true}]}}