{"id":92171,"date":"2025-07-04T23:26:23","date_gmt":"2025-07-05T02:26:23","guid":{"rendered":"https:\/\/noticiasbahia360.com.br\/?p=92171"},"modified":"2025-07-04T23:26:23","modified_gmt":"2025-07-05T02:26:23","slug":"policia-civil-cumpre-mandado-de-busca-e-apreensao-contra-suspeita-de-praticar-sextorsao-em-feira-de-santana","status":"publish","type":"post","link":"https:\/\/noticiasbahia360.com.br\/?p=92171","title":{"rendered":"Pol\u00edcia Civil cumpre mandado de busca e apreens\u00e3o contra suspeita de praticar \u201cSextors\u00e3o\u201d em Feira de Santana"},"content":{"rendered":"<div>\n<div>\n<figure><img decoding=\"async\" src=\"http:\/\/noticiasbahia360.com.br\/wp-content\/uploads\/2025\/07\/Policia-Civil-Complexo-de-Delegacias.jpg\" alt=\"Pol\u00edcia Civil Complexo de Delegacias\"><figcaption>Foto: Ed Santos\/ Acorda Cidade<\/figcaption><\/figure>\n<\/div>\n<p>A Pol\u00edcia Civil do Estado da Bahia, por interm\u00e9dio da 2\u00aa Delegacia Territorial de Feira de Santana, cumpriu, nesta sexta (4), um mandado de busca e apreens\u00e3o domiciliar no \u00e2mbito de uma investiga\u00e7\u00e3o que apura os crimes de extors\u00e3o, amea\u00e7a e discrimina\u00e7\u00e3o com base na orienta\u00e7\u00e3o sexual. A dilig\u00eancia foi realizada na resid\u00eancia da investigada, localizada na zona urbana da cidade.<\/p>\n<p>As investiga\u00e7\u00f5es foram iniciadas ap\u00f3s registro feito pelas vitimas, que relataram terem sido v\u00edtimas de graves condutas criminosas praticadas pela investigada. Segundo os relatos, a suspeita teria exigido valores em dinheiro das v\u00edtimas, amea\u00e7ando divulgar um v\u00eddeo \u00edntimo envolvendo as, caso n\u00e3o fosse atendida. Uma das v\u00edtimas afirma que, em raz\u00e3o das amea\u00e7as, chegou a efetuar pagamentos \u00e0 autora.<\/p>\n<p>Al\u00e9m da extors\u00e3o, as v\u00edtimas relataram ter sido alvos de reiteradas amea\u00e7as e ofensas com conota\u00e7\u00e3o discriminat\u00f3ria. Conforme os depoimentos, a investigada enviou mensagens a familiares das v\u00edtimas, afirmando que divulgaria o suposto v\u00eddeo nas redes sociais, al\u00e9m de proferir xingamentos homof\u00f3bicos e amea\u00e7as de agress\u00e3o f\u00edsica.<\/p>\n<p>Com cerca de 200 mil seguidores em sua conta no Instagram, a investigada mant\u00e9m expressiva presen\u00e7a como influenciadora digital, fator que amplia consideravelmente o alcance e o potencial dano de suas amea\u00e7as.<\/p>\n<p>Diante da gravidade dos fatos e da poss\u00edvel exist\u00eancia de provas armazenadas em dispositivos eletr\u00f4nicos, a autoridade policial representou pela busca e apreens\u00e3o, que foi prontamente deferida pelo Poder Judici\u00e1rio. A opera\u00e7\u00e3o contou com o apoio de equipes da unidade territorial, sendo apreendidos um celular e um tablet que ser\u00e3o periciados.<\/p>\n<p>A Pol\u00edcia Civil ressalta que a investiga\u00e7\u00e3o segue em andamento para apurar todos os elementos relacionados aos crimes noticiados e refor\u00e7a seu compromisso com o combate \u00e0 viol\u00eancia motivada por discrimina\u00e7\u00e3o e crimes contra a dignidade das v\u00edtimas.<\/p>\n<p>Foram tomadas as medidas administrativas de praxe, bem como a comunica\u00e7\u00e3o do cumprimento do mandado \u00e0 3\u00aa Vara Criminal de Feira de Santana.<\/p>\n<p><em>Siga o Acorda Cidade no<\/em><a href=\"https:\/\/news.google.com\/search?q=acorda%20cidade&amp;hl=pt-BR&amp;gl=BR&amp;ceid=BR%3Apt-419\"><strong><em>\u00a0Google Not\u00edcias<\/em><\/strong><\/a><em>\u00a0e receba os principais destaques do dia. Participe tamb\u00e9m dos nossos canais no\u00a0<\/em><a href=\"https:\/\/www.whatsapp.com\/channel\/0029Va6Rb4v3WHTNnsh8WI3N\"><strong><em>WhatsApp<\/em><\/strong><\/a><em>\u00a0e\u00a0<\/em><a href=\"https:\/\/www.youtube.com\/@acordacidadenoticias\/videos\"><strong>Youtube<\/strong><\/a><em>\u00a0e grupo de\u00a0<\/em><a href=\"https:\/\/t.me\/+sSz0khrgARA0ZmRh\"><strong><em>Telegram<\/em><\/strong><\/a><\/p>\n<\/div>\n","protected":false},"excerpt":{"rendered":"<div>\n<div>\n<figure><img decoding=\"async\" src=\"https:\/\/uploads.acordacidade.com.br\/2025\/05\/Policia-Civil-Complexo-de-Delegacias.jpg\" alt=\"Pol\u00edcia Civil Complexo de Delegacias\"><figcaption>Foto: Ed Santos\/ Acorda Cidade<\/figcaption><\/figure>\n<\/div>\n<p>A dilig\u00eancia foi realizada na resid\u00eancia da investigada, localizada na zona urbana da cidade.<\/p><\/div>\n","protected":false},"author":1,"featured_media":92172,"comment_status":"closed","ping_status":"closed","sticky":false,"template":"","format":"gallery","meta":{"footnotes":""},"categories":[8,9,6,57,56,10],"tags":[],"class_list":["post-92171","post","type-post","status-publish","format-gallery","has-post-thumbnail","hentry","category-bahia","category-brasil","category-feira-de-santana","category-mundo","category-policia","category-politica","post_format-post-format-gallery"],"featured_image_urls":{"full":["https:\/\/noticiasbahia360.com.br\/wp-content\/uploads\/2025\/07\/Policia-Civil-Complexo-de-Delegacias.jpg",1600,905,false],"thumbnail":["https:\/\/noticiasbahia360.com.br\/wp-content\/uploads\/2025\/07\/Policia-Civil-Complexo-de-Delegacias-150x150.jpg",150,150,true],"medium":["https:\/\/noticiasbahia360.com.br\/wp-content\/uploads\/2025\/07\/Policia-Civil-Complexo-de-Delegacias-300x170.jpg",300,170,true],"medium_large":["https:\/\/noticiasbahia360.com.br\/wp-content\/uploads\/2025\/07\/Policia-Civil-Complexo-de-Delegacias-768x434.jpg",640,362,true],"large":["https:\/\/noticiasbahia360.com.br\/wp-content\/uploads\/2025\/07\/Policia-Civil-Complexo-de-Delegacias-1024x579.jpg",640,362,true],"1536x1536":["https:\/\/noticiasbahia360.com.br\/wp-content\/uploads\/2025\/07\/Policia-Civil-Complexo-de-Delegacias-1536x869.jpg",1536,869,true],"2048x2048":["https:\/\/noticiasbahia360.com.br\/wp-content\/uploads\/2025\/07\/Policia-Civil-Complexo-de-Delegacias.jpg",1600,905,false],"chromenews-featured":["https:\/\/noticiasbahia360.com.br\/wp-content\/uploads\/2025\/07\/Policia-Civil-Complexo-de-Delegacias-1024x579.jpg",1024,579,true],"chromenews-large":["https:\/\/noticiasbahia360.com.br\/wp-content\/uploads\/2025\/07\/Policia-Civil-Complexo-de-Delegacias-825x575.jpg",825,575,true],"chromenews-medium":["https:\/\/noticiasbahia360.com.br\/wp-content\/uploads\/2025\/07\/Policia-Civil-Complexo-de-Delegacias-590x410.jpg",590,410,true]},"author_info":{"display_name":"noticiasbahia360.com.br","author_link":"https:\/\/noticiasbahia360.com.br\/?author=1"},"category_info":"<a href=\"https:\/\/noticiasbahia360.com.br\/?cat=8\" rel=\"category\">Bahia<\/a> <a href=\"https:\/\/noticiasbahia360.com.br\/?cat=9\" rel=\"category\">Brasil<\/a> <a href=\"https:\/\/noticiasbahia360.com.br\/?cat=6\" rel=\"category\">Feira de Santana<\/a> <a href=\"https:\/\/noticiasbahia360.com.br\/?cat=57\" rel=\"category\">Mundo<\/a> <a href=\"https:\/\/noticiasbahia360.com.br\/?cat=56\" rel=\"category\">Pol\u00edcia<\/a> <a href=\"https:\/\/noticiasbahia360.com.br\/?cat=10\" rel=\"category\">Pol\u00edtica<\/a>","tag_info":"Pol\u00edtica","comment_count":"0","_links":{"self":[{"href":"https:\/\/noticiasbahia360.com.br\/index.php?rest_route=\/wp\/v2\/posts\/92171","targetHints":{"allow":["GET"]}}],"collection":[{"href":"https:\/\/noticiasbahia360.com.br\/index.php?rest_route=\/wp\/v2\/posts"}],"about":[{"href":"https:\/\/noticiasbahia360.com.br\/index.php?rest_route=\/wp\/v2\/types\/post"}],"author":[{"embeddable":true,"href":"https:\/\/noticiasbahia360.com.br\/index.php?rest_route=\/wp\/v2\/users\/1"}],"replies":[{"embeddable":true,"href":"https:\/\/noticiasbahia360.com.br\/index.php?rest_route=%2Fwp%2Fv2%2Fcomments&post=92171"}],"version-history":[{"count":0,"href":"https:\/\/noticiasbahia360.com.br\/index.php?rest_route=\/wp\/v2\/posts\/92171\/revisions"}],"wp:featuredmedia":[{"embeddable":true,"href":"https:\/\/noticiasbahia360.com.br\/index.php?rest_route=\/wp\/v2\/media\/92172"}],"wp:attachment":[{"href":"https:\/\/noticiasbahia360.com.br\/index.php?rest_route=%2Fwp%2Fv2%2Fmedia&parent=92171"}],"wp:term":[{"taxonomy":"category","embeddable":true,"href":"https:\/\/noticiasbahia360.com.br\/index.php?rest_route=%2Fwp%2Fv2%2Fcategories&post=92171"},{"taxonomy":"post_tag","embeddable":true,"href":"https:\/\/noticiasbahia360.com.br\/index.php?rest_route=%2Fwp%2Fv2%2Ftags&post=92171"}],"curies":[{"name":"wp","href":"https:\/\/api.w.org\/{rel}","templated":true}]}}