{"id":92173,"date":"2025-07-05T06:20:49","date_gmt":"2025-07-05T09:20:49","guid":{"rendered":"https:\/\/noticiasbahia360.com.br\/?p=92173"},"modified":"2025-07-05T06:20:49","modified_gmt":"2025-07-05T09:20:49","slug":"penitenciaria-lemos-de-brito-passa-por-revistas-celulares-facas-e-dinheiro-sao-apreendidos","status":"publish","type":"post","link":"https:\/\/noticiasbahia360.com.br\/?p=92173","title":{"rendered":"Penitenci\u00e1ria Lemos de Brito passa por revistas; celulares, facas e dinheiro s\u00e3o apreendidos"},"content":{"rendered":"<div>\n<div>\n<figure><img decoding=\"async\" src=\"http:\/\/noticiasbahia360.com.br\/wp-content\/uploads\/2025\/07\/Policia-penal-Gaeco.webp\" alt=\"Penitenci\u00e1ria Lemos de Brito\"><figcaption>Foto: Divulga\u00e7\u00e3o<\/figcaption><\/figure>\n<\/div>\n<p>O Minist\u00e9rio P\u00fablico do Estado da Bahia (<a href=\"https:\/\/www.acordacidade.com.br\/tag\/mpba\/\">MPBA<\/a>), em parceria com a Secretaria de Administra\u00e7\u00e3o Penitenci\u00e1ria e Ressocializa\u00e7\u00e3o (<a href=\"https:\/\/www.acordacidade.com.br\/tag\/seap\/\">Seap<\/a>) e a Secretaria Nacional de Pol\u00edticas Penais (Senappen), deflagrou na sexta-feira, dia 4, a 8\u00aa fase da \u2018Opera\u00e7\u00e3o Mute\u2019. A a\u00e7\u00e3o acontece no M\u00f3dulo I da Penitenci\u00e1ria Lemos de Brito, em Salvador, e as buscas alcan\u00e7am todo o m\u00f3dulo, com a revista das celas e dos custodiados. O objetivo principal \u00e9 a retirada de celulares que est\u00e3o em posse dos detentos.<\/p>\n<figure class=\"wp-block-image size-large\"><img fetchpriority=\"high\" data-dominant-color=\"4d4c48\" data-has-transparency=\"false\" style=\"--dominant-color: #4d4c48;\" fetchpriority=\"high\" decoding=\"async\" width=\"1135\" height=\"768\" sizes=\"(max-width: 1135px) 100vw, 1135px\" src=\"http:\/\/noticiasbahia360.com.br\/wp-content\/uploads\/2025\/07\/Policia-penal-1135x768-1.webp\" alt=\"Penitenci\u00e1ria Lemos de Brito\" class=\"wp-image-571656 not-transparent\" srcset=\"https:\/\/uploads.acordacidade.com.br\/2025\/07\/Policia-penal--539x365.webp 539w, http:\/\/noticiasbahia360.com.br\/wp-content\/uploads\/2025\/07\/Policia-penal-1135x768-1.webp 1135w, https:\/\/uploads.acordacidade.com.br\/2025\/07\/Policia-penal--817x553.webp 817w, https:\/\/uploads.acordacidade.com.br\/2025\/07\/Policia-penal--150x102.webp 150w, https:\/\/uploads.acordacidade.com.br\/2025\/07\/Policia-penal-.webp 1200w\"><figcaption class=\"wp-element-caption\">Foto: Divulga\u00e7\u00e3o<\/figcaption><\/figure>\n<p>At\u00e9 o momento, foram apreendidos na penitenci\u00e1ria celulares, fones, cabos USB, bases de carregador de celular, chaves de fenda, facas, al\u00e9m de dinheiro em esp\u00e9cie. A opera\u00e7\u00e3o conta com a atua\u00e7\u00e3o de 45 policiais, incluindo equipes dos Grupos de Atua\u00e7\u00e3o Especial de Combate \u00e0s Organiza\u00e7\u00f5es Criminosas e Investiga\u00e7\u00f5es Criminais (Gaeco) e de Atua\u00e7\u00e3o Especial de Execu\u00e7\u00e3o Penal (Gaep) do MPBA, da Pol\u00edcia Penal Federal, da Coordena\u00e7\u00e3o de Monitoramento e Avalia\u00e7\u00e3o do Sistema Prisional (CMASP), que integra o Grupo de Seguran\u00e7a Institucional (GSI) da Seap, e do policiamento penal ordin\u00e1rio, sob a coordena\u00e7\u00e3o da Superintend\u00eancia de Gest\u00e3o Prisional (SGP), por meio da Diretoria de Seguran\u00e7a Prisional (DSP).<\/p>\n<figure class=\"wp-block-image size-full\"><img data-dominant-color=\"626769\" data-has-transparency=\"false\" style=\"--dominant-color: #626769;\" decoding=\"async\" width=\"1200\" height=\"675\" sizes=\"(max-width: 1200px) 100vw, 1200px\" src=\"http:\/\/noticiasbahia360.com.br\/wp-content\/uploads\/2025\/07\/Policia-penal.webp\" alt=\"Pol\u00edcia penal na Penitenci\u00e1ria Lemos de Brito\" class=\"wp-image-571658 not-transparent\" srcset=\"https:\/\/uploads.acordacidade.com.br\/2025\/07\/Policia-penal-648x365.webp 648w, https:\/\/uploads.acordacidade.com.br\/2025\/07\/Policia-penal-150x84.webp 150w, http:\/\/noticiasbahia360.com.br\/wp-content\/uploads\/2025\/07\/Policia-penal.webp 1200w\"><figcaption class=\"wp-element-caption\">Foto: Divulga\u00e7\u00e3o<\/figcaption><\/figure>\n<p>O objetivo das revistas \u00e9 impedir a perman\u00eancia de materiais il\u00edcitos e eletr\u00f4nicos na unidade, eliminando qualquer possibilidade de comunica\u00e7\u00e3o e articula\u00e7\u00e3o dos internos com criminosos do lado de fora. A retirada desses itens tamb\u00e9m visa garantir a ordem e disciplina no sistema prisional, buscando enfraquecer a atua\u00e7\u00e3o de organiza\u00e7\u00f5es criminosas e, consequentemente, os \u00edndices de viol\u00eancia no Estado da Bahia.<\/p>\n<p><em>Siga o Acorda Cidade no<\/em><a href=\"https:\/\/news.google.com\/search?q=acorda%20cidade&amp;hl=pt-BR&amp;gl=BR&amp;ceid=BR%3Apt-419\"><strong><em>\u00a0Google Not\u00edcias<\/em><\/strong><\/a><em>\u00a0e receba os principais destaques do dia. Participe tamb\u00e9m dos nossos canais no\u00a0<\/em><a href=\"https:\/\/www.whatsapp.com\/channel\/0029Va6Rb4v3WHTNnsh8WI3N\"><strong><em>WhatsApp<\/em><\/strong><\/a><em>\u00a0e\u00a0<\/em><a href=\"https:\/\/www.youtube.com\/@acordacidadenoticias\/videos\"><strong>Youtube<\/strong><\/a><em>\u00a0e grupo de\u00a0<\/em><a href=\"https:\/\/t.me\/+sSz0khrgARA0ZmRh\"><strong><em>Telegram<\/em><\/strong><\/a><\/p>\n<\/div>\n","protected":false},"excerpt":{"rendered":"<div>\n<div>\n<figure><img decoding=\"async\" src=\"https:\/\/uploads.acordacidade.com.br\/2025\/07\/Policia-penal-Gaeco.webp\" alt=\"Penitenci\u00e1ria Lemos de Brito\"><figcaption>Foto: Divulga\u00e7\u00e3o<\/figcaption><\/figure>\n<\/div>\n<p>Foram apreendidos na penitenci\u00e1ria celulares, fones, cabos USB, bases de carregador de celular, chaves de fenda, entre outros equipamentos.<\/p><\/div>\n","protected":false},"author":1,"featured_media":92174,"comment_status":"closed","ping_status":"closed","sticky":false,"template":"","format":"gallery","meta":{"footnotes":""},"categories":[8,9,6,57,56,10],"tags":[],"class_list":["post-92173","post","type-post","status-publish","format-gallery","has-post-thumbnail","hentry","category-bahia","category-brasil","category-feira-de-santana","category-mundo","category-policia","category-politica","post_format-post-format-gallery"],"featured_image_urls":{"full":["https:\/\/noticiasbahia360.com.br\/wp-content\/uploads\/2025\/07\/Policia-penal-Gaeco.webp",1200,876,false],"thumbnail":["https:\/\/noticiasbahia360.com.br\/wp-content\/uploads\/2025\/07\/Policia-penal-Gaeco-150x150.webp",150,150,true],"medium":["https:\/\/noticiasbahia360.com.br\/wp-content\/uploads\/2025\/07\/Policia-penal-Gaeco-300x219.webp",300,219,true],"medium_large":["https:\/\/noticiasbahia360.com.br\/wp-content\/uploads\/2025\/07\/Policia-penal-Gaeco-768x561.webp",640,468,true],"large":["https:\/\/noticiasbahia360.com.br\/wp-content\/uploads\/2025\/07\/Policia-penal-Gaeco-1024x748.webp",640,468,true],"1536x1536":["https:\/\/noticiasbahia360.com.br\/wp-content\/uploads\/2025\/07\/Policia-penal-Gaeco.webp",1200,876,false],"2048x2048":["https:\/\/noticiasbahia360.com.br\/wp-content\/uploads\/2025\/07\/Policia-penal-Gaeco.webp",1200,876,false],"chromenews-featured":["https:\/\/noticiasbahia360.com.br\/wp-content\/uploads\/2025\/07\/Policia-penal-Gaeco-1024x748.webp",1024,748,true],"chromenews-large":["https:\/\/noticiasbahia360.com.br\/wp-content\/uploads\/2025\/07\/Policia-penal-Gaeco-825x575.webp",825,575,true],"chromenews-medium":["https:\/\/noticiasbahia360.com.br\/wp-content\/uploads\/2025\/07\/Policia-penal-Gaeco-590x410.webp",590,410,true]},"author_info":{"display_name":"noticiasbahia360.com.br","author_link":"https:\/\/noticiasbahia360.com.br\/?author=1"},"category_info":"<a href=\"https:\/\/noticiasbahia360.com.br\/?cat=8\" rel=\"category\">Bahia<\/a> <a href=\"https:\/\/noticiasbahia360.com.br\/?cat=9\" rel=\"category\">Brasil<\/a> <a href=\"https:\/\/noticiasbahia360.com.br\/?cat=6\" rel=\"category\">Feira de Santana<\/a> <a href=\"https:\/\/noticiasbahia360.com.br\/?cat=57\" rel=\"category\">Mundo<\/a> <a href=\"https:\/\/noticiasbahia360.com.br\/?cat=56\" rel=\"category\">Pol\u00edcia<\/a> <a href=\"https:\/\/noticiasbahia360.com.br\/?cat=10\" rel=\"category\">Pol\u00edtica<\/a>","tag_info":"Pol\u00edtica","comment_count":"0","_links":{"self":[{"href":"https:\/\/noticiasbahia360.com.br\/index.php?rest_route=\/wp\/v2\/posts\/92173","targetHints":{"allow":["GET"]}}],"collection":[{"href":"https:\/\/noticiasbahia360.com.br\/index.php?rest_route=\/wp\/v2\/posts"}],"about":[{"href":"https:\/\/noticiasbahia360.com.br\/index.php?rest_route=\/wp\/v2\/types\/post"}],"author":[{"embeddable":true,"href":"https:\/\/noticiasbahia360.com.br\/index.php?rest_route=\/wp\/v2\/users\/1"}],"replies":[{"embeddable":true,"href":"https:\/\/noticiasbahia360.com.br\/index.php?rest_route=%2Fwp%2Fv2%2Fcomments&post=92173"}],"version-history":[{"count":0,"href":"https:\/\/noticiasbahia360.com.br\/index.php?rest_route=\/wp\/v2\/posts\/92173\/revisions"}],"wp:featuredmedia":[{"embeddable":true,"href":"https:\/\/noticiasbahia360.com.br\/index.php?rest_route=\/wp\/v2\/media\/92174"}],"wp:attachment":[{"href":"https:\/\/noticiasbahia360.com.br\/index.php?rest_route=%2Fwp%2Fv2%2Fmedia&parent=92173"}],"wp:term":[{"taxonomy":"category","embeddable":true,"href":"https:\/\/noticiasbahia360.com.br\/index.php?rest_route=%2Fwp%2Fv2%2Fcategories&post=92173"},{"taxonomy":"post_tag","embeddable":true,"href":"https:\/\/noticiasbahia360.com.br\/index.php?rest_route=%2Fwp%2Fv2%2Ftags&post=92173"}],"curies":[{"name":"wp","href":"https:\/\/api.w.org\/{rel}","templated":true}]}}