{"id":92179,"date":"2025-07-05T06:40:06","date_gmt":"2025-07-05T09:40:06","guid":{"rendered":"https:\/\/noticiasbahia360.com.br\/?p=92179"},"modified":"2025-07-05T06:40:06","modified_gmt":"2025-07-05T09:40:06","slug":"sem-atenuantes-crimes-sexuais-contra-mulheres-terao-punicao-mais-rigorosa-no-brasil","status":"publish","type":"post","link":"https:\/\/noticiasbahia360.com.br\/?p=92179","title":{"rendered":"Sem atenuantes: crimes sexuais contra mulheres ter\u00e3o puni\u00e7\u00e3o mais rigorosa no Brasil"},"content":{"rendered":"<div>\n<div>\n<figure><img decoding=\"async\" src=\"http:\/\/noticiasbahia360.com.br\/wp-content\/uploads\/2025\/07\/violencia-contra-mulher.jpg\" alt=\"Mulheres v\u00edtimas de viol\u00eancia podem ter reconstru\u00e7\u00e3o dent\u00e1ria pelo SUS\"><figcaption>Foto: Jo\u00e9dson Alves\/Ag\u00eancia Brasil<\/figcaption><\/figure>\n<\/div>\n<p>Ag\u00eancia Brasil \u2013 Entrou em vigor na sexta-feira (4) a lei que modifica o C\u00f3digo Penal Brasileiro para acabar com atenuantes e reduzir o prazo prescricional para crimes que envolvam <a href=\"https:\/\/www.acordacidade.com.br\/tag\/violencia-sexual\/\">viol\u00eancia sexual <\/a>contra a mulher. A san\u00e7\u00e3o do texto, publicada no\u00a0<em>Di\u00e1rio Oficial da Uni\u00e3o (DOU)<\/em>, foi assinada pelo presidente em exerc\u00edcio, Geraldo Alckmin.\u00a0<img decoding=\"async\" src=\"https:\/\/agenciabrasil.ebc.com.br\/ebc.png?id=1649502&amp;o=node\"><img decoding=\"async\" src=\"https:\/\/agenciabrasil.ebc.com.br\/ebc.gif?id=1649502&amp;o=node\"><\/p>\n<p><strong>As atenuantes eram aplicadas quando o autor do crime tinha menos de 21 anos de idade ou mais de 70 anos.<\/strong>\u00a0Al\u00e9m disso, para pessoas nessas idades, o prazo de prescri\u00e7\u00e3o do delito, que \u00e9 quando o crime n\u00e3o pode mais ser punido, era reduzido \u00e0 metade.<\/p>\n<p>Os atenuantes e a redu\u00e7\u00e3o do prazo prescricional seguem valendo para autores de outros tipos de crime com menos de 21 anos e mais de 70 anos.\u00a0<\/p>\n<p><strong>O texto foi aprovado pelo Congresso Nacional, em tramita\u00e7\u00e3o definitiva, no dia 10 de junho.<\/strong>\u00a0\u00a0<\/p>\n<p>De acordo com o Anu\u00e1rio Brasileiro de Seguran\u00e7a P\u00fablica de 2024, o\u00a0Brasil registrou um estupro a cada 6 minutos em 2023. As an\u00e1lises trazidas na publica\u00e7\u00e3o, produzida pelo F\u00f3rum Brasileiro de Seguran\u00e7a P\u00fablica, indicam que a grande maioria das v\u00edtimas dessa viol\u00eancia s\u00e3o meninas e mulheres, que constituem o percentual de 88,2% do n\u00famero total de casos.<\/p>\n<p><em>Siga o Acorda Cidade no<\/em><a href=\"https:\/\/news.google.com\/search?q=acorda%20cidade&amp;hl=pt-BR&amp;gl=BR&amp;ceid=BR%3Apt-419\"><strong><em>\u00a0Google Not\u00edcias<\/em><\/strong><\/a><em>\u00a0e receba os principais destaques do dia. Participe tamb\u00e9m dos nossos canais no\u00a0<\/em><a href=\"https:\/\/www.whatsapp.com\/channel\/0029Va6Rb4v3WHTNnsh8WI3N\"><strong><em>WhatsApp<\/em><\/strong><\/a><em>\u00a0e\u00a0<\/em><a href=\"https:\/\/www.youtube.com\/@acordacidadenoticias\/videos\"><strong>Youtube<\/strong><\/a><em>\u00a0e grupo de\u00a0<\/em><a href=\"https:\/\/t.me\/+sSz0khrgARA0ZmRh\"><strong><em>Telegram<\/em><\/strong><\/a><\/p>\n<\/div>\n","protected":false},"excerpt":{"rendered":"<div>\n<div>\n<figure><img decoding=\"async\" src=\"https:\/\/uploads.acordacidade.com.br\/2025\/04\/violencia-contra-mulher.jpg\" alt=\"Mulheres v\u00edtimas de viol\u00eancia podem ter reconstru\u00e7\u00e3o dent\u00e1ria pelo SUS\"><figcaption>Foto: Jo\u00e9dson Alves\/Ag\u00eancia Brasil<\/figcaption><\/figure>\n<\/div>\n<p>As atenuantes eram aplicadas quando o autor do crime tinha menos de 21 anos de idade ou mais de 70 anos. Saiba mais.<\/p><\/div>\n","protected":false},"author":1,"featured_media":92180,"comment_status":"closed","ping_status":"closed","sticky":false,"template":"","format":"gallery","meta":{"footnotes":""},"categories":[8,9,6,57,56,10],"tags":[],"class_list":["post-92179","post","type-post","status-publish","format-gallery","has-post-thumbnail","hentry","category-bahia","category-brasil","category-feira-de-santana","category-mundo","category-policia","category-politica","post_format-post-format-gallery"],"featured_image_urls":{"full":["https:\/\/noticiasbahia360.com.br\/wp-content\/uploads\/2025\/07\/violencia-contra-mulher.jpg",1170,700,false],"thumbnail":["https:\/\/noticiasbahia360.com.br\/wp-content\/uploads\/2025\/07\/violencia-contra-mulher-150x150.jpg",150,150,true],"medium":["https:\/\/noticiasbahia360.com.br\/wp-content\/uploads\/2025\/07\/violencia-contra-mulher-300x179.jpg",300,179,true],"medium_large":["https:\/\/noticiasbahia360.com.br\/wp-content\/uploads\/2025\/07\/violencia-contra-mulher-768x459.jpg",640,383,true],"large":["https:\/\/noticiasbahia360.com.br\/wp-content\/uploads\/2025\/07\/violencia-contra-mulher-1024x613.jpg",640,383,true],"1536x1536":["https:\/\/noticiasbahia360.com.br\/wp-content\/uploads\/2025\/07\/violencia-contra-mulher.jpg",1170,700,false],"2048x2048":["https:\/\/noticiasbahia360.com.br\/wp-content\/uploads\/2025\/07\/violencia-contra-mulher.jpg",1170,700,false],"chromenews-featured":["https:\/\/noticiasbahia360.com.br\/wp-content\/uploads\/2025\/07\/violencia-contra-mulher-1024x613.jpg",1024,613,true],"chromenews-large":["https:\/\/noticiasbahia360.com.br\/wp-content\/uploads\/2025\/07\/violencia-contra-mulher-825x575.jpg",825,575,true],"chromenews-medium":["https:\/\/noticiasbahia360.com.br\/wp-content\/uploads\/2025\/07\/violencia-contra-mulher-590x410.jpg",590,410,true]},"author_info":{"display_name":"noticiasbahia360.com.br","author_link":"https:\/\/noticiasbahia360.com.br\/?author=1"},"category_info":"<a href=\"https:\/\/noticiasbahia360.com.br\/?cat=8\" rel=\"category\">Bahia<\/a> <a href=\"https:\/\/noticiasbahia360.com.br\/?cat=9\" rel=\"category\">Brasil<\/a> <a href=\"https:\/\/noticiasbahia360.com.br\/?cat=6\" rel=\"category\">Feira de Santana<\/a> <a href=\"https:\/\/noticiasbahia360.com.br\/?cat=57\" rel=\"category\">Mundo<\/a> <a href=\"https:\/\/noticiasbahia360.com.br\/?cat=56\" rel=\"category\">Pol\u00edcia<\/a> <a href=\"https:\/\/noticiasbahia360.com.br\/?cat=10\" rel=\"category\">Pol\u00edtica<\/a>","tag_info":"Pol\u00edtica","comment_count":"0","_links":{"self":[{"href":"https:\/\/noticiasbahia360.com.br\/index.php?rest_route=\/wp\/v2\/posts\/92179","targetHints":{"allow":["GET"]}}],"collection":[{"href":"https:\/\/noticiasbahia360.com.br\/index.php?rest_route=\/wp\/v2\/posts"}],"about":[{"href":"https:\/\/noticiasbahia360.com.br\/index.php?rest_route=\/wp\/v2\/types\/post"}],"author":[{"embeddable":true,"href":"https:\/\/noticiasbahia360.com.br\/index.php?rest_route=\/wp\/v2\/users\/1"}],"replies":[{"embeddable":true,"href":"https:\/\/noticiasbahia360.com.br\/index.php?rest_route=%2Fwp%2Fv2%2Fcomments&post=92179"}],"version-history":[{"count":0,"href":"https:\/\/noticiasbahia360.com.br\/index.php?rest_route=\/wp\/v2\/posts\/92179\/revisions"}],"wp:featuredmedia":[{"embeddable":true,"href":"https:\/\/noticiasbahia360.com.br\/index.php?rest_route=\/wp\/v2\/media\/92180"}],"wp:attachment":[{"href":"https:\/\/noticiasbahia360.com.br\/index.php?rest_route=%2Fwp%2Fv2%2Fmedia&parent=92179"}],"wp:term":[{"taxonomy":"category","embeddable":true,"href":"https:\/\/noticiasbahia360.com.br\/index.php?rest_route=%2Fwp%2Fv2%2Fcategories&post=92179"},{"taxonomy":"post_tag","embeddable":true,"href":"https:\/\/noticiasbahia360.com.br\/index.php?rest_route=%2Fwp%2Fv2%2Ftags&post=92179"}],"curies":[{"name":"wp","href":"https:\/\/api.w.org\/{rel}","templated":true}]}}